{"id":8398,"date":"2018-03-02T19:39:50","date_gmt":"2018-03-02T19:39:50","guid":{"rendered":"http:\/\/archiv.szolnoktv.hu\/?p=8398"},"modified":"2021-08-13T19:10:59","modified_gmt":"2021-08-13T19:10:59","slug":"valasztasi-bizottsag-ujabb-jelolt","status":"publish","type":"post","link":"http:\/\/archiv.szolnoktv.hu\/?p=8398","title":{"rendered":"V\u00e1laszt\u00e1si bizotts\u00e1g \u00fajabb jel\u00f6lt"},"content":{"rendered":"<div class='booster-block booster-read-block'><\/div><p>M\u00e1r 8-an vannak azon a list\u00e1n, melyre J\u00e1sz-Nagykun-Szolnok Megye egyes sz\u00e1m\u00fa v\u00e1laszt\u00f3ker\u00fclet\u00e9nek orsz\u00e1ggy\u0171l\u00e9si k\u00e9pvisel\u0151jel\u00f6ltjei ker\u00fclnek. A bizotts\u00e1g ma 520 \u00e9rv\u00e9nyes aj\u00e1nl\u00e1ssal a J\u00f3 \u00dat Magyar Polg\u00e1ri P\u00e1rt jel\u00f6ltj\u00e9t, Farkas Oliv\u00e9rt vette nyilv\u00e1ntart\u00e1sba. A jogszab\u00e1ly szerint 500 darab \u00e9rv\u00e9nyes aj\u00e1nl\u00e1s sz\u00fcks\u00e9ges, ahhoz, hogy valakit nyilv\u00e1ntart\u00e1sban vegyenek egy adott v\u00e1laszt\u00f3ker\u00fcletben. Az aj\u00e1nl\u00e1sokat minden esetben a helyi v\u00e1laszt\u00e1si iroda ellen\u0151rzi, amire legfeljebb 3 nap \u00e1ll rendelkez\u00e9sre. Ha a bizotts\u00e1g mindent rendben tal\u00e1l, hivatalosan is megt\u00f6rt\u00e9nik a jel\u00f6lt\u00e9 nyilv\u00e1n\u00edt\u00e1s. Aj\u00e1nl\u00e1sokat m\u00e1rcius 5-\u00e9n h\u00e9tf\u0151n 16 \u00f3r\u00e1ig lehet gy\u0171jteni.<\/p>\n<div style=\"width: 640px;\" class=\"wp-video\"><!--[if lt IE 9]><script>document.createElement('video');<\/script><![endif]-->\n<video class=\"wp-video-shortcode\" id=\"video-8398-1\" width=\"640\" height=\"360\" preload=\"metadata\" controls=\"controls\"><source type=\"video\/mp4\" src=\"\/spots\/hir\/hir_180302_07.mp4?_=1\" \/><a href=\"\/spots\/hir\/hir_180302_07.mp4\">\/spots\/hir\/hir_180302_07.mp4<\/a><\/video><\/div>\n","protected":false},"excerpt":{"rendered":"<p>M\u00e1r 8-an vannak azon a list\u00e1n, melyre J\u00e1sz-Nagykun-Szolnok Megye egyes sz\u00e1m\u00fa v\u00e1laszt\u00f3ker\u00fclet\u00e9nek orsz\u00e1ggy\u0171l\u00e9si k\u00e9pvisel\u0151jel\u00f6ltjei ker\u00fclnek. A bizotts\u00e1g ma 520 \u00e9rv\u00e9nyes aj\u00e1nl\u00e1ssal a J\u00f3 \u00dat Magyar Polg\u00e1ri P\u00e1rt jel\u00f6ltj\u00e9t, Farkas Oliv\u00e9rt vette nyilv\u00e1ntart\u00e1sba. A jogszab\u00e1ly szerint 500 darab \u00e9rv\u00e9nyes aj\u00e1nl\u00e1s sz\u00fcks\u00e9ges, ahhoz, hogy valakit nyilv\u00e1ntart\u00e1sban vegyenek egy adott v\u00e1laszt\u00f3ker\u00fcletben. Az aj\u00e1nl\u00e1sokat minden esetben a helyi v\u00e1laszt\u00e1si [&hellip;]<\/p>\n","protected":false},"author":2,"featured_media":0,"comment_status":"closed","ping_status":"closed","sticky":false,"template":"","format":"standard","meta":[],"categories":[9],"tags":[],"_links":{"self":[{"href":"http:\/\/archiv.szolnoktv.hu\/index.php?rest_route=\/wp\/v2\/posts\/8398"}],"collection":[{"href":"http:\/\/archiv.szolnoktv.hu\/index.php?rest_route=\/wp\/v2\/posts"}],"about":[{"href":"http:\/\/archiv.szolnoktv.hu\/index.php?rest_route=\/wp\/v2\/types\/post"}],"author":[{"embeddable":true,"href":"http:\/\/archiv.szolnoktv.hu\/index.php?rest_route=\/wp\/v2\/users\/2"}],"replies":[{"embeddable":true,"href":"http:\/\/archiv.szolnoktv.hu\/index.php?rest_route=%2Fwp%2Fv2%2Fcomments&post=8398"}],"version-history":[{"count":1,"href":"http:\/\/archiv.szolnoktv.hu\/index.php?rest_route=\/wp\/v2\/posts\/8398\/revisions"}],"predecessor-version":[{"id":8435,"href":"http:\/\/archiv.szolnoktv.hu\/index.php?rest_route=\/wp\/v2\/posts\/8398\/revisions\/8435"}],"wp:attachment":[{"href":"http:\/\/archiv.szolnoktv.hu\/index.php?rest_route=%2Fwp%2Fv2%2Fmedia&parent=8398"}],"wp:term":[{"taxonomy":"category","embeddable":true,"href":"http:\/\/archiv.szolnoktv.hu\/index.php?rest_route=%2Fwp%2Fv2%2Fcategories&post=8398"},{"taxonomy":"post_tag","embeddable":true,"href":"http:\/\/archiv.szolnoktv.hu\/index.php?rest_route=%2Fwp%2Fv2%2Ftags&post=8398"}],"curies":[{"name":"wp","href":"https:\/\/api.w.org\/{rel}","templated":true}]}}