{"id":8397,"date":"2018-03-02T19:03:22","date_gmt":"2018-03-02T19:03:22","guid":{"rendered":"http:\/\/archiv.szolnoktv.hu\/?p=8397"},"modified":"2021-08-13T19:10:59","modified_gmt":"2021-08-13T19:10:59","slug":"500-uj-munkahely-jaszfenyszarun","status":"publish","type":"post","link":"http:\/\/archiv.szolnoktv.hu\/?p=8397","title":{"rendered":"500 \u00faj munkahely J\u00e1szf\u00e9nyszarun"},"content":{"rendered":"<div class='booster-block booster-read-block'><\/div><p>\u00daj aut\u00f3ipari gy\u00e1rat nyitott J\u00e1szf\u00e9nyszarun a thyssenkrupp. Az gy\u00e1rban fut\u00f3m\u0171- \u00e9s meghajt\u00e1s-alkatr\u00e9szek mellett elektromechanikus korm\u00e1nyrendszerek \u00e9s hengerfejbe integr\u00e1lt vez\u00e9rm\u0171tengelyek k\u00e9sz\u00fclnek els\u0151sorban n\u00e9met \u00e9s nemzetk\u00f6zi aut\u00f3gy\u00e1raknak. A thyssenkrupp t\u00f6bb mint 30 milli\u00e1rd forintb\u00f3l \u00e9p\u00edtette meg az \u00faj gy\u00e1rkomplexumot, ebb\u0151l 10 milli\u00e1rd forint hazai, Korm\u00e1nyzati forr\u00e1s volt. A k\u00f6vetkez\u0151 h\u00f3napokban a k\u00f6zel 500 \u00faj munkahely j\u00f6n l\u00e9tre a telephelyen. <\/p>\n<p>12 orsz\u00e1g 60 helysz\u00edne k\u00f6z\u00fcl v\u00e1lasztotta a n\u00e9met c\u00e9g J\u00e1szf\u00e9nyszarut gy\u00e1rt\u00f3kapacit\u00e1s\u00e1nak b\u0151v\u00edt\u00e9s\u00e9re.  &#8211;   mondta a thyssenkrupp Component Technology \u00fczlet\u00e1g\u00e1nak vez\u00e9rigazgat\u00f3ja. Karsten Kroos \u00fagy fogalmazott: A d\u00f6nt\u00e9sben jelent\u0151s szerepe volt a magyar korm\u00e1ny iparpolitik\u00e1j\u00e1nak \u00e9s v\u00e1llalkoz\u00e1sokat t\u00e1mogat\u00f3 strat\u00e9gi\u00e1j\u00e1nak, illetve annak, hogy Magyarorsz\u00e1g m\u00e1ra az aut\u00f3ipari fejleszt\u00e9sek egyik vezet\u0151 orsz\u00e1g\u00e1nak sz\u00e1m\u00edt az Eur\u00f3pai Uni\u00f3ban.<\/p>\n<p>-Az elm\u00falt \u00e9vekben Magyarorsz\u00e1g az eur\u00f3pai aut\u00f3ipar egyik fontos szerepl\u0151j\u00e9v\u00e9 v\u00e1lt. A tavalyi \u00e9vben k\u00f6zel 480\u00a0000 aut\u00f3 g\u00f6rd\u00fclt le itt a szalagokr\u00f3l. Megrendel\u0151ink \u00faj beruh\u00e1z\u00e1saik sor\u00e1n tov\u00e1bbi gy\u00e1rakat \u00e9p\u00edtenek, \u00e9s mi is folytatjuk n\u00f6veked\u00e9s\u00fcnket Magyarorsz\u00e1gon. A high-tech term\u00e9kekre fektetj\u00fck a hangs\u00falyt, p\u00e9ld\u00e1ul elektromechanikus korm\u00e1nyrendszerekre, valamint a nagy hat\u00e9konys\u00e1g\u00fa bels\u0151\u00e9g\u00e9s\u0171- \u00e9s e-motorok alkatr\u00e9szeire.&#8221;- mondta Karsten Kroos, a thyssenkrupp Component Technology \u00fczlet\u00e1g\u00e1nak vez\u00e9rigazgat\u00f3ja<\/p>\n<p>A beruh\u00e1z\u00e1s 33,5 milli\u00e1rd forintb\u00f3l val\u00f3sult meg, amelyb\u0151l t\u00f6bb mint 10,5 milli\u00e1rd forint korm\u00e1nyzati t\u00e1mogat\u00e1s volt. A tervek szerint a fejleszt\u00e9ssel 2019-ig 500 \u00faj munkahely j\u00f6n l\u00e9tre a telep\u00fcl\u00e9sen. A thyssenkrupp Eur\u00f3p\u00e1ban el\u0151sz\u00f6r J\u00e1szf\u00e9nyszarun von \u00f6ssze k\u00e9t k\u00fcl\u00f6nb\u00f6z\u0151 term\u00e9ktechnol\u00f3gi\u00e1t egy telephelyen, ezzel jelent\u0151s el\u0151nyh\u00f6z jutva a m\u0171k\u00f6d\u00e9s \u00e9s a k\u00f6lts\u00e9ghat\u00e9konys\u00e1g ter\u00fclet\u00e9n A most meg\u00e9p\u00edtett gy\u00e1rt\u00f3csarnokokban els\u0151sorban magas min\u0151s\u00e9g\u0171 aut\u00f3alkatr\u00e9szeket gy\u00e1rtanak majd.<\/p>\n<p>-Magyarorsz\u00e1g ma azon az \u00faton j\u00e1r, amely Eur\u00f3pa legversenyk\u00e9pesebb orsz\u00e1gai k\u00f6z\u00e9 vezet.&#8221;<\/p>\n<p>A gy\u00e1ravat\u00f3n Orb\u00e1n Viktor kiemelte: a mostani beruh\u00e1z\u00e1ssal tov\u00e1bb er\u0151s\u00f6dik a magyar gazdas\u00e1g, illetve az orsz\u00e1g versenyk\u00e9pess\u00e9ge. A minisztereln\u00f6k emellett arra is r\u00e1mutatott, hogy nem el\u00e9g Eur\u00f3pa \u00e9lvonal\u00e1ba ker\u00fclni, ott is kell tudni maradni. Ehhez megfelel\u0151 munkamor\u00e1lra, fegyelemre \u00e9s precizit\u00e1sra is sz\u00fcks\u00e9g van.  &#8211;   tette hozz\u00e1. A j\u00f3l teljes\u00edt\u0151 gazdas\u00e1ghoz a j\u00f3 \u00e9s versenyk\u00e9pes \u00f6tletek rendszer\u00e9re van sz\u00fcks\u00e9g  &#8211;   ezt h\u00edvj\u00e1k magyar modellnek, amely h\u00e1rom pill\u00e9re \u00e9p\u00fcl. Az els\u0151 a teljes foglalkoztatotts\u00e1g, a m\u00e1sodik pedig az, hogy Magyarorsz\u00e1g nem akarja bev\u00e1ndorl\u00e1ssal, vagy migr\u00e1nsokkal megoldani a munkaer\u0151hi\u00e1nyt, vagy a demogr\u00e1fiai probl\u00e9m\u00e1kat. Harmadikk\u00e9nt a versenyk\u00e9pes k\u00f6rnyezetet, a rugalmas munkaer\u0151piaci szab\u00e1lyoz\u00e1st \u00e9s a vonz\u00f3 ad\u00f3rendszert nevezte meg a minisztereln\u00f6k.<\/p>\n<p>-Egy versenyk\u00e9pes orsz\u00e1ghoz t\u0151keer\u0151s nagyv\u00e1llalatok, hozz\u00e1juk szervesen kapcsol\u00f3d\u00f3 kis \u00e9s k\u00f6zepes v\u00e1llalkoz\u00e1sok,\u00e9s kiv\u00e1l\u00f3an k\u00e9pzett munkaer\u0151 kell. Kellenek er\u0151s nagyv\u00e1rosok, \u00e9s vel\u00fck egy\u00fctt er\u0151s\u00f6d\u0151 vid\u00e9k is.&#8221;  &#8211;   hangs\u00falyozta a korm\u00e1nyf\u0151<\/p>\n<p>Orb\u00e1n Viktor emellett kit\u00e9rt arra, hogy Eur\u00f3pa k\u00f6vetkez\u0151 \u00e9vtizedeinek k\u00f6z\u00e9ppontj\u00e1ban a munka \u00e9s a nemzeti identit\u00e1s meg\u0151rz\u00e9se \u00e1ll majd.  Ez\u00e9rt  &#8211;  hangs\u00falyozta a minisztereln\u00f6k- fontos, hogy meg\u0151rizz\u00fck kult\u00far\u00e1nkat, az eddig el\u00e9rt eredm\u00e9nyeinket, nyelv\u00fcnket, valamint Magyarorsz\u00e1got magyar orsz\u00e1gnak. <\/p>\n<p>Orb\u00e1n Viktor r\u00e1mutatott: -Minden beruh\u00e1z\u00e1snak, minden itt l\u00e9trej\u00f6tt munkahelynek, minden v\u00e1rosfejleszt\u00e9snek, J\u00e1szf\u00e9nyszaru rohamos fejl\u0151d\u00e9s\u00e9nek is csak akkor van \u00e9rtelme, az csak akkor lesz tart\u00f3s, ha Magyarorsz\u00e1got meg tudjuk v\u00e9deni, \u00e9s meg tudjuk tartani olyan orsz\u00e1gnak, amilyennek mi azt szeretj\u00fck. Amennyiben elgyeng\u00fcl\u00fcnk, nem j\u00f3 d\u00f6nt\u00e9st hozunk, nem v\u00e9dj\u00fck meg Magyarorsz\u00e1got, akkor abban az esetben az \u00f6sszes fejleszt\u00e9s\u00fcnk n\u00e9h\u00e1ny \u00e9ven bel\u00fcl hi\u00e1baval\u00f3nak fog majd bizonyulni.&#8221;   <\/p>\n<p>A minisztereln\u00f6k al\u00e1h\u00fazta: Magyarorsz\u00e1g k\u00e9sz egy\u00fcttm\u0171k\u00f6dni N\u00e9metorsz\u00e1ggal, illetve az Eur\u00f3pai Uni\u00f3val, illetve seg\u00edts\u00e9get ny\u00fajtani a r\u00e1szorul\u00f3knak, de \u00e1ll\u00e1spontja szerint a seg\u00edts\u00e9get kell odavinni ahol a probl\u00e9ma van, nem pedig a probl\u00e9m\u00e1t Magyarorsz\u00e1gra hozni. Ez\u00e9rt tov\u00e1bbra is meg kell v\u00e9deni az orsz\u00e1g hat\u00e1rait \u00e9s meg kell \u0151rizni azt az \u00e1llapotot, amely haz\u00e1nkat a vil\u00e1g egyik legbiztons\u00e1gosabb orsz\u00e1g\u00e1v\u00e1 tette.  &#8211;   mondta Orb\u00e1n Viktor<\/p>\n<div style=\"width: 640px;\" class=\"wp-video\"><!--[if lt IE 9]><script>document.createElement('video');<\/script><![endif]-->\n<video class=\"wp-video-shortcode\" id=\"video-8397-1\" width=\"640\" height=\"360\" preload=\"metadata\" controls=\"controls\"><source type=\"video\/mp4\" src=\"\/spots\/hir\/hir_180302_06.mp4?_=1\" \/><a href=\"\/spots\/hir\/hir_180302_06.mp4\">\/spots\/hir\/hir_180302_06.mp4<\/a><\/video><\/div>\n","protected":false},"excerpt":{"rendered":"<p>\u00daj aut\u00f3ipari gy\u00e1rat nyitott J\u00e1szf\u00e9nyszarun a thyssenkrupp. Az gy\u00e1rban fut\u00f3m\u0171- \u00e9s meghajt\u00e1s-alkatr\u00e9szek mellett elektromechanikus korm\u00e1nyrendszerek \u00e9s hengerfejbe integr\u00e1lt vez\u00e9rm\u0171tengelyek k\u00e9sz\u00fclnek els\u0151sorban n\u00e9met \u00e9s nemzetk\u00f6zi aut\u00f3gy\u00e1raknak. A thyssenkrupp t\u00f6bb mint 30 milli\u00e1rd forintb\u00f3l \u00e9p\u00edtette meg az \u00faj gy\u00e1rkomplexumot, ebb\u0151l 10 milli\u00e1rd forint hazai, Korm\u00e1nyzati forr\u00e1s volt. A k\u00f6vetkez\u0151 h\u00f3napokban a k\u00f6zel 500 \u00faj munkahely j\u00f6n l\u00e9tre [&hellip;]<\/p>\n","protected":false},"author":2,"featured_media":0,"comment_status":"closed","ping_status":"closed","sticky":false,"template":"","format":"standard","meta":[],"categories":[9],"tags":[],"_links":{"self":[{"href":"http:\/\/archiv.szolnoktv.hu\/index.php?rest_route=\/wp\/v2\/posts\/8397"}],"collection":[{"href":"http:\/\/archiv.szolnoktv.hu\/index.php?rest_route=\/wp\/v2\/posts"}],"about":[{"href":"http:\/\/archiv.szolnoktv.hu\/index.php?rest_route=\/wp\/v2\/types\/post"}],"author":[{"embeddable":true,"href":"http:\/\/archiv.szolnoktv.hu\/index.php?rest_route=\/wp\/v2\/users\/2"}],"replies":[{"embeddable":true,"href":"http:\/\/archiv.szolnoktv.hu\/index.php?rest_route=%2Fwp%2Fv2%2Fcomments&post=8397"}],"version-history":[{"count":1,"href":"http:\/\/archiv.szolnoktv.hu\/index.php?rest_route=\/wp\/v2\/posts\/8397\/revisions"}],"predecessor-version":[{"id":8436,"href":"http:\/\/archiv.szolnoktv.hu\/index.php?rest_route=\/wp\/v2\/posts\/8397\/revisions\/8436"}],"wp:attachment":[{"href":"http:\/\/archiv.szolnoktv.hu\/index.php?rest_route=%2Fwp%2Fv2%2Fmedia&parent=8397"}],"wp:term":[{"taxonomy":"category","embeddable":true,"href":"http:\/\/archiv.szolnoktv.hu\/index.php?rest_route=%2Fwp%2Fv2%2Fcategories&post=8397"},{"taxonomy":"post_tag","embeddable":true,"href":"http:\/\/archiv.szolnoktv.hu\/index.php?rest_route=%2Fwp%2Fv2%2Ftags&post=8397"}],"curies":[{"name":"wp","href":"https:\/\/api.w.org\/{rel}","templated":true}]}}