{"id":8396,"date":"2018-03-02T19:00:01","date_gmt":"2018-03-02T19:00:01","guid":{"rendered":"http:\/\/archiv.szolnoktv.hu\/?p=8396"},"modified":"2021-08-13T19:10:59","modified_gmt":"2021-08-13T19:10:59","slug":"az-ezerarcu-agyag","status":"publish","type":"post","link":"http:\/\/archiv.szolnoktv.hu\/?p=8396","title":{"rendered":"Az ezerarc\u00fa agyag"},"content":{"rendered":"<div class='booster-block booster-read-block'><\/div><p>\u00c9getett agyagb\u00f3l k\u00e9sz\u00fclt \u00e9tk\u00e9szleteket, szilk\u00e9ket \u00e9s Miska kancs\u00f3kat is l\u00e1thatnak azok, akik a Damjanich J\u00e1nos M\u00fazeum p\u00e9ntek d\u00e9lut\u00e1n ny\u00edlt id\u0151szaki ki\u00e1ll\u00edt\u00e1s\u00e1t v\u00e1lasztj\u00e1k. Az ezerarc\u00fa agyag n\u00e9vre keresztelt t\u00e1rlat az alkot\u00f3 gy\u0171jtem\u00e9ny\u00e9nek minden darabj\u00e1t bemutatja. <\/p>\n<p>-T\u00f6bb h\u00f3napos kuktat\u00f3 munka el\u0151zi meg. Azt gondlom, hogy ez sokkal tov\u00e1bb tart, mint elk\u00e9sz\u00edteni mint mag\u00e1t a t\u00e1rgyakat. Rengeteg irodalmat \u00e1tn\u00e9zek vagy m\u00fazeumokat l\u00e1togatok meg. Csak ezut\u00e1n fogok hozz\u00e1 amikor m\u00e1r a fejemben teljesen k\u00e9szen van.&#8221;- mes\u00e9lte Nagyn\u00e9 T\u00f6r\u00f6k Zs\u00f3ka n\u00e9pi iparm\u0171v\u00e9sz.<\/p>\n<p>Az alkot\u00f3 13 \u00e9ves kor\u00e1ban d\u00f6nt\u00f6tte el, hogy fazekas lesz. A ker\u00e1mi\u00e1inak visszat\u00e9r\u0151 d\u00edsz\u00edt\u00e9si eleme a K\u00f6z\u00e9p- Tisza &#8211; vid\u00e9ki mot\u00edvum sor. A n\u00e9pi iparm\u0171v\u00e9szet az 1960-as \u00e9vek \u00f3ta kedvelt m\u0171v\u00e9szeti \u00e1g. <\/p>\n<p>-A legfontosabb dolog, ami a megy\u00e9nkre jellemz\u0151 az a ker\u00e1mia, hiszen t\u00f6bb fazekas k\u00f6zpont is volt: Mez\u0151t\u00far, Karcag, Tiszaf\u00fcred, ami \u00e9l\u0151 fazekask\u00f6zpont volt ezel\u0151tt 15-20 \u00e9vvel ezel\u0151tt is. Most is nagy r\u00e9sze m\u0171k\u00f6dik.&#8221;- mondta Dr. Nagy Moln\u00e1r Mikl\u00f3s n\u00e9prajzkutat\u00f3. <\/p>\n<p>A ker\u00e1mia id\u0151ben k\u00e9pes \u00e1talakulni, ez\u00e9rt n\u00e9pszer\u0171s\u00e9ge a XXI. sz\u00e1zadban is t\u00f6retlen.  Napjainkban a lak\u00e1skult\u00fara kedvelt eleme. Az ezerarc\u00fa agyag c\u00edm\u0171 t\u00e1rlat m\u00e1jus 13-ig v\u00e1rja a l\u00e1togat\u00f3kat a Damjanich J\u00e1nos M\u00fazeumban. <\/p>\n<div style=\"width: 640px;\" class=\"wp-video\"><!--[if lt IE 9]><script>document.createElement('video');<\/script><![endif]-->\n<video class=\"wp-video-shortcode\" id=\"video-8396-1\" width=\"640\" height=\"360\" preload=\"metadata\" controls=\"controls\"><source type=\"video\/mp4\" src=\"\/spots\/hir\/hir_180302_05.mp4?_=1\" \/><a href=\"\/spots\/hir\/hir_180302_05.mp4\">\/spots\/hir\/hir_180302_05.mp4<\/a><\/video><\/div>\n","protected":false},"excerpt":{"rendered":"<p>\u00c9getett agyagb\u00f3l k\u00e9sz\u00fclt \u00e9tk\u00e9szleteket, szilk\u00e9ket \u00e9s Miska kancs\u00f3kat is l\u00e1thatnak azok, akik a Damjanich J\u00e1nos M\u00fazeum p\u00e9ntek d\u00e9lut\u00e1n ny\u00edlt id\u0151szaki ki\u00e1ll\u00edt\u00e1s\u00e1t v\u00e1lasztj\u00e1k. Az ezerarc\u00fa agyag n\u00e9vre keresztelt t\u00e1rlat az alkot\u00f3 gy\u0171jtem\u00e9ny\u00e9nek minden darabj\u00e1t bemutatja. -T\u00f6bb h\u00f3napos kuktat\u00f3 munka el\u0151zi meg. Azt gondlom, hogy ez sokkal tov\u00e1bb tart, mint elk\u00e9sz\u00edteni mint mag\u00e1t a t\u00e1rgyakat. Rengeteg irodalmat [&hellip;]<\/p>\n","protected":false},"author":2,"featured_media":0,"comment_status":"closed","ping_status":"closed","sticky":false,"template":"","format":"standard","meta":[],"categories":[9],"tags":[],"_links":{"self":[{"href":"http:\/\/archiv.szolnoktv.hu\/index.php?rest_route=\/wp\/v2\/posts\/8396"}],"collection":[{"href":"http:\/\/archiv.szolnoktv.hu\/index.php?rest_route=\/wp\/v2\/posts"}],"about":[{"href":"http:\/\/archiv.szolnoktv.hu\/index.php?rest_route=\/wp\/v2\/types\/post"}],"author":[{"embeddable":true,"href":"http:\/\/archiv.szolnoktv.hu\/index.php?rest_route=\/wp\/v2\/users\/2"}],"replies":[{"embeddable":true,"href":"http:\/\/archiv.szolnoktv.hu\/index.php?rest_route=%2Fwp%2Fv2%2Fcomments&post=8396"}],"version-history":[{"count":1,"href":"http:\/\/archiv.szolnoktv.hu\/index.php?rest_route=\/wp\/v2\/posts\/8396\/revisions"}],"predecessor-version":[{"id":8437,"href":"http:\/\/archiv.szolnoktv.hu\/index.php?rest_route=\/wp\/v2\/posts\/8396\/revisions\/8437"}],"wp:attachment":[{"href":"http:\/\/archiv.szolnoktv.hu\/index.php?rest_route=%2Fwp%2Fv2%2Fmedia&parent=8396"}],"wp:term":[{"taxonomy":"category","embeddable":true,"href":"http:\/\/archiv.szolnoktv.hu\/index.php?rest_route=%2Fwp%2Fv2%2Fcategories&post=8396"},{"taxonomy":"post_tag","embeddable":true,"href":"http:\/\/archiv.szolnoktv.hu\/index.php?rest_route=%2Fwp%2Fv2%2Ftags&post=8396"}],"curies":[{"name":"wp","href":"https:\/\/api.w.org\/{rel}","templated":true}]}}