{"id":8395,"date":"2018-03-02T18:56:44","date_gmt":"2018-03-02T18:56:44","guid":{"rendered":"http:\/\/archiv.szolnoktv.hu\/?p=8395"},"modified":"2021-08-13T19:10:59","modified_gmt":"2021-08-13T19:10:59","slug":"ovodasok-a-varoshazan","status":"publish","type":"post","link":"http:\/\/archiv.szolnoktv.hu\/?p=8395","title":{"rendered":"\u00d3vod\u00e1sok a V\u00e1rosh\u00e1z\u00e1n"},"content":{"rendered":"<div class='booster-block booster-read-block'><\/div><p>A V\u00e1rosh\u00e1z\u00e1n j\u00e1rtak a G\u00e9zeng\u00faz Tagint\u00e9zm\u00e9ny nagycsoportosai, ahol a polg\u00e1rmester fogadta \u0151ket. Ebben az \u00e9vben Szolnok megyei \u00e9rt\u00e9k t\u00e1r\u00e1t j\u00e1rj\u00e1k k\u00f6rbe a pedag\u00f3gusok a gyerekekkel. Megn\u00e9zik a v\u00e1ros k\u00f6z\u00e9p\u00fcleteit, k\u00f6zint\u00e9zm\u00e9nyeit \u00e9s nevezetess\u00e9geit is, hogy jobban megismerj\u00e9k a v\u00e1rost ahol \u00e9lnek. Voltak m\u00e1r a m\u00fazeumban, a k\u00f6nyvt\u00e1rban \u00e9s a Rept\u00e1rban is. M\u00e1r a d\u00edszterem is leny\u0171g\u00f6zte \u0151ket. <\/p>\n<p>A polg\u00e1rmester P\u00f3lya Tibor festm\u00e9ny\u00e9r\u0151l majd Szolnok c\u00edmer\u00e9r\u0151l \u00e9s z\u00e1szlaj\u00e1r\u00f3l mes\u00e9lt a gyerekeknek. S\u0151t, bevezette \u0151ket a t\u00e1rgyal\u00f3j\u00e1ba is, ahol a kicsik megcsod\u00e1lhatt\u00e1k a h\u00edres szolnoki kardot, a b\u00e1trabbak pedig m\u00e9g kez\u00fckbe is foghatt\u00e1k azt. A gyerekek tudni v\u00e9lik mit csin\u00e1l egy polg\u00e1rmester. <\/p>\n<p>Ir\u00e1ny\u00edtja a k\u00f6rfogalmat.-mondta Szab\u00f3 Lili<br \/>Megmutatta a kardot, a magyar z\u00e1szl\u00f3t.-mes\u00e9lte Liget Anna<br \/>A v\u00e1rost ir\u00e1ny\u00edtja.-mondta R\u00e1cz Marcell <\/p>\n<p>A gyerekek mindenre nagyon nyitottak \u00e9s k\u00edv\u00e1ncsiak voltak, amit a polg\u00e1rmester mutatott. A program c\u00e9lja, hogy a gyerekek min\u00e9l jobban megismerj\u00e9k \u00e9s megszeress\u00e9k sz\u00fcl\u0151v\u00e1rosukat.<\/p>\n<div style=\"width: 640px;\" class=\"wp-video\"><!--[if lt IE 9]><script>document.createElement('video');<\/script><![endif]-->\n<video class=\"wp-video-shortcode\" id=\"video-8395-1\" width=\"640\" height=\"360\" preload=\"metadata\" controls=\"controls\"><source type=\"video\/mp4\" src=\"\/spots\/hir\/hir_180302_04.mp4?_=1\" \/><a href=\"\/spots\/hir\/hir_180302_04.mp4\">\/spots\/hir\/hir_180302_04.mp4<\/a><\/video><\/div>\n","protected":false},"excerpt":{"rendered":"<p>A V\u00e1rosh\u00e1z\u00e1n j\u00e1rtak a G\u00e9zeng\u00faz Tagint\u00e9zm\u00e9ny nagycsoportosai, ahol a polg\u00e1rmester fogadta \u0151ket. Ebben az \u00e9vben Szolnok megyei \u00e9rt\u00e9k t\u00e1r\u00e1t j\u00e1rj\u00e1k k\u00f6rbe a pedag\u00f3gusok a gyerekekkel. Megn\u00e9zik a v\u00e1ros k\u00f6z\u00e9p\u00fcleteit, k\u00f6zint\u00e9zm\u00e9nyeit \u00e9s nevezetess\u00e9geit is, hogy jobban megismerj\u00e9k a v\u00e1rost ahol \u00e9lnek. Voltak m\u00e1r a m\u00fazeumban, a k\u00f6nyvt\u00e1rban \u00e9s a Rept\u00e1rban is. M\u00e1r a d\u00edszterem is leny\u0171g\u00f6zte [&hellip;]<\/p>\n","protected":false},"author":2,"featured_media":0,"comment_status":"closed","ping_status":"closed","sticky":false,"template":"","format":"standard","meta":[],"categories":[9],"tags":[],"_links":{"self":[{"href":"http:\/\/archiv.szolnoktv.hu\/index.php?rest_route=\/wp\/v2\/posts\/8395"}],"collection":[{"href":"http:\/\/archiv.szolnoktv.hu\/index.php?rest_route=\/wp\/v2\/posts"}],"about":[{"href":"http:\/\/archiv.szolnoktv.hu\/index.php?rest_route=\/wp\/v2\/types\/post"}],"author":[{"embeddable":true,"href":"http:\/\/archiv.szolnoktv.hu\/index.php?rest_route=\/wp\/v2\/users\/2"}],"replies":[{"embeddable":true,"href":"http:\/\/archiv.szolnoktv.hu\/index.php?rest_route=%2Fwp%2Fv2%2Fcomments&post=8395"}],"version-history":[{"count":1,"href":"http:\/\/archiv.szolnoktv.hu\/index.php?rest_route=\/wp\/v2\/posts\/8395\/revisions"}],"predecessor-version":[{"id":8438,"href":"http:\/\/archiv.szolnoktv.hu\/index.php?rest_route=\/wp\/v2\/posts\/8395\/revisions\/8438"}],"wp:attachment":[{"href":"http:\/\/archiv.szolnoktv.hu\/index.php?rest_route=%2Fwp%2Fv2%2Fmedia&parent=8395"}],"wp:term":[{"taxonomy":"category","embeddable":true,"href":"http:\/\/archiv.szolnoktv.hu\/index.php?rest_route=%2Fwp%2Fv2%2Fcategories&post=8395"},{"taxonomy":"post_tag","embeddable":true,"href":"http:\/\/archiv.szolnoktv.hu\/index.php?rest_route=%2Fwp%2Fv2%2Ftags&post=8395"}],"curies":[{"name":"wp","href":"https:\/\/api.w.org\/{rel}","templated":true}]}}