{"id":8394,"date":"2018-03-02T18:46:14","date_gmt":"2018-03-02T18:46:14","guid":{"rendered":"http:\/\/archiv.szolnoktv.hu\/?p=8394"},"modified":"2021-08-13T19:10:59","modified_gmt":"2021-08-13T19:10:59","slug":"elkezdodott-a-pedagogiai-szakszolgalatok-hete","status":"publish","type":"post","link":"http:\/\/archiv.szolnoktv.hu\/?p=8394","title":{"rendered":"Elkezd\u0151d\u00f6tt a Pedag\u00f3giai Szakszolg\u00e1latok Hete"},"content":{"rendered":"<div class='booster-block booster-read-block'><\/div><p>Az ELTE Pszichol\u00f3giai Int\u00e9zet\u00e9nek professzora besz\u00e9lt a pozit\u00edv pszichol\u00f3gi\u00e1r\u00f3l a Pedag\u00f3giai Szakszolg\u00e1latok Hete nyit\u00f3 konferenci\u00e1j\u00e1n a Campuson. El\u0151ad\u00e1s\u00e1b\u00f3l azt is megtudhatt\u00e1k a r\u00e9sztvev\u0151k, hogy a stressz a  ment\u00e1lis eg\u00e9szs\u00e9g leg\u00e1d\u00e1zabb ellens\u00e9ge.  Az esem\u00e9nyen a pedag\u00f3giai szakszolg\u00e1latok vezet\u0151in \u00e9s dolgoz\u00f3in k\u00edv\u00fcl pedag\u00f3gusok is r\u00e9szt vettek. A  Klebelsberg K\u00f6zpont eln\u00f6ke a konferencia kapcs\u00e1n  hangs\u00falyozta, hogy m\u00edg az el\u0151z\u0151 tan\u00e9vben az  int\u00e9zm\u00e9nyek infrastruktur\u00e1lis felt\u00e9teleit fejlesztett\u00e9k, addig id\u00e9n  a j\u00f3gyakorlatok  megoszt\u00e1s\u00e1t t\u0171zt\u00e9k ki c\u00e9lul. <\/p>\n<p>Dr. Solti P\u00e9ter eln\u00f6k, Klebelsberg K\u00f6zpont: <\/p>\n<p>-&#8220;Ett\u0151l a tan\u00e9vt\u0151l a 2017\/18-as tan\u00e9vt\u0151l elindultunk abba az ir\u00e1nyba is, hogy az int\u00e9zm\u00e9nyeknek a szakmai fejl\u0151d\u00e9s\u00e9t seg\u00edts\u00fck. Komoly tapasztalom az elm\u00falt egy \u00e9vben, hogy nagyon sok int\u00e9zm\u00e9nyben alakultak ki olyan saj\u00e1t gyakorlatok, melyeket kev\u00e9sb\u00e9 ismer a sz\u0171kebb k\u00f6rnyezet \u00e9s a t\u00e1rsadalom eg\u00e9sze .&#8221;<\/p>\n<p>Ezeket az \u00f6tleteket m\u00e1s int\u00e9zm\u00e9nnyel is \u00e9rdemes megosztani-emelte ki az eln\u00f6k. A konferencia nyit\u00e1nya egy eg\u00e9sz hetes programsorozatnak. <\/p>\n<p>Csibi Enik\u0151 f\u0151igazgat\u00f3, JNSZ Megyei Pedag\u00f3giai Szakszolg\u00e1lat<\/p>\n<p>-&#8220;\u00d6t\u00f6dik\u00e9t\u0151l, teh\u00e1t h\u00e9tf\u0151t\u0151l minden tagint\u00e9zm\u00e9ny\u00fcnkben \u00e9s tagint\u00e9zm\u00e9nyi telephely\u00fcnk\u00f6n eg\u00e9sz h\u00e9ten \u00e1t a nevel\u00e9si tan\u00e1csad\u00e1s \u00e9gisze alatt sz\u00fcl\u0151f\u00f3rumok,ny\u00edlt bemutat\u00f3, ter\u00e1pi\u00e1s foglalkoz\u00e1sok , baba-mama klubok zajlanak. &#8211;<\/p>\n<p>\u00cdgy a sz\u00fcl\u0151k, \u00e9s a pedag\u00f3gusok is  is betekint\u00e9st nyerhetnek a tan\u00e1csad\u00e1si tev\u00e9kenys\u00e9gekbe, \u00e9s a gy\u00f3gypedag\u00f3giai  munk\u00e1ba. <\/p>\n<div style=\"width: 640px;\" class=\"wp-video\"><!--[if lt IE 9]><script>document.createElement('video');<\/script><![endif]-->\n<video class=\"wp-video-shortcode\" id=\"video-8394-1\" width=\"640\" height=\"360\" preload=\"metadata\" controls=\"controls\"><source type=\"video\/mp4\" src=\"\/spots\/hir\/hir_180302_03.mp4?_=1\" \/><a href=\"\/spots\/hir\/hir_180302_03.mp4\">\/spots\/hir\/hir_180302_03.mp4<\/a><\/video><\/div>\n","protected":false},"excerpt":{"rendered":"<p>Az ELTE Pszichol\u00f3giai Int\u00e9zet\u00e9nek professzora besz\u00e9lt a pozit\u00edv pszichol\u00f3gi\u00e1r\u00f3l a Pedag\u00f3giai Szakszolg\u00e1latok Hete nyit\u00f3 konferenci\u00e1j\u00e1n a Campuson. El\u0151ad\u00e1s\u00e1b\u00f3l azt is megtudhatt\u00e1k a r\u00e9sztvev\u0151k, hogy a stressz a ment\u00e1lis eg\u00e9szs\u00e9g leg\u00e1d\u00e1zabb ellens\u00e9ge. Az esem\u00e9nyen a pedag\u00f3giai szakszolg\u00e1latok vezet\u0151in \u00e9s dolgoz\u00f3in k\u00edv\u00fcl pedag\u00f3gusok is r\u00e9szt vettek. A Klebelsberg K\u00f6zpont eln\u00f6ke a konferencia kapcs\u00e1n hangs\u00falyozta, hogy m\u00edg az [&hellip;]<\/p>\n","protected":false},"author":2,"featured_media":0,"comment_status":"closed","ping_status":"closed","sticky":false,"template":"","format":"standard","meta":[],"categories":[9],"tags":[],"_links":{"self":[{"href":"http:\/\/archiv.szolnoktv.hu\/index.php?rest_route=\/wp\/v2\/posts\/8394"}],"collection":[{"href":"http:\/\/archiv.szolnoktv.hu\/index.php?rest_route=\/wp\/v2\/posts"}],"about":[{"href":"http:\/\/archiv.szolnoktv.hu\/index.php?rest_route=\/wp\/v2\/types\/post"}],"author":[{"embeddable":true,"href":"http:\/\/archiv.szolnoktv.hu\/index.php?rest_route=\/wp\/v2\/users\/2"}],"replies":[{"embeddable":true,"href":"http:\/\/archiv.szolnoktv.hu\/index.php?rest_route=%2Fwp%2Fv2%2Fcomments&post=8394"}],"version-history":[{"count":1,"href":"http:\/\/archiv.szolnoktv.hu\/index.php?rest_route=\/wp\/v2\/posts\/8394\/revisions"}],"predecessor-version":[{"id":8439,"href":"http:\/\/archiv.szolnoktv.hu\/index.php?rest_route=\/wp\/v2\/posts\/8394\/revisions\/8439"}],"wp:attachment":[{"href":"http:\/\/archiv.szolnoktv.hu\/index.php?rest_route=%2Fwp%2Fv2%2Fmedia&parent=8394"}],"wp:term":[{"taxonomy":"category","embeddable":true,"href":"http:\/\/archiv.szolnoktv.hu\/index.php?rest_route=%2Fwp%2Fv2%2Fcategories&post=8394"},{"taxonomy":"post_tag","embeddable":true,"href":"http:\/\/archiv.szolnoktv.hu\/index.php?rest_route=%2Fwp%2Fv2%2Ftags&post=8394"}],"curies":[{"name":"wp","href":"https:\/\/api.w.org\/{rel}","templated":true}]}}