{"id":8393,"date":"2018-03-02T18:39:02","date_gmt":"2018-03-02T18:39:02","guid":{"rendered":"http:\/\/archiv.szolnoktv.hu\/?p=8393"},"modified":"2021-08-13T19:10:59","modified_gmt":"2021-08-13T19:10:59","slug":"szolnok-is-bemutatkozik-az-utazas-kiallitason","status":"publish","type":"post","link":"http:\/\/archiv.szolnoktv.hu\/?p=8393","title":{"rendered":"Szolnok is bemutatkozik az Utaz\u00e1s Ki\u00e1ll\u00edt\u00e1son"},"content":{"rendered":"<div class='booster-block booster-read-block'><\/div><p>Az idei ki\u00e1ll\u00edt\u00e1s egyik f\u0151szerepl\u0151j\u00e9nek sz\u00e1m\u00edt\u00f3 D\u00f3ri a dolm\u00e1nyos varj\u00fa- gazd\u00e1ja szerint-  azt k\u00e1rogja j\u00f3nak \u00edg\u00e9rkezik az idei idegenforgalmi szezon. A j\u00f6vend\u00f6l\u00e9sben mind a h\u00e1romsz\u00e1z ki\u00e1ll\u00edt\u00f3- \u00edgy Szolnok is b\u00edzik. .. A megyesz\u00e9khely a D- pavilon bej\u00e1rat fel\u0151li els\u0151 standj\u00e1n k\u00edn\u00e1lja b\u00fcszkes\u00e9geit. <\/p>\n<p>&#8220;Szolnok h\u00edre, turisztikai h\u00edre az\u00e9rt kezd terjedni az orsz\u00e1gban. Sportturizmusban vagyunk t\u00e1n a leger\u0151sebbek, de a rendezv\u00e9nyeinken- a csokol\u00e1d\u00e9fesztiv\u00e1lon, a guly\u00e1sfesztiv\u00e1lon. a Tiszavir\u00e1g Fesztiv\u00e1lon, a Tiszai Hal Napj\u00e1n van annyi vend\u00e9g, hogy azt lehet mondani, hogy egy r\u00f6vid h\u00e9tv\u00e9g\u00e9t Szolnokon t\u00f6ltenek. Ez azt jelenti, hogy egy-, maximum k\u00e9t \u00e9jszak\u00e1t megt\u00f6ltik a szolnoki sz\u00e1ll\u00e1shelyeket.. kev\u00e9s a szolnoki sz\u00e1ll\u00e1shely. Azt kell mondjuk, hogy most m\u00e1r a  sz\u00e1lloda \u00e9p\u00edt\u00e9si program lesz az amibe nagyon komolyan bele kell v\u00e1gnunk \u00e9s h\u00e1t a a Tisza- ligeti Term\u00e1lf\u00fcrd\u0151nek egy r\u00e9sze egy sz\u00e1lloda\u00e9p\u00edt\u00e9si projekt.&#8221; &#8211; hangs\u00falyozta Szalay Ferenc polg\u00e1rmester.<\/p>\n<p>A szolnoki standra kik\u00e9sz\u00edtett habos ischler nagyon gyorsan fogyott. De egy aj\u00e1nd\u00e9kcsomag\u00e9rt cser\u00e9be \u00e9rdemes volt t\u00f6bb id\u0151t is elt\u00f6lteni a pavilonn\u00e1l. <\/p>\n<p> &#8220;Szerencsekereket is hoztunk a l\u00e1togat\u00f3k sz\u00e1m\u00e1ra \u00e9s ez k\u00e9rd\u0151\u00edv kit\u00f6lt\u00e9s\u00e9hez k\u00f6t\u00f6tt. A k\u00e9rd\u0151\u00edvb\u0151l is igyeksz\u00fcnk arra r\u00e1k\u00e9rdezni, hogy mi alapj\u00e1n v\u00e1lasztj\u00e1k az emberek Szolnokot, milyennek \u00edt\u00e9lik meg a v\u00e1rost. Vannak akik kifejezetten \u00fagy j\u00f6nnek hozz\u00e1nk, hogy igen az utaz\u00e1s ki\u00e1ll\u00edt\u00e1skor megismert\u00e9k a v\u00e1rost, a l\u00e1tnival\u00f3it- ez\u00e1ltal egy kicsit Szolnokot is szeretn\u00e9k jobban megismerni.&#8221; &#8211; hangs\u00falyozta T\u00f3th Dorina turisztikai referens.<\/p>\n<p>A vend\u00e9gv\u00e1r\u00f3 megyesz\u00e9khely mellett a megye eg\u00e9sze is bemutatkozik az idei Utaz\u00e1s Ki\u00e1ll\u00edt\u00e1son. <\/p>\n<p>&#8220;Nagyon sok \u00e9rdekl\u0151d\u0151 van. Nagyon sok prospektust visznek \u00e9s egyre t\u00f6bben j\u00f6nnek el kikapcsol\u00f3dni, pihenni a Tisza- t\u00f3hoz, a term\u00e1lf\u00fcrd\u0151kh\u00f6z, Szolnokra, a J\u00e1szs\u00e1gba. \u00c9n azt gondolom, hogy az orsz\u00e1gos \u00e1tlagn\u00e1l nagyobb n\u00f6veked\u00e9st tudunk mutatni a megyei vend\u00e9g\u00e9jszak\u00e1k sz\u00e1ma \u00e9s ez k\u00f6sz\u00f6nhet\u0151 tal\u00e1n annak, hogy az Utaz\u00e1s Ki\u00e1ll\u00edt\u00e1son is bemutatkozunk.&#8221; &#8211; mondta Kov\u00e1cs S\u00e1ndor a megyei k\u00f6zgy\u0171l\u00e9s eln\u00f6ke.<\/p>\n<p>Az idei Utaz\u00e1s Ki\u00e1ll\u00edt\u00e1sra 30 ezer l\u00e1togat\u00f3t v\u00e1rnak a szervez\u0151k. Az orsz\u00e1g legrangosabb idegenforgalmi seregszeml\u00e9je a Hungexpo Budapesti V\u00e1s\u00e1rk\u00f6zpontban m\u00e1rcius negyedik\u00e9ig, vas\u00e1rnapig v\u00e1rja a l\u00e1togat\u00f3kat. <\/p>\n<div style=\"width: 640px;\" class=\"wp-video\"><!--[if lt IE 9]><script>document.createElement('video');<\/script><![endif]-->\n<video class=\"wp-video-shortcode\" id=\"video-8393-1\" width=\"640\" height=\"360\" preload=\"metadata\" controls=\"controls\"><source type=\"video\/mp4\" src=\"\/spots\/hir\/hir_180302_02.mp4?_=1\" \/><a href=\"\/spots\/hir\/hir_180302_02.mp4\">\/spots\/hir\/hir_180302_02.mp4<\/a><\/video><\/div>\n","protected":false},"excerpt":{"rendered":"<p>Az idei ki\u00e1ll\u00edt\u00e1s egyik f\u0151szerepl\u0151j\u00e9nek sz\u00e1m\u00edt\u00f3 D\u00f3ri a dolm\u00e1nyos varj\u00fa- gazd\u00e1ja szerint- azt k\u00e1rogja j\u00f3nak \u00edg\u00e9rkezik az idei idegenforgalmi szezon. A j\u00f6vend\u00f6l\u00e9sben mind a h\u00e1romsz\u00e1z ki\u00e1ll\u00edt\u00f3- \u00edgy Szolnok is b\u00edzik. .. A megyesz\u00e9khely a D- pavilon bej\u00e1rat fel\u0151li els\u0151 standj\u00e1n k\u00edn\u00e1lja b\u00fcszkes\u00e9geit. &#8220;Szolnok h\u00edre, turisztikai h\u00edre az\u00e9rt kezd terjedni az orsz\u00e1gban. Sportturizmusban vagyunk t\u00e1n a [&hellip;]<\/p>\n","protected":false},"author":2,"featured_media":0,"comment_status":"closed","ping_status":"closed","sticky":false,"template":"","format":"standard","meta":[],"categories":[9],"tags":[],"_links":{"self":[{"href":"http:\/\/archiv.szolnoktv.hu\/index.php?rest_route=\/wp\/v2\/posts\/8393"}],"collection":[{"href":"http:\/\/archiv.szolnoktv.hu\/index.php?rest_route=\/wp\/v2\/posts"}],"about":[{"href":"http:\/\/archiv.szolnoktv.hu\/index.php?rest_route=\/wp\/v2\/types\/post"}],"author":[{"embeddable":true,"href":"http:\/\/archiv.szolnoktv.hu\/index.php?rest_route=\/wp\/v2\/users\/2"}],"replies":[{"embeddable":true,"href":"http:\/\/archiv.szolnoktv.hu\/index.php?rest_route=%2Fwp%2Fv2%2Fcomments&post=8393"}],"version-history":[{"count":1,"href":"http:\/\/archiv.szolnoktv.hu\/index.php?rest_route=\/wp\/v2\/posts\/8393\/revisions"}],"predecessor-version":[{"id":8440,"href":"http:\/\/archiv.szolnoktv.hu\/index.php?rest_route=\/wp\/v2\/posts\/8393\/revisions\/8440"}],"wp:attachment":[{"href":"http:\/\/archiv.szolnoktv.hu\/index.php?rest_route=%2Fwp%2Fv2%2Fmedia&parent=8393"}],"wp:term":[{"taxonomy":"category","embeddable":true,"href":"http:\/\/archiv.szolnoktv.hu\/index.php?rest_route=%2Fwp%2Fv2%2Fcategories&post=8393"},{"taxonomy":"post_tag","embeddable":true,"href":"http:\/\/archiv.szolnoktv.hu\/index.php?rest_route=%2Fwp%2Fv2%2Ftags&post=8393"}],"curies":[{"name":"wp","href":"https:\/\/api.w.org\/{rel}","templated":true}]}}