{"id":8392,"date":"2018-03-02T16:22:17","date_gmt":"2018-03-02T16:22:17","guid":{"rendered":"http:\/\/archiv.szolnoktv.hu\/?p=8392"},"modified":"2021-08-13T19:11:00","modified_gmt":"2021-08-13T19:11:00","slug":"mszp-sajtotajekoztato-7","status":"publish","type":"post","link":"http:\/\/archiv.szolnoktv.hu\/?p=8392","title":{"rendered":"MSZP sajt\u00f3t\u00e1j\u00e9koztat\u00f3"},"content":{"rendered":"<div class='booster-block booster-read-block'><\/div><p>Az Arany J\u00e1nos Programban is r\u00e9szt vev\u0151 egyik szolnoki gimn\u00e1zium el\u0151tt tartotta sajt\u00f3t\u00e1j\u00e9koztat\u00f3j\u00e1t az MSZP-P\u00e1rbesz\u00e9d orsz\u00e1ggy\u0171l\u00e9si k\u00e9pvisel\u0151jel\u00f6ltje. <\/p>\n<p>Gy\u00f6rfi Mih\u00e1ly orsz\u00e1ggy\u0171l\u00e9si k\u00e9pvisel\u0151jel\u00f6lt MSZP-P\u00e1rbesz\u00e9d: <br \/>-&#8220;Nagyon sz\u00e9pen k\u00f6sz\u00f6n\u00f6m t\u00f6bb mint 1400 szolnoki \u00e9s Szolnok t\u00e9rs\u00e9gi v\u00e1laszt\u00f3polg\u00e1r aj\u00e1nl\u00e1s\u00e1t, ma fogjuk leadni az aj\u00e1nl\u00e1sokat \u00e9s az \u00fcres aj\u00e1nl\u00f3\u00edveket. Nagyon sz\u00e9pen k\u00f6sz\u00f6n\u00f6m koll\u00e9g\u00e1imnak, seg\u00edt\u0151imnek, bar\u00e1taimnak, hogy a m\u00falt h\u00e9ten, s\u00e1rban, h\u00f3ban latyakban gy\u0171jt\u00f6tt\u00e9k az aj\u00e1nl\u00e1sokat \u00e9s k\u00f6sz\u00f6n\u00f6m nekik, hogy mint orsz\u00e1ggy\u0171l\u00e9si k\u00e9pvisel\u0151jel\u00f6t itt \u00e1llhatok \u00d6n\u00f6k el\u0151tt. &#8211;<\/p>\n<p>A k\u00f6zoktat\u00e1s kapcs\u00e1n szeretn\u00e9k, ha Szolnok visszakapn\u00e1 \u00e1ltal\u00e1nos \u00e9s k\u00f6z\u00e9piskol\u00e1it, mert \u00fagy v\u00e9lik, jobb gazd\u00e1ja volt az int\u00e9zm\u00e9nyeknek, mint a mostani Klebelsberg K\u00f6zpont  &#8211;   hangs\u00falyozta Gy\u00f6rfi Mih\u00e1ly.<\/p>\n<p>Gy\u00f6rfi Mih\u00e1ly orsz\u00e1ggy\u0171l\u00e9si k\u00e9pvisel\u0151jel\u00f6lt MSZP-P\u00e1rbesz\u00e9d : <br \/>&#8211;V\u00e1llaljuk azt, hogy az \u00e1ltal\u00e1nos iskol\u00e1kban 25 tan\u00f3r\u00e1n\u00e1l nem lehet t\u00f6bb a h\u00e9ten. K\u00f6z\u00e9piskol\u00e1kban, gimn\u00e1ziumokban, szakk\u00f6z\u00e9piskol\u00e1kban 30 tan\u00f3r\u00e1n\u00e1l t\u00f6bb nem lehet, az\u00e9rt, hogy boldog feln\u0151ttk\u00e9nt l\u00e9pjenek majd a munkaer\u0151piacra. Amivel feln\u0151ttk\u00e9nt el\u0151seg\u00edthetik, hogy a magyar t\u00e1rsadalom is hasznot h\u00fazzon abb\u00f3l, hogy Magyarorsz\u00e1gon maradnak a fiataljai. &#8211;<br \/> A mai kor gyermek\u00e9t 2020-ra a magyar nyelv, a matematika, az  informatika \u00e9s az angol nyelv tud\u00e1sa seg\u00edti majd a boldogul\u00e1sban  &#8211;   hangs\u00falyozta a politikus. Hozz\u00e1tette: az els\u0151 diplom\u00e1t ingyenesen szerezhetn\u00e9k meg \u00e9s 30%-kal n\u00f6veln\u00e9k a f\u0151iskol\u00e1sok, egyetemist\u00e1k \u00f6szt\u00f6nd\u00edj\u00e1t. B\u0151v\u00edten\u00e9k az Arany J\u00e1nos programot, hogy m\u00e9g t\u00f6bb h\u00e1tr\u00e1nyos helyzet\u0171 magyar \u00e9s roma fiatal kapjon es\u00e9lyt sz\u00ednvonalas gimn\u00e1ziumban tanulni \u00e9s fels\u0151oktat\u00e1si int\u00e9zm\u00e9nybe felv\u00e9telt nyerni.<\/p>\n<div style=\"width: 640px;\" class=\"wp-video\"><!--[if lt IE 9]><script>document.createElement('video');<\/script><![endif]-->\n<video class=\"wp-video-shortcode\" id=\"video-8392-1\" width=\"640\" height=\"360\" preload=\"metadata\" controls=\"controls\"><source type=\"video\/mp4\" src=\"\/spots\/hir\/hir_180302_01.mp4?_=1\" \/><a href=\"\/spots\/hir\/hir_180302_01.mp4\">\/spots\/hir\/hir_180302_01.mp4<\/a><\/video><\/div>\n","protected":false},"excerpt":{"rendered":"<p>Az Arany J\u00e1nos Programban is r\u00e9szt vev\u0151 egyik szolnoki gimn\u00e1zium el\u0151tt tartotta sajt\u00f3t\u00e1j\u00e9koztat\u00f3j\u00e1t az MSZP-P\u00e1rbesz\u00e9d orsz\u00e1ggy\u0171l\u00e9si k\u00e9pvisel\u0151jel\u00f6ltje. Gy\u00f6rfi Mih\u00e1ly orsz\u00e1ggy\u0171l\u00e9si k\u00e9pvisel\u0151jel\u00f6lt MSZP-P\u00e1rbesz\u00e9d: -&#8220;Nagyon sz\u00e9pen k\u00f6sz\u00f6n\u00f6m t\u00f6bb mint 1400 szolnoki \u00e9s Szolnok t\u00e9rs\u00e9gi v\u00e1laszt\u00f3polg\u00e1r aj\u00e1nl\u00e1s\u00e1t, ma fogjuk leadni az aj\u00e1nl\u00e1sokat \u00e9s az \u00fcres aj\u00e1nl\u00f3\u00edveket. Nagyon sz\u00e9pen k\u00f6sz\u00f6n\u00f6m koll\u00e9g\u00e1imnak, seg\u00edt\u0151imnek, bar\u00e1taimnak, hogy a m\u00falt h\u00e9ten, s\u00e1rban, h\u00f3ban [&hellip;]<\/p>\n","protected":false},"author":2,"featured_media":0,"comment_status":"closed","ping_status":"closed","sticky":false,"template":"","format":"standard","meta":[],"categories":[9],"tags":[],"_links":{"self":[{"href":"http:\/\/archiv.szolnoktv.hu\/index.php?rest_route=\/wp\/v2\/posts\/8392"}],"collection":[{"href":"http:\/\/archiv.szolnoktv.hu\/index.php?rest_route=\/wp\/v2\/posts"}],"about":[{"href":"http:\/\/archiv.szolnoktv.hu\/index.php?rest_route=\/wp\/v2\/types\/post"}],"author":[{"embeddable":true,"href":"http:\/\/archiv.szolnoktv.hu\/index.php?rest_route=\/wp\/v2\/users\/2"}],"replies":[{"embeddable":true,"href":"http:\/\/archiv.szolnoktv.hu\/index.php?rest_route=%2Fwp%2Fv2%2Fcomments&post=8392"}],"version-history":[{"count":1,"href":"http:\/\/archiv.szolnoktv.hu\/index.php?rest_route=\/wp\/v2\/posts\/8392\/revisions"}],"predecessor-version":[{"id":8441,"href":"http:\/\/archiv.szolnoktv.hu\/index.php?rest_route=\/wp\/v2\/posts\/8392\/revisions\/8441"}],"wp:attachment":[{"href":"http:\/\/archiv.szolnoktv.hu\/index.php?rest_route=%2Fwp%2Fv2%2Fmedia&parent=8392"}],"wp:term":[{"taxonomy":"category","embeddable":true,"href":"http:\/\/archiv.szolnoktv.hu\/index.php?rest_route=%2Fwp%2Fv2%2Fcategories&post=8392"},{"taxonomy":"post_tag","embeddable":true,"href":"http:\/\/archiv.szolnoktv.hu\/index.php?rest_route=%2Fwp%2Fv2%2Ftags&post=8392"}],"curies":[{"name":"wp","href":"https:\/\/api.w.org\/{rel}","templated":true}]}}