{"id":8391,"date":"2018-03-01T17:49:49","date_gmt":"2018-03-01T17:49:49","guid":{"rendered":"http:\/\/archiv.szolnoktv.hu\/?p=8391"},"modified":"2021-08-13T19:11:00","modified_gmt":"2021-08-13T19:11:00","slug":"jobbik-sajtotajekoztato-5","status":"publish","type":"post","link":"http:\/\/archiv.szolnoktv.hu\/?p=8391","title":{"rendered":"Jobbik sajt\u00f3t\u00e1j\u00e9koztat\u00f3"},"content":{"rendered":"<div class='booster-block booster-read-block'><\/div><p>Dr. Csik\u00f3s Attil\u00e1t tegnap vette nyilv\u00e1ntart\u00e1sba a helyi v\u00e1laszt\u00e1si bizotts\u00e1g, miut\u00e1n teljes\u00edtette a minim\u00e1lis 500 \u00e9rv\u00e9nyes aj\u00e1nl\u00e1st. A Jobbik politikusa elmondta, hogy t\u00f6bb, mint 1.000-et gy\u0171jt\u00f6ttek \u00f6ssze \u00e9s m\u00e9g a mai napon is kapott aj\u00e1nl\u00e1sokat. <\/p>\n<p>-Nagyon b\u00fcszke vagyok arra, hogy fiatalok  &#8211;   els\u0151 szavaz\u00f3k &#8211; is seg\u00edtettek az aj\u00e1nl\u00e1sok \u00f6sszegy\u0171jt\u00e9s\u00e9ben. \u00d5k seg\u00edtettek abban, hogy m\u00e9g t\u00f6bb fiatalt el\u00e9rj\u00fcnk \u00e9s n\u00f6velj\u00fck a fiatalok v\u00e1laszt\u00e1si r\u00e9szv\u00e9tel\u00e9nek az ar\u00e1ny\u00e1t.&#8221;  &#8211;   mondta.<\/p>\n<p>\u00d3ri\u00e1splak\u00e1tokon \u00fczennek az embereknek  &#8211;   folytatta Dr. Csik\u00f3s Attila. Azt hirdetik  &#8211;   tette hozz\u00e1, hogy a Jobbik k\u00e9sz a korm\u00e1nyv\u00e1lt\u00e1sra, korm\u00e1nyz\u00e1sra. A politikus elmondta: legt\u00f6bb plak\u00e1tjukat viszont ismeretlenek megrong\u00e1lt\u00e1k  &#8211; szerinte ez nem v\u00e9lem\u00e9nynyilv\u00e1n\u00edt\u00e1s, hanem ezzel a rong\u00e1l\u00f3k magukr\u00f3l \u00e1ll\u00edtottak ki szeg\u00e9nys\u00e9gi bizony\u00edtv\u00e1nyt.  A p\u00e1rt programja 67 oldalon megjelent, elektronikusan \u00e9s nyomtatott form\u00e1ban is olvashat\u00f3  &#8211;   hangs\u00falyozta a jel\u00f6lt. <\/p>\n<p>-\u00d3ri\u00e1splak\u00e1tokon l\u00e1that\u00f3 egy r\u00e9sze, mely arr\u00f3l sz\u00f3l, hogy \u00e9letment\u0151 k\u00f3rh\u00e1zakat szeretn\u00e9nk, modern oktat\u00e1st, eur\u00f3pai b\u00e9reket gondoljunk a b\u00e9runi\u00f3s kezdem\u00e9nyez\u00e9sre, er\u0151s kisv\u00e1llalkoz\u00e1sokat, az ad\u00f3rendszer legyen el\u0151re kisz\u00e1m\u00edthat\u00f3, ker\u00edt\u00e9st hat\u00e1r\u0151rs\u00e9ggel, magyar hat\u00e1r\u0151rs\u00e9get szeretn\u00e9nk fel\u00e1ll\u00edtani az orsz\u00e1g megv\u00e9d\u00e9s\u00e9re \u00e9s korrupci\u00f3mentes k\u00f6z\u00e9letet.&#8221;  &#8211;   mondta.<\/p>\n<p>Programf\u00fczet\u00fck c\u00edme: Magyar sz\u00edvvel, j\u00f3zan \u00e9sszel, tiszta k\u00e9zzel &#8211;   ezen gondolatok ment\u00e9n korm\u00e1nyozn\u00e1nak  &#8211;   mondta a politikus, aki hozz\u00e1tette: m\u00e1rcius 2-\u00e1n a Civil K\u00f6z\u00f6ss\u00e9gi H\u00e1zban 18 \u00f3rakor lakoss\u00e1gi f\u00f3rumot tartanak, melynek vend\u00e9ge Dr. F\u00fcl\u00f6p Erik a Jobbik aleln\u00f6ke lesz.<\/p>\n<div style=\"width: 640px;\" class=\"wp-video\"><!--[if lt IE 9]><script>document.createElement('video');<\/script><![endif]-->\n<video class=\"wp-video-shortcode\" id=\"video-8391-1\" width=\"640\" height=\"360\" preload=\"metadata\" controls=\"controls\"><source type=\"video\/mp4\" src=\"\/spots\/hir\/hir_180301_07.mp4?_=1\" \/><a href=\"\/spots\/hir\/hir_180301_07.mp4\">\/spots\/hir\/hir_180301_07.mp4<\/a><\/video><\/div>\n","protected":false},"excerpt":{"rendered":"<p>Dr. Csik\u00f3s Attil\u00e1t tegnap vette nyilv\u00e1ntart\u00e1sba a helyi v\u00e1laszt\u00e1si bizotts\u00e1g, miut\u00e1n teljes\u00edtette a minim\u00e1lis 500 \u00e9rv\u00e9nyes aj\u00e1nl\u00e1st. A Jobbik politikusa elmondta, hogy t\u00f6bb, mint 1.000-et gy\u0171jt\u00f6ttek \u00f6ssze \u00e9s m\u00e9g a mai napon is kapott aj\u00e1nl\u00e1sokat. -Nagyon b\u00fcszke vagyok arra, hogy fiatalok &#8211; els\u0151 szavaz\u00f3k &#8211; is seg\u00edtettek az aj\u00e1nl\u00e1sok \u00f6sszegy\u0171jt\u00e9s\u00e9ben. \u00d5k seg\u00edtettek abban, hogy m\u00e9g [&hellip;]<\/p>\n","protected":false},"author":2,"featured_media":0,"comment_status":"closed","ping_status":"closed","sticky":false,"template":"","format":"standard","meta":[],"categories":[9],"tags":[],"_links":{"self":[{"href":"http:\/\/archiv.szolnoktv.hu\/index.php?rest_route=\/wp\/v2\/posts\/8391"}],"collection":[{"href":"http:\/\/archiv.szolnoktv.hu\/index.php?rest_route=\/wp\/v2\/posts"}],"about":[{"href":"http:\/\/archiv.szolnoktv.hu\/index.php?rest_route=\/wp\/v2\/types\/post"}],"author":[{"embeddable":true,"href":"http:\/\/archiv.szolnoktv.hu\/index.php?rest_route=\/wp\/v2\/users\/2"}],"replies":[{"embeddable":true,"href":"http:\/\/archiv.szolnoktv.hu\/index.php?rest_route=%2Fwp%2Fv2%2Fcomments&post=8391"}],"version-history":[{"count":1,"href":"http:\/\/archiv.szolnoktv.hu\/index.php?rest_route=\/wp\/v2\/posts\/8391\/revisions"}],"predecessor-version":[{"id":8442,"href":"http:\/\/archiv.szolnoktv.hu\/index.php?rest_route=\/wp\/v2\/posts\/8391\/revisions\/8442"}],"wp:attachment":[{"href":"http:\/\/archiv.szolnoktv.hu\/index.php?rest_route=%2Fwp%2Fv2%2Fmedia&parent=8391"}],"wp:term":[{"taxonomy":"category","embeddable":true,"href":"http:\/\/archiv.szolnoktv.hu\/index.php?rest_route=%2Fwp%2Fv2%2Fcategories&post=8391"},{"taxonomy":"post_tag","embeddable":true,"href":"http:\/\/archiv.szolnoktv.hu\/index.php?rest_route=%2Fwp%2Fv2%2Ftags&post=8391"}],"curies":[{"name":"wp","href":"https:\/\/api.w.org\/{rel}","templated":true}]}}