{"id":8390,"date":"2018-03-01T17:38:00","date_gmt":"2018-03-01T17:38:00","guid":{"rendered":"http:\/\/archiv.szolnoktv.hu\/?p=8390"},"modified":"2021-08-13T19:11:00","modified_gmt":"2021-08-13T19:11:00","slug":"tiszta-szivvel-szolnokert-szuroprogram","status":"publish","type":"post","link":"http:\/\/archiv.szolnoktv.hu\/?p=8390","title":{"rendered":"Tiszta Sz\u00edvvel Szolnok\u00e9rt sz\u0171r\u0151program"},"content":{"rendered":"<div class='booster-block booster-read-block'><\/div><p>12 \u00e9ve ind\u00edtotta el a v\u00e1ros a Tiszta Sz\u00edvvel Szolnok\u00e9rt elnevez\u00e9s\u0171 lakoss\u00e1gi sz\u0171r\u0151vizsg\u00e1lati programot. Az egy hetes esem\u00e9nysort megel\u0151z\u0151 \u00e9s k\u00f6vet\u0151 vas\u00e1rnapon k\u00f6z\u00f6ss\u00e9gi fut\u00e1st szerveznek a Sz\u00e9chenyi Parkerd\u0151ben. M\u00e1rcius 5-\u00e9n h\u00e9tf\u0151n kezd\u0151dnek a sz\u0171r\u00e9sek, d\u00e9lel\u0151tt f\u00e9l 10 kor az Ag\u00f3r\u00e1ban . Az els\u0151 napon  17 \u00f3r\u00e1ig v\u00e1rj\u00e1k az \u00e9rdekl\u0151d\u0151ket. Keddt\u0151l p\u00e9ntekig pedig  m\u00e1s m\u00e1s v\u00e1rosr\u00e9szben rendeznek sz\u0171r\u00e9st  14-17 \u00f3r\u00e1ig. <\/p>\n<p>Szalay Ferenc polg\u00e1rmester , Szolnok : <\/p>\n<p>-&#8220;Els\u0151 nap az Aba-Nov\u00e1kban, a m\u00e1sodik nap a Vasutas M\u0171vel\u0151d\u00e9si K\u00f6zpontban, a harmadik nap a Kod\u00e1ly \u00c1ltal\u00e1nos Iskol\u00e1ban, negyedik nap a Szentgy\u00f6rgyiben, \u00f6t\u00f6dik Szandasz\u0151l\u0151s. Hatodik pedig egy fut\u00f3verseny kint  NEFAG parkerd\u0151ben. &#8211;<\/p>\n<p>A sz\u0171r\u00e9s mellett ugyanis a rendszeres mozg\u00e1s is fontos r\u00e9sze  az eg\u00e9szs\u00e9gmeg\u0151rz\u00e9snek-hangs\u00falyozta a polg\u00e1rmester. Az elm\u00falt \u00e9vek sor\u00e1n  40-50 ezer vizsg\u00e1latot v\u00e9geztek el ingyenesen, sz\u00e1mos komoly bajt felfedezve, megel\u0151zve ezzel. <\/p>\n<p>Dr. Bene Ildik\u00f3 orsz\u00e1ggy\u0171l\u00e9si k\u00e9pvisel\u0151:  <\/p>\n<p>-&#8220;Ez egy rendezett folyamatnak a r\u00e9sze, hiszen a v\u00e1ros a k\u00f6telez\u0151 feladatain t\u00fal j\u00f3val t\u00f6bbet tesz az\u00e9rt, hogy a Szolnok v\u00e1rosban \u00e9l\u0151k eg\u00e9szs\u00e9gmeg\u0151rz\u00e9se megfelel\u0151 szint\u0171 legyen. Gondoljunk itt a v\u00e9d\u0151olt\u00e1s programokra, a mindennapos testnevel\u00e9sre, ami n\u00e1lunk m\u00e1r r\u00e9gen m\u0171k\u00f6d\u00f6tt, akkor amikor ezt egy t\u00f6rv\u00e9ny orsz\u00e1goss\u00e1 tette. &#8211;<\/p>\n<p>A sz\u0171r\u0151h\u00e9t helysz\u00ednei k\u00f6z\u00f6tt a H\u0151s\u00f6k t\u00e9ri rendel\u0151 is szerepel majd. <\/p>\n<p>Dr. M\u00f3zer Erzs\u00e9bet int\u00e9zetvezet\u0151 f\u0151orvos ,Het\u00e9nyi G\u00e9za Megyei K\u00f3rh\u00e1z Rendel\u0151int\u00e9zete: <\/p>\n<p>-&#8220;Kiemeln\u00e9m a h\u00f6lgyek r\u00e9sz\u00e9re a n\u0151gy\u00f3gy\u00e1szati vizsg\u00e1latot \u00e9s a mammogr\u00e1fi\u00e1t , illetve az urak sz\u00e1m\u00e1\u00e9ra az urol\u00f3giai  vizsg\u00e1latot. Pr\u00f3b\u00e1ltuk kisz\u00e9les\u00edteni az id\u0151t, teh\u00e1t az eg\u00e9sz nap folyam\u00e1n v\u00e1rjuk a mammogr\u00e1fi\u00e1s \u00e9s a n\u0151gy\u00f3gy\u00e1szati vizsg\u00e1latra a h\u00f6lgyeket. &#8211;<\/p>\n<p>Az urol\u00f3giai vizsg\u00e1latokra pedig h\u00e9tf\u0151t\u0151l p\u00e9ntekig 13-14 \u00f3r\u00e1ig mehetnek a f\u00e9rfiak a rendel\u0151be, melyhez beutal\u00f3 nem sz\u00fcks\u00e9ges. <\/p>\n<p>Dr. Lippai Norbert  mb. f\u0151igazgat\u00f3, Het\u00e9nyi G\u00e9za Megyei K\u00f3rh\u00e1z \u00e9s Rendel\u0151int\u00e9zet :<\/p>\n<p>-Nagyon fontos, hogy min\u00e9l t\u00f6bb emberhez eljuttassuk ezt a lehet\u0151s\u00e9get, amit a dolgoz\u00f3ink \u00e1ldozatos munk\u00e1j\u00e1val \u00e9s kitart\u00e1s\u00e1val \u00e9vek \u00f3ta fenntartunk a m\u00f6g\u00f6tt\u00fck l\u00e9v\u0151 appar\u00e1tus szervez\u00e9s\u00e9vel. A betegs\u00e9gek gy\u00f3gy\u00edt\u00e1sa ugyanis leghat\u00e9konyabban a megel\u0151z\u00e9ssel \u00e9rhet\u0151 el. &#8211;<\/p>\n<p>Ehhez azonban az kell, hogy elmenjenek az ingyenes vizsg\u00e1latokra, a m\u00e9g akt\u00edvan dolgoz\u00f3 koroszt\u00e1ly tagjai is . Az ismert sz\u00edv \u00e9s \u00e9rrendszeri sz\u0171r\u00e9sek mellett lesz ism\u00e9t b\u0151rgy\u00f3gy\u00e1szai, szem\u00e9szeti vizsg\u00e1lat, csonts\u0171r\u0171s\u00e9g m\u00e9r\u00e9s, sz\u00e1j\u00fcregi r\u00e1ksz\u0171r\u00e9s, hall\u00e1svizsg\u00e1lat, l\u00e9gz\u00e9sfunkci\u00f3 vizsg\u00e1lat, \u00e9s dietetikai, ment\u00e1lhigi\u00e9n\u00e9s tan\u00e1csad\u00e1s is. S\u0151t sz\u0171rik a gyomorfek\u00e9lyt \u00e9s gyomorr\u00e1kot is okoz\u00f3 helicobacter pylori fert\u0151z\u00e9st is. A nyit\u00f3 napon v\u00e9rad\u00e1s \u00e9s k\u00f3stol\u00f3k is v\u00e1rj\u00e1k az \u00e9rdekl\u0151d\u0151ket.<br \/>\n<br \/>\n<div style=\"width: 640px;\" class=\"wp-video\"><!--[if lt IE 9]><script>document.createElement('video');<\/script><![endif]-->\n<video class=\"wp-video-shortcode\" id=\"video-8390-1\" width=\"640\" height=\"360\" preload=\"metadata\" controls=\"controls\"><source type=\"video\/mp4\" src=\"\/spots\/hir\/hir_180301_05.mp4?_=1\" \/><a href=\"\/spots\/hir\/hir_180301_05.mp4\">\/spots\/hir\/hir_180301_05.mp4<\/a><\/video><\/div><\/p>\n","protected":false},"excerpt":{"rendered":"<p>12 \u00e9ve ind\u00edtotta el a v\u00e1ros a Tiszta Sz\u00edvvel Szolnok\u00e9rt elnevez\u00e9s\u0171 lakoss\u00e1gi sz\u0171r\u0151vizsg\u00e1lati programot. Az egy hetes esem\u00e9nysort megel\u0151z\u0151 \u00e9s k\u00f6vet\u0151 vas\u00e1rnapon k\u00f6z\u00f6ss\u00e9gi fut\u00e1st szerveznek a Sz\u00e9chenyi Parkerd\u0151ben. M\u00e1rcius 5-\u00e9n h\u00e9tf\u0151n kezd\u0151dnek a sz\u0171r\u00e9sek, d\u00e9lel\u0151tt f\u00e9l 10 kor az Ag\u00f3r\u00e1ban . Az els\u0151 napon 17 \u00f3r\u00e1ig v\u00e1rj\u00e1k az \u00e9rdekl\u0151d\u0151ket. Keddt\u0151l p\u00e9ntekig pedig m\u00e1s m\u00e1s v\u00e1rosr\u00e9szben [&hellip;]<\/p>\n","protected":false},"author":2,"featured_media":0,"comment_status":"closed","ping_status":"closed","sticky":false,"template":"","format":"standard","meta":[],"categories":[9],"tags":[],"_links":{"self":[{"href":"http:\/\/archiv.szolnoktv.hu\/index.php?rest_route=\/wp\/v2\/posts\/8390"}],"collection":[{"href":"http:\/\/archiv.szolnoktv.hu\/index.php?rest_route=\/wp\/v2\/posts"}],"about":[{"href":"http:\/\/archiv.szolnoktv.hu\/index.php?rest_route=\/wp\/v2\/types\/post"}],"author":[{"embeddable":true,"href":"http:\/\/archiv.szolnoktv.hu\/index.php?rest_route=\/wp\/v2\/users\/2"}],"replies":[{"embeddable":true,"href":"http:\/\/archiv.szolnoktv.hu\/index.php?rest_route=%2Fwp%2Fv2%2Fcomments&post=8390"}],"version-history":[{"count":1,"href":"http:\/\/archiv.szolnoktv.hu\/index.php?rest_route=\/wp\/v2\/posts\/8390\/revisions"}],"predecessor-version":[{"id":8443,"href":"http:\/\/archiv.szolnoktv.hu\/index.php?rest_route=\/wp\/v2\/posts\/8390\/revisions\/8443"}],"wp:attachment":[{"href":"http:\/\/archiv.szolnoktv.hu\/index.php?rest_route=%2Fwp%2Fv2%2Fmedia&parent=8390"}],"wp:term":[{"taxonomy":"category","embeddable":true,"href":"http:\/\/archiv.szolnoktv.hu\/index.php?rest_route=%2Fwp%2Fv2%2Fcategories&post=8390"},{"taxonomy":"post_tag","embeddable":true,"href":"http:\/\/archiv.szolnoktv.hu\/index.php?rest_route=%2Fwp%2Fv2%2Ftags&post=8390"}],"curies":[{"name":"wp","href":"https:\/\/api.w.org\/{rel}","templated":true}]}}