{"id":8389,"date":"2018-03-01T17:18:35","date_gmt":"2018-03-01T17:18:35","guid":{"rendered":"http:\/\/archiv.szolnoktv.hu\/?p=8389"},"modified":"2021-08-13T19:11:01","modified_gmt":"2021-08-13T19:11:01","slug":"megavers-elodontok","status":"publish","type":"post","link":"http:\/\/archiv.szolnoktv.hu\/?p=8389","title":{"rendered":"Megavers el\u0151d\u00f6nt\u0151k"},"content":{"rendered":"<div class='booster-block booster-read-block'><\/div><p>Az Aba-Nov\u00e1k Ag\u00f3ra Kultur\u00e1lis K\u00f6zpont kamaraterm\u00e9t rendezik be koll\u00e9g\u00e1ink. Id\u00e9n itt tartjuk a Megavers 10 \u00f6t el\u0151d\u00f6nt\u0151j\u00e9t &#8211; ebb\u0151l p\u00e9nteken kett\u0151t, szombaton h\u00e1rmat. Az els\u0151 el\u0151d\u00f6nt\u0151 14 \u00f3rakor kezd\u0151dik, de munkat\u00e1rsaink m\u00e1r ma kialak\u00edtott\u00e1k a helyi mini st\u00fadi\u00f3t. K\u00e9t napon \u00e1t dolgoztak rajta, hogy holnap minden t\u00f6k\u00e9letesen m\u0171k\u00f6dj\u00f6n.<\/p>\n<p>-A Szolnok TV munkat\u00e1rsai fel vannak erre k\u00e9sz\u00fclve, hiszen az \u00f6nkorm\u00e1nyzati k\u00f6zvet\u00edt\u00e9sek rendszeresek, att\u00f3l persze elt\u00e9r, mert m\u00e1sok az ig\u00e9nyek, ha az 1 egys\u00e9g, akkor ez egy m\u00e1sf\u00e9l egys\u00e9gnyi id\u0151.&#8221;  &#8211;   mondta Enyedi G\u00e1bor m\u0171szaki igazgat\u00f3.<\/p>\n<p>Hangpult, k\u00e9pkever\u0151 a hely\u00e9n, k\u00e1belek kih\u00fazva, sz\u00ednpad fel\u00e1ll\u00edtva, vil\u00e1g\u00edt\u00e1s be\u00e1ll\u00edtva, koll\u00e9g\u00e1ink k\u00e9szen \u00e1llnak a felv\u00e9telre, a n\u00e9z\u0151k pedig nem fognak csal\u00f3dni a k\u00e9pi vil\u00e1gban.<\/p>\n<p>-5 kamer\u00e1val fogunk dolgozni mindegyik HD kamera, pr\u00f3b\u00e1lunk arra figyelni, hogy a n\u00e9z\u0151 ugyanazt kapja, amit egy nagy produkci\u00f3ban is l\u00e1that.&#8221;  &#8211;   tette hozz\u00e1 Enyedi G\u00e1bor.<\/p>\n<p>A versfieszt\u00e1ban m\u00e1r sz\u00e1mtalan fiatal megmutatta tehets\u00e9g\u00e9t, most az idei \u00e9v legjobb 25 versenyz\u0151je m\u00e9retteti meg mag\u00e1t. Minden el\u0151d\u00f6nt\u0151b\u0151l 2 fiatal jut majd az \u00e1prilis 11-i fin\u00e1l\u00e9ba. 1-et a zs\u0171ri, 1-et pedig a k\u00f6z\u00f6ns\u00e9g juttat tov\u00e1bb. A legt\u00f6bben szolnokiak, de m\u00e1s v\u00e1rosokb\u00f3l \u00e9s m\u00e1s megy\u00e9kb\u0151l is j\u00f6ttek szaval\u00f3k.<\/p>\n<div style=\"width: 640px;\" class=\"wp-video\"><!--[if lt IE 9]><script>document.createElement('video');<\/script><![endif]-->\n<video class=\"wp-video-shortcode\" id=\"video-8389-1\" width=\"640\" height=\"360\" preload=\"metadata\" controls=\"controls\"><source type=\"video\/mp4\" src=\"\/spots\/hir\/hir_180301_06.mp4?_=1\" \/><a href=\"\/spots\/hir\/hir_180301_06.mp4\">\/spots\/hir\/hir_180301_06.mp4<\/a><\/video><\/div>\n","protected":false},"excerpt":{"rendered":"<p>Az Aba-Nov\u00e1k Ag\u00f3ra Kultur\u00e1lis K\u00f6zpont kamaraterm\u00e9t rendezik be koll\u00e9g\u00e1ink. Id\u00e9n itt tartjuk a Megavers 10 \u00f6t el\u0151d\u00f6nt\u0151j\u00e9t &#8211; ebb\u0151l p\u00e9nteken kett\u0151t, szombaton h\u00e1rmat. Az els\u0151 el\u0151d\u00f6nt\u0151 14 \u00f3rakor kezd\u0151dik, de munkat\u00e1rsaink m\u00e1r ma kialak\u00edtott\u00e1k a helyi mini st\u00fadi\u00f3t. K\u00e9t napon \u00e1t dolgoztak rajta, hogy holnap minden t\u00f6k\u00e9letesen m\u0171k\u00f6dj\u00f6n. -A Szolnok TV munkat\u00e1rsai fel vannak erre [&hellip;]<\/p>\n","protected":false},"author":2,"featured_media":0,"comment_status":"closed","ping_status":"closed","sticky":false,"template":"","format":"standard","meta":[],"categories":[9],"tags":[],"_links":{"self":[{"href":"http:\/\/archiv.szolnoktv.hu\/index.php?rest_route=\/wp\/v2\/posts\/8389"}],"collection":[{"href":"http:\/\/archiv.szolnoktv.hu\/index.php?rest_route=\/wp\/v2\/posts"}],"about":[{"href":"http:\/\/archiv.szolnoktv.hu\/index.php?rest_route=\/wp\/v2\/types\/post"}],"author":[{"embeddable":true,"href":"http:\/\/archiv.szolnoktv.hu\/index.php?rest_route=\/wp\/v2\/users\/2"}],"replies":[{"embeddable":true,"href":"http:\/\/archiv.szolnoktv.hu\/index.php?rest_route=%2Fwp%2Fv2%2Fcomments&post=8389"}],"version-history":[{"count":1,"href":"http:\/\/archiv.szolnoktv.hu\/index.php?rest_route=\/wp\/v2\/posts\/8389\/revisions"}],"predecessor-version":[{"id":8444,"href":"http:\/\/archiv.szolnoktv.hu\/index.php?rest_route=\/wp\/v2\/posts\/8389\/revisions\/8444"}],"wp:attachment":[{"href":"http:\/\/archiv.szolnoktv.hu\/index.php?rest_route=%2Fwp%2Fv2%2Fmedia&parent=8389"}],"wp:term":[{"taxonomy":"category","embeddable":true,"href":"http:\/\/archiv.szolnoktv.hu\/index.php?rest_route=%2Fwp%2Fv2%2Fcategories&post=8389"},{"taxonomy":"post_tag","embeddable":true,"href":"http:\/\/archiv.szolnoktv.hu\/index.php?rest_route=%2Fwp%2Fv2%2Ftags&post=8389"}],"curies":[{"name":"wp","href":"https:\/\/api.w.org\/{rel}","templated":true}]}}