{"id":8388,"date":"2018-03-01T16:25:24","date_gmt":"2018-03-01T16:25:24","guid":{"rendered":"http:\/\/archiv.szolnoktv.hu\/?p=8388"},"modified":"2021-08-13T19:11:01","modified_gmt":"2021-08-13T19:11:01","slug":"nem-biztonsagos-a-holt-tisza-jege","status":"publish","type":"post","link":"http:\/\/archiv.szolnoktv.hu\/?p=8388","title":{"rendered":"Nem biztons\u00e1gos a Holt-Tisza jege."},"content":{"rendered":"<div class='booster-block booster-read-block'><\/div><p>Ezek a felv\u00e9telek tavaly janu\u00e1r v\u00e9g\u00e9n k\u00e9sz\u00fcltek a szolnoki Holt Tisz\u00e1n. Akkor 5 \u00e9v ut\u00e1n fagyott be sportol\u00e1sra alkalmas vastags\u00e1g\u00fara a holt\u00e1g 15 km-es szakasza. Ma pedig \u00edgy fest a v\u00edzfel\u00fclet. Az elm\u00falt napok hideg id\u0151j\u00e1r\u00e1s\u00e1nak k\u00f6sz\u00f6nhet\u0151en a holt\u00e1g teljes fel\u00fclet\u00e9t j\u00e9g bor\u00edtja. Mindez azonban csal\u00f3ka. A j\u00e9g vastags\u00e1ga nem \u00e9ri el azt a minimum hat\u00e1rt, amikor m\u00e1r biztons\u00e1gosan tart\u00f3zkodhatunk rajta.<\/p>\n<p>Ma is megm\u00e9rt\u00e9k a Tiszai V\u00edzirend\u00e9szeti Rend\u0151rkapit\u00e1nys\u00e1g szakemberi a Holt-Tisza j\u00e9gvastags\u00e1g\u00e1t. Az \u00e9rt\u0151 kezek l\u00e9ket v\u00e1gtak, hogy megtudhassuk milyen er\u0151s a p\u00e1nc\u00e9l. <br \/>De m\u00e9g alkalmatlan arra, is hogy egy feln\u0151tt embert biztons\u00e1gosan elb\u00edrjon. Ehhez 12-15 centim\u00e9ter vastag j\u00e9gre van sz\u00fcks\u00e9g. Ha valaki ennek ellen\u00e9re is a j\u00e9gre mer\u00e9szkedik, az vesz\u00e9lyes lehet. <\/p>\n<p>-Ha valaki a v\u00edzbe ker\u00fcl akkor nagy a val\u00f3sz\u00edn\u0171s\u00e9ge, hogy j\u00e9g al\u00e1 ker\u00fclhet \u00e9s nehezen tud kik\u00e1sz\u00e1l\u00f3dni abb\u00f3l a bajb\u00f3l, amibe jutott. Az a megold\u00e1s, hogy ne menj\u00fcnk egyed\u00fcl soha a j\u00e9gre, hanem mindig legyen egy fel\u00fcgyelet, aki esetlegesen seg\u00edts\u00e9get tud k\u00e9rni vagy seg\u00edts\u00e9get tud ny\u00fajtani vesz\u00e9ly eset\u00e9n.&#8221;- mondta Ill\u00e9s Gergely a Tiszai V\u00edzirend\u00e9szeti Rend\u0151rkapit\u00e1nys\u00e1g rend\u0151r \u0151rnagya \u00e9s rend\u00e9szeti oszt\u00e1lyvezet\u0151je.<\/p>\n<p>A term\u00e9szetes \u00e1ll\u00f3vizek jeg\u00e9n tart\u00f3zkodni csak akkor szabad, ha a j\u00e9g kell\u0151 vastags\u00e1g\u00fa \u00e9s szil\u00e1rds\u00e1g\u00fa, nem olvadt, nem mozog \u00e9s egys\u00e9ges a j\u00e9g szerkezete. <\/p>\n<p>-Teh\u00e1t a jelenlegi j\u00e9gvastags\u00e1g nem alkalmas arra, hogy cs\u00faszk\u00e1ljanak vagy sportoljanak a j\u00e9gen.&#8221;- tette hozz\u00e1 Ill\u00e9s Gergely. <\/p>\n<p>B\u00e1r sokan rem\u00e9nykedtek abban, hogy ezen a t\u00e9len is lehet korcsoly\u00e1zni a Holt-Tisz\u00e1n, a h\u00e9tv\u00e9g\u00e9re \u00e9rkez\u0151 meleged\u00e9s \u00e9s olvad\u00e1s miatt ez biztosan nem val\u00f3sulhat meg.<\/p>\n<div style=\"width: 640px;\" class=\"wp-video\"><!--[if lt IE 9]><script>document.createElement('video');<\/script><![endif]-->\n<video class=\"wp-video-shortcode\" id=\"video-8388-1\" width=\"640\" height=\"360\" preload=\"metadata\" controls=\"controls\"><source type=\"video\/mp4\" src=\"\/spots\/hir\/hir_180301_04.mp4?_=1\" \/><a href=\"\/spots\/hir\/hir_180301_04.mp4\">\/spots\/hir\/hir_180301_04.mp4<\/a><\/video><\/div>\n","protected":false},"excerpt":{"rendered":"<p>Ezek a felv\u00e9telek tavaly janu\u00e1r v\u00e9g\u00e9n k\u00e9sz\u00fcltek a szolnoki Holt Tisz\u00e1n. Akkor 5 \u00e9v ut\u00e1n fagyott be sportol\u00e1sra alkalmas vastags\u00e1g\u00fara a holt\u00e1g 15 km-es szakasza. Ma pedig \u00edgy fest a v\u00edzfel\u00fclet. Az elm\u00falt napok hideg id\u0151j\u00e1r\u00e1s\u00e1nak k\u00f6sz\u00f6nhet\u0151en a holt\u00e1g teljes fel\u00fclet\u00e9t j\u00e9g bor\u00edtja. Mindez azonban csal\u00f3ka. A j\u00e9g vastags\u00e1ga nem \u00e9ri el azt a minimum [&hellip;]<\/p>\n","protected":false},"author":2,"featured_media":0,"comment_status":"closed","ping_status":"closed","sticky":false,"template":"","format":"standard","meta":[],"categories":[9],"tags":[],"_links":{"self":[{"href":"http:\/\/archiv.szolnoktv.hu\/index.php?rest_route=\/wp\/v2\/posts\/8388"}],"collection":[{"href":"http:\/\/archiv.szolnoktv.hu\/index.php?rest_route=\/wp\/v2\/posts"}],"about":[{"href":"http:\/\/archiv.szolnoktv.hu\/index.php?rest_route=\/wp\/v2\/types\/post"}],"author":[{"embeddable":true,"href":"http:\/\/archiv.szolnoktv.hu\/index.php?rest_route=\/wp\/v2\/users\/2"}],"replies":[{"embeddable":true,"href":"http:\/\/archiv.szolnoktv.hu\/index.php?rest_route=%2Fwp%2Fv2%2Fcomments&post=8388"}],"version-history":[{"count":1,"href":"http:\/\/archiv.szolnoktv.hu\/index.php?rest_route=\/wp\/v2\/posts\/8388\/revisions"}],"predecessor-version":[{"id":8445,"href":"http:\/\/archiv.szolnoktv.hu\/index.php?rest_route=\/wp\/v2\/posts\/8388\/revisions\/8445"}],"wp:attachment":[{"href":"http:\/\/archiv.szolnoktv.hu\/index.php?rest_route=%2Fwp%2Fv2%2Fmedia&parent=8388"}],"wp:term":[{"taxonomy":"category","embeddable":true,"href":"http:\/\/archiv.szolnoktv.hu\/index.php?rest_route=%2Fwp%2Fv2%2Fcategories&post=8388"},{"taxonomy":"post_tag","embeddable":true,"href":"http:\/\/archiv.szolnoktv.hu\/index.php?rest_route=%2Fwp%2Fv2%2Ftags&post=8388"}],"curies":[{"name":"wp","href":"https:\/\/api.w.org\/{rel}","templated":true}]}}