{"id":8387,"date":"2018-03-01T16:00:59","date_gmt":"2018-03-01T16:00:59","guid":{"rendered":"http:\/\/archiv.szolnoktv.hu\/?p=8387"},"modified":"2021-08-13T19:11:02","modified_gmt":"2021-08-13T19:11:02","slug":"etelosztas","status":"publish","type":"post","link":"http:\/\/archiv.szolnoktv.hu\/?p=8387","title":{"rendered":"\u00c9teloszt\u00e1s"},"content":{"rendered":"<div class='booster-block booster-read-block'><\/div><p>Id\u00e9n 27. \u00e9ve seg\u00edti a megyei karitasz szervezete a helyi r\u00e1szorul\u00f3kat. Ha kell meleg ruh\u00e1t, t\u00fczel\u0151t adom\u00e1nyoz vagy \u00e9ppen betegeken seg\u00edt. Ma f\u0151tt \u00e9telt tett azok asztal\u00e1ra, akiknek ez nem adatik meg minden nap.<\/p>\n<p>A karitasz munkat\u00e1rsai \u00e9vtizedek \u00f3ta t\u00f6retlen szeretettel, hittel \u00e9s bels\u0151 meggy\u0151z\u0151d\u00e9ssel v\u00e9gzik munk\u00e1jukat. Szolnokon Sz\u00e9lln\u00e9 Haraszti Magdolna, a Szent Erzs\u00e9bet Katolikus Karit\u00e1sz vezet\u00e9s\u00e9vel.<br \/>-Minden \u00e9vben szoktunk egy alkalommal, itt a Prizma \u00fati meleged\u0151ben \u00e9telt osztani, f\u0151leg ilyen t\u00e9li id\u0151szakban a r\u00e1szorul\u00f3knak, hajl\u00e9ktalanoknak. K\u00f6r\u00fclbel\u00fcl 50 adag \u00e9tel hoztunk a mai napon is, guly\u00e1sleves \u00e9s tepert\u0151s pog\u00e1csa a mai men\u00fc.&#8221;<\/p>\n<p>-A kereszt\u00e9ny ember saj\u00e1tja a seg\u00edt\u00e9s&#8221; -mondta Dr. K\u00e1llai M\u00e1ria. A megyei korm\u00e1nymegb\u00edzott r\u00e9szt v\u00e1llalt az \u00e9teloszt\u00e1sban.<br \/>-\u00c9n magam is sokat besz\u00e9lgettem az itt l\u00e9v\u0151kkel. \u00c9n \u00fagy gondolom, hogy egy meleg \u00e9tel egy ilyen kritikus hidegben fontos. Ha itt k\u00f6rbe n\u00e9z\u00fcnk, akkor l\u00e1thatjuk, hogy az elhelyez\u00e9s\u00fck korrekt, tiszt\u00e1lkod\u00e1sra, meleged\u00e9sre mindenk\u00e9ppen van lehet\u0151s\u00e9g. &#8211;<\/p>\n<p>A karitasz az \u00e9teloszt\u00e1son t\u00fal folyamatosan seg\u00edti a hajl\u00e9ktalanokat, a szenved\u00e9ly betegeket \u00e9s a r\u00e1szorul\u00f3 csal\u00e1dokat is.<\/p>\n<div style=\"width: 640px;\" class=\"wp-video\"><!--[if lt IE 9]><script>document.createElement('video');<\/script><![endif]-->\n<video class=\"wp-video-shortcode\" id=\"video-8387-1\" width=\"640\" height=\"360\" preload=\"metadata\" controls=\"controls\"><source type=\"video\/mp4\" src=\"\/spots\/hir\/hir_180301_03.mp4?_=1\" \/><a href=\"\/spots\/hir\/hir_180301_03.mp4\">\/spots\/hir\/hir_180301_03.mp4<\/a><\/video><\/div>\n","protected":false},"excerpt":{"rendered":"<p>Id\u00e9n 27. \u00e9ve seg\u00edti a megyei karitasz szervezete a helyi r\u00e1szorul\u00f3kat. Ha kell meleg ruh\u00e1t, t\u00fczel\u0151t adom\u00e1nyoz vagy \u00e9ppen betegeken seg\u00edt. Ma f\u0151tt \u00e9telt tett azok asztal\u00e1ra, akiknek ez nem adatik meg minden nap. A karitasz munkat\u00e1rsai \u00e9vtizedek \u00f3ta t\u00f6retlen szeretettel, hittel \u00e9s bels\u0151 meggy\u0151z\u0151d\u00e9ssel v\u00e9gzik munk\u00e1jukat. Szolnokon Sz\u00e9lln\u00e9 Haraszti Magdolna, a Szent Erzs\u00e9bet Katolikus [&hellip;]<\/p>\n","protected":false},"author":2,"featured_media":0,"comment_status":"closed","ping_status":"closed","sticky":false,"template":"","format":"standard","meta":[],"categories":[9],"tags":[],"_links":{"self":[{"href":"http:\/\/archiv.szolnoktv.hu\/index.php?rest_route=\/wp\/v2\/posts\/8387"}],"collection":[{"href":"http:\/\/archiv.szolnoktv.hu\/index.php?rest_route=\/wp\/v2\/posts"}],"about":[{"href":"http:\/\/archiv.szolnoktv.hu\/index.php?rest_route=\/wp\/v2\/types\/post"}],"author":[{"embeddable":true,"href":"http:\/\/archiv.szolnoktv.hu\/index.php?rest_route=\/wp\/v2\/users\/2"}],"replies":[{"embeddable":true,"href":"http:\/\/archiv.szolnoktv.hu\/index.php?rest_route=%2Fwp%2Fv2%2Fcomments&post=8387"}],"version-history":[{"count":1,"href":"http:\/\/archiv.szolnoktv.hu\/index.php?rest_route=\/wp\/v2\/posts\/8387\/revisions"}],"predecessor-version":[{"id":8446,"href":"http:\/\/archiv.szolnoktv.hu\/index.php?rest_route=\/wp\/v2\/posts\/8387\/revisions\/8446"}],"wp:attachment":[{"href":"http:\/\/archiv.szolnoktv.hu\/index.php?rest_route=%2Fwp%2Fv2%2Fmedia&parent=8387"}],"wp:term":[{"taxonomy":"category","embeddable":true,"href":"http:\/\/archiv.szolnoktv.hu\/index.php?rest_route=%2Fwp%2Fv2%2Fcategories&post=8387"},{"taxonomy":"post_tag","embeddable":true,"href":"http:\/\/archiv.szolnoktv.hu\/index.php?rest_route=%2Fwp%2Fv2%2Ftags&post=8387"}],"curies":[{"name":"wp","href":"https:\/\/api.w.org\/{rel}","templated":true}]}}