{"id":8356,"date":"2018-03-01T15:43:12","date_gmt":"2018-03-01T15:43:12","guid":{"rendered":"http:\/\/archiv.szolnoktv.hu\/?p=8356"},"modified":"2021-08-13T19:02:12","modified_gmt":"2021-08-13T19:02:12","slug":"kevesebb-az-influenzas","status":"publish","type":"post","link":"http:\/\/archiv.szolnoktv.hu\/?p=8356","title":{"rendered":"Kevesebb az influenz\u00e1s"},"content":{"rendered":"<div class='booster-block booster-read-block'><\/div><p>Febru\u00e1r k\u00f6zep\u00e9ig folyamatosan emelkedett az influenz\u00e1s betegek sz\u00e1ma, azonban a h\u00e9ten m\u00e1r 26%-kal kevesebb p\u00e1cienst l\u00e1ttak el a h\u00e1ziorvosok. A betegek sz\u00e1ma a legmagasabb a Karcagi, m\u00edg a legalacsonyabb a Szolnoki J\u00e1r\u00e1si Hivatal ter\u00fclet\u00e9n volt. A v\u00edrus legnagyobb sz\u00e1mban a 15 \u00e9s 34 k\u00f6z\u00f6ttieket \u00e9rintette. A legkisebb sz\u00e1mban a 60 \u00e9ven fel\u00fcliek k\u00f6r\u00e9ben diagnosztiz\u00e1lt\u00e1k a megbeteged\u00e9st. Az Orsz\u00e1gos K\u00f6zeg\u00e9szs\u00e9g\u00fcgyi Int\u00e9zet megy\u00e9nkben 4 esetben azonos\u00edtotta a v\u00edrus B t\u00edpus\u00e1t. Tov\u00e1bbra is l\u00e1togat\u00e1si tilalom van \u00e9rv\u00e9nyben a Szolnoki Het\u00e9nyi G\u00e9za K\u00f3rh\u00e1z Sz\u00fcl\u00e9szet-N\u0151gy\u00f3gy\u00e1szati-, a Csecsem\u0151-\u00e9s Gyermek-, valamint az Aneszteziol\u00f3giai \u00e9s Intenz\u00edv Ter\u00e1pi\u00e1s Oszt\u00e1lyon, illetve a J\u00e1szber\u00e9nyi Szent Erzs\u00e9bet- \u00e9s a K\u00e1tai G\u00e1bor K\u00f3rh\u00e1zban.<\/p>\n<div style=\"width: 640px;\" class=\"wp-video\"><!--[if lt IE 9]><script>document.createElement('video');<\/script><![endif]-->\n<video class=\"wp-video-shortcode\" id=\"video-8356-1\" width=\"640\" height=\"360\" preload=\"metadata\" controls=\"controls\"><source type=\"video\/mp4\" src=\"\/spots\/hir\/hir_180301_02.mp4?_=1\" \/><a href=\"\/spots\/hir\/hir_180301_02.mp4\">\/spots\/hir\/hir_180301_02.mp4<\/a><\/video><\/div>\n","protected":false},"excerpt":{"rendered":"<p>Febru\u00e1r k\u00f6zep\u00e9ig folyamatosan emelkedett az influenz\u00e1s betegek sz\u00e1ma, azonban a h\u00e9ten m\u00e1r 26%-kal kevesebb p\u00e1cienst l\u00e1ttak el a h\u00e1ziorvosok. A betegek sz\u00e1ma a legmagasabb a Karcagi, m\u00edg a legalacsonyabb a Szolnoki J\u00e1r\u00e1si Hivatal ter\u00fclet\u00e9n volt. A v\u00edrus legnagyobb sz\u00e1mban a 15 \u00e9s 34 k\u00f6z\u00f6ttieket \u00e9rintette. A legkisebb sz\u00e1mban a 60 \u00e9ven fel\u00fcliek k\u00f6r\u00e9ben diagnosztiz\u00e1lt\u00e1k a [&hellip;]<\/p>\n","protected":false},"author":2,"featured_media":0,"comment_status":"closed","ping_status":"closed","sticky":false,"template":"","format":"standard","meta":[],"categories":[9],"tags":[],"_links":{"self":[{"href":"http:\/\/archiv.szolnoktv.hu\/index.php?rest_route=\/wp\/v2\/posts\/8356"}],"collection":[{"href":"http:\/\/archiv.szolnoktv.hu\/index.php?rest_route=\/wp\/v2\/posts"}],"about":[{"href":"http:\/\/archiv.szolnoktv.hu\/index.php?rest_route=\/wp\/v2\/types\/post"}],"author":[{"embeddable":true,"href":"http:\/\/archiv.szolnoktv.hu\/index.php?rest_route=\/wp\/v2\/users\/2"}],"replies":[{"embeddable":true,"href":"http:\/\/archiv.szolnoktv.hu\/index.php?rest_route=%2Fwp%2Fv2%2Fcomments&post=8356"}],"version-history":[{"count":1,"href":"http:\/\/archiv.szolnoktv.hu\/index.php?rest_route=\/wp\/v2\/posts\/8356\/revisions"}],"predecessor-version":[{"id":8357,"href":"http:\/\/archiv.szolnoktv.hu\/index.php?rest_route=\/wp\/v2\/posts\/8356\/revisions\/8357"}],"wp:attachment":[{"href":"http:\/\/archiv.szolnoktv.hu\/index.php?rest_route=%2Fwp%2Fv2%2Fmedia&parent=8356"}],"wp:term":[{"taxonomy":"category","embeddable":true,"href":"http:\/\/archiv.szolnoktv.hu\/index.php?rest_route=%2Fwp%2Fv2%2Fcategories&post=8356"},{"taxonomy":"post_tag","embeddable":true,"href":"http:\/\/archiv.szolnoktv.hu\/index.php?rest_route=%2Fwp%2Fv2%2Ftags&post=8356"}],"curies":[{"name":"wp","href":"https:\/\/api.w.org\/{rel}","templated":true}]}}