{"id":8355,"date":"2018-03-01T15:39:12","date_gmt":"2018-03-01T15:39:12","guid":{"rendered":"http:\/\/archiv.szolnoktv.hu\/?p=8355"},"modified":"2021-08-13T19:02:12","modified_gmt":"2021-08-13T19:02:12","slug":"a-vadaszok-vigyaznak-a-vadakra","status":"publish","type":"post","link":"http:\/\/archiv.szolnoktv.hu\/?p=8355","title":{"rendered":"A vad\u00e1szok vigy\u00e1znak a vadakra"},"content":{"rendered":"<div class='booster-block booster-read-block'><\/div><p>Vadetet\u00e9shez k\u00e9sz\u00fcl\u0151dik a szolnoki hivat\u00e1sos vad\u00e1sz. Fejes Zolt\u00e1n hetente egy alkalommal f\u00e9l zs\u00e1k kukorica ocs\u00faval, zabbal \u00e9s lucernasz\u00e9n\u00e1val t\u00f6lti meg a nagyvadetet\u0151t.<\/p>\n<p>-Hoztunk ki most lucernasz\u00e9n\u00e1t, kukorica ocs\u00fat \u00e9s zabot kapnak m\u00e9g. Az\u00e9rt fontos a zab ad\u00e1sa neki, mert, ha kukoric\u00e1t enn\u00e9nek csak sim\u00e1n, abb\u00f3l k\u00f6nnyen bezab\u00e1l \u00e9s mivel k\u00e9r\u0151dz\u0151 j\u00f3sz\u00e1g \u00edgy ez a tejsavszintet megemeli \u00e9s tejsavm\u00e9rgez\u00e9sben k\u00f6nnyen elpusztul \u00e9s \u00edgy musz\u00e1j neki a nagy rost-tartalm\u00fa zabot adni.&#8221;  &#8211; mondta Fejes Zolt\u00e1n hivat\u00e1sos vad\u00e1sz<\/p>\n<p>A vad\u00e1llom\u00e1ny szempontj\u00e1b\u00f3l az idei enyhe t\u00e9l kedvez\u0151bb volt, mint a tavalyi  &#8211;   mondja a megyei f\u0151vad\u00e1sz. Kasuba Andr\u00e1s szerint a m\u00falt h\u00e9ten kezd\u0151d\u00f6tt leh\u0171l\u00e9s m\u00e9g elviselhet\u0151 a vadak sz\u00e1m\u00e1ra, teh\u00e1t az \u00e1llom\u00e1ny v\u00e1rhat\u00f3an nem k\u00e1rosodik az ilyenkor szokatlanul alacsony h\u0151m\u00e9rs\u00e9klet miatt. Az \u00e1llatok az enyhe h\u00f3napokban m\u00e9g tal\u00e1ltak \u00e9lelmet, most pedig a vad\u00e1szt\u00e1rsas\u00e1gok biztos\u00edtj\u00e1k sz\u00e1mukra a takarm\u00e1nyt a vadetet\u0151kben. <\/p>\n<p>Kasuba Andr\u00e1s, JNSZ megyei f\u0151vad\u00e1sz r\u00e1mutatott: -Most, hogy bej\u00f6tt a hideg minden jogosultnak feladata, hogy a vad\u00e1llom\u00e1nyt nem csak kieg\u00e9sz\u00edt\u0151 takarm\u00e1nyoz\u00e1ssal, hanem rendesen is takarm\u00e1nyozza. Ez azt jelenti, hogy ilyenkor az \u00f6sszes etet\u0151t fel kell t\u00f6lteni, \u00e9s itt minden nap kell tal\u00e1ljon mag\u00e1nak benne a vad t\u00e1pl\u00e1l\u00e9kot. Ezzel tudja t\u00falv\u00e9szelni, illetve a szaporulatot a k\u00e9s\u0151bbiekben a vehemben l\u00e9v\u0151 szaporulat ez\u00e1ltal biztosabban megmarad.&#8221; <\/p>\n<p>A vadak etet\u00e9se jelent\u0151s k\u00f6lts\u00e9geket jelent: egy 5000 hekt\u00e1ros vad\u00e1szter\u00fcleten mintegy 200 m\u00e1zsa szemes takarm\u00e1nyt, illetve sz\u00e1las n\u00f6v\u00e9nyekb\u0151l, p\u00e9ld\u00e1ul lucern\u00e1b\u00f3l 200 kisb\u00e1l\u00e1t helyeznek ki a t\u00e9l folyam\u00e1n. <\/p>\n<div style=\"width: 640px;\" class=\"wp-video\"><!--[if lt IE 9]><script>document.createElement('video');<\/script><![endif]-->\n<video class=\"wp-video-shortcode\" id=\"video-8355-1\" width=\"640\" height=\"360\" preload=\"metadata\" controls=\"controls\"><source type=\"video\/mp4\" src=\"\/spots\/hir\/hir_180301_01.mp4?_=1\" \/><a href=\"\/spots\/hir\/hir_180301_01.mp4\">\/spots\/hir\/hir_180301_01.mp4<\/a><\/video><\/div>\n","protected":false},"excerpt":{"rendered":"<p>Vadetet\u00e9shez k\u00e9sz\u00fcl\u0151dik a szolnoki hivat\u00e1sos vad\u00e1sz. Fejes Zolt\u00e1n hetente egy alkalommal f\u00e9l zs\u00e1k kukorica ocs\u00faval, zabbal \u00e9s lucernasz\u00e9n\u00e1val t\u00f6lti meg a nagyvadetet\u0151t. -Hoztunk ki most lucernasz\u00e9n\u00e1t, kukorica ocs\u00fat \u00e9s zabot kapnak m\u00e9g. Az\u00e9rt fontos a zab ad\u00e1sa neki, mert, ha kukoric\u00e1t enn\u00e9nek csak sim\u00e1n, abb\u00f3l k\u00f6nnyen bezab\u00e1l \u00e9s mivel k\u00e9r\u0151dz\u0151 j\u00f3sz\u00e1g \u00edgy ez a tejsavszintet [&hellip;]<\/p>\n","protected":false},"author":2,"featured_media":0,"comment_status":"closed","ping_status":"closed","sticky":false,"template":"","format":"standard","meta":[],"categories":[9],"tags":[],"_links":{"self":[{"href":"http:\/\/archiv.szolnoktv.hu\/index.php?rest_route=\/wp\/v2\/posts\/8355"}],"collection":[{"href":"http:\/\/archiv.szolnoktv.hu\/index.php?rest_route=\/wp\/v2\/posts"}],"about":[{"href":"http:\/\/archiv.szolnoktv.hu\/index.php?rest_route=\/wp\/v2\/types\/post"}],"author":[{"embeddable":true,"href":"http:\/\/archiv.szolnoktv.hu\/index.php?rest_route=\/wp\/v2\/users\/2"}],"replies":[{"embeddable":true,"href":"http:\/\/archiv.szolnoktv.hu\/index.php?rest_route=%2Fwp%2Fv2%2Fcomments&post=8355"}],"version-history":[{"count":1,"href":"http:\/\/archiv.szolnoktv.hu\/index.php?rest_route=\/wp\/v2\/posts\/8355\/revisions"}],"predecessor-version":[{"id":8358,"href":"http:\/\/archiv.szolnoktv.hu\/index.php?rest_route=\/wp\/v2\/posts\/8355\/revisions\/8358"}],"wp:attachment":[{"href":"http:\/\/archiv.szolnoktv.hu\/index.php?rest_route=%2Fwp%2Fv2%2Fmedia&parent=8355"}],"wp:term":[{"taxonomy":"category","embeddable":true,"href":"http:\/\/archiv.szolnoktv.hu\/index.php?rest_route=%2Fwp%2Fv2%2Fcategories&post=8355"},{"taxonomy":"post_tag","embeddable":true,"href":"http:\/\/archiv.szolnoktv.hu\/index.php?rest_route=%2Fwp%2Fv2%2Ftags&post=8355"}],"curies":[{"name":"wp","href":"https:\/\/api.w.org\/{rel}","templated":true}]}}