{"id":8354,"date":"2018-02-28T18:33:50","date_gmt":"2018-02-28T18:33:50","guid":{"rendered":"http:\/\/archiv.szolnoktv.hu\/?p=8354"},"modified":"2021-08-13T19:02:13","modified_gmt":"2021-08-13T19:02:13","slug":"feladatmegosztas-a-mav-es-a-hetenyi-korhaz-kozott","status":"publish","type":"post","link":"http:\/\/archiv.szolnoktv.hu\/?p=8354","title":{"rendered":"Feladatmegoszt\u00e1s A M\u00c1V \u00e9s a Het\u00e9nyi K\u00f3rh\u00e1z k\u00f6z\u00f6tt"},"content":{"rendered":"<div class='booster-block booster-read-block'><\/div><p>Egy v\u00e1rosban k\u00e9t k\u00f3rh\u00e1z, amely szigor\u00faan feladatmegoszt\u00e1sos egy\u00fcttm\u0171k\u00f6d\u00e9sben dolgozik j\u00f3l megf\u00e9r egym\u00e1s mellett  &#8211;   mondta a M\u00c1V K\u00f3rh\u00e1z f\u0151igazgat\u00f3ja. Dr. Rudner Ervin hangs\u00falyozta, hogy az egy\u00fcttm\u0171k\u00f6d\u00e9s  &#8211;   tapasztalhat\u00f3an &#8211;  szakmai fejl\u0151d\u00e9st is szolg\u00e1l. A tov\u00e1bbi el\u0151rel\u00e9p\u00e9s \u00e9rdek\u00e9ben az int\u00e9zm\u00e9ny a belgy\u00f3gy\u00e1szati ell\u00e1t\u00e1si szakter\u00fcletet &#8211; ter\u00fcletei ell\u00e1t\u00e1si k\u00f6telezetts\u00e9ggel egy\u00fctt &#8211; \u00e1tadja a Het\u00e9nyi K\u00f3rh\u00e1znak, \u00edgy Szolnokon egy helyen lesz a belgy\u00f3gy\u00e1szati \u00fcgyeleti ell\u00e1t\u00e1s. <\/p>\n<p>-Nek\u00fcnk a k\u00f6z\u00e9pt\u00e1v\u00fa szakmai fejleszt\u00e9si programunkban egy\u00e9rtelm\u0171en az \u00e1ll el\u0151t\u00e9rben, hogy a mozg\u00e1sszervi szakk\u00f3rh\u00e1zi funkci\u00f3nkat szeretn\u00e9nk er\u0151s\u00edteni \u00e9s fejleszteni \u00e9s ebb\u0151l az immunol\u00f3giai ell\u00e1t\u00e1s az m\u00e9g hi\u00e1nyzott. A j\u00e1r\u00f3beteg szakell\u00e1t\u00e1st m\u00e1r \u00e9vek \u00f3ta mi csin\u00e1ljuk, de ennek a fekv\u0151beteg h\u00e1tter\u00e9t is szerett\u00fck volna megval\u00f3s\u00edtani. Ezzel, hogy a belgy\u00f3gy\u00e1szatot \u00e1tadtuk a megyei k\u00f3rh\u00e1znak az ott l\u00e9v\u0151 kapacit\u00e1st beforgattuk a reumatol\u00f3giai oszt\u00e1lyba \u00e9s a reumatol\u00f3giai oszt\u00e1lyt egy immunol\u00f3giai profillal ruh\u00e1ztuk fel.&#8221;  &#8211;   mondta Dr. Rudner Ervin.<\/p>\n<p>A belgy\u00f3gy\u00e1szati szakell\u00e1t\u00e1s \u00e1tad\u00e1s\u00e1val az \u00e9rintett telep\u00fcl\u00e9sek ell\u00e1t\u00e1s\u00e1ban jelent\u0151s szakmai el\u0151rel\u00e9p\u00e9s t\u00f6rt\u00e9nik, hiszen a sz\u00e9les k\u00f6r\u0171 h\u00e1tt\u00e9rrel rendelkez\u0151 megyei k\u00f3rh\u00e1z \u00fcgyeleti id\u0151ben is teljesk\u00f6r\u0171en l\u00e1tja el a s\u00fcrg\u0151ss\u00e9ggel \u00e9rkez\u0151 betegeket a nap 24 \u00f3r\u00e1j\u00e1ban.<\/p>\n<p>-Ezt a 14 telep\u00fcl\u00e9st gyakorlatilag befogadjuk a fekv\u0151beteg ell\u00e1t\u00e1s belgy\u00f3gy\u00e1szati szak\u00e1g\u00e1ba. Azt hiszem, hogy kisebb \u00e1tszervez\u00e9seket fog ez ig\u00e9nyelni, hogy z\u00f6kken\u0151mentes legyen, de nem fog probl\u00e9m\u00e1t okozni az ell\u00e1t\u00e1sban semmik\u00e9ppen.&#8221;  &#8211;   mondta Dr. Lippai Norbert a Het\u00e9nyi K\u00f3rh\u00e1z mb. f\u0151igazgat\u00f3ja.<\/p>\n<p>Kiv\u00e1l\u00f3 szakmai sz\u00ednvonal\u00fa int\u00e9zm\u00e9nyek l\u00e1tj\u00e1k el a t\u00e1rs\u00e1g betegeit, a v\u00e1ltoz\u00e1st k\u00f6vet\u0151en a min\u0151s\u00e9g v\u00e1ltozatlan marad, azonban az ell\u00e1t\u00e1s teljess\u00e9 v\u00e1lik  &#8211;   mondta Szalay Ferenc.<\/p>\n<p>-El\u00e9rt\u00fck azt, hogy mind a k\u00e9t k\u00f3rh\u00e1z a legmagasabb szinten m\u0171k\u00f6dhet. A k\u00e9t k\u00f3rh\u00e1zban dolgoz\u00f3k teljesen stabil \u00e9s biztons\u00e1gos munkahelyeket tudhatnak maguk m\u00f6g\u00f6tt. Nagy sz\u00fcks\u00e9g van r\u00e1juk, szakmais\u00e1gukra, hozz\u00e1\u00e1ll\u00e1sukra, tud\u00e1sukra.&#8221;  &#8211;   tette hozz\u00e1 a polg\u00e1rmester.<br \/>A k\u00e9t k\u00f3rh\u00e1z az ell\u00e1t\u00e1s szem\u00e9lyi \u00e9s t\u00e1rgyi felt\u00e9teleit az elm\u00falt \u00e9vekben m\u00e1r megteremtette, s\u0151t mind a k\u00e9t helyen megfelel\u0151 az ut\u00e1np\u00f3tl\u00e1s is. A Het\u00e9nyiben p\u00e9ld\u00e1nak ok\u00e1\u00e9rt nincs bet\u00f6ltetlen \u00e1ll\u00e1s, m\u00edg a rezidensek k\u00f6z\u00f6tt sem.<\/p>\n<div style=\"width: 640px;\" class=\"wp-video\"><!--[if lt IE 9]><script>document.createElement('video');<\/script><![endif]-->\n<video class=\"wp-video-shortcode\" id=\"video-8354-1\" width=\"640\" height=\"360\" preload=\"metadata\" controls=\"controls\"><source type=\"video\/mp4\" src=\"\/spots\/hir\/hir_180228_06.mp4?_=1\" \/><a href=\"\/spots\/hir\/hir_180228_06.mp4\">\/spots\/hir\/hir_180228_06.mp4<\/a><\/video><\/div>\n","protected":false},"excerpt":{"rendered":"<p>Egy v\u00e1rosban k\u00e9t k\u00f3rh\u00e1z, amely szigor\u00faan feladatmegoszt\u00e1sos egy\u00fcttm\u0171k\u00f6d\u00e9sben dolgozik j\u00f3l megf\u00e9r egym\u00e1s mellett &#8211; mondta a M\u00c1V K\u00f3rh\u00e1z f\u0151igazgat\u00f3ja. Dr. Rudner Ervin hangs\u00falyozta, hogy az egy\u00fcttm\u0171k\u00f6d\u00e9s &#8211; tapasztalhat\u00f3an &#8211; szakmai fejl\u0151d\u00e9st is szolg\u00e1l. A tov\u00e1bbi el\u0151rel\u00e9p\u00e9s \u00e9rdek\u00e9ben az int\u00e9zm\u00e9ny a belgy\u00f3gy\u00e1szati ell\u00e1t\u00e1si szakter\u00fcletet &#8211; ter\u00fcletei ell\u00e1t\u00e1si k\u00f6telezetts\u00e9ggel egy\u00fctt &#8211; \u00e1tadja a Het\u00e9nyi K\u00f3rh\u00e1znak, \u00edgy Szolnokon [&hellip;]<\/p>\n","protected":false},"author":2,"featured_media":0,"comment_status":"closed","ping_status":"closed","sticky":false,"template":"","format":"standard","meta":[],"categories":[9],"tags":[],"_links":{"self":[{"href":"http:\/\/archiv.szolnoktv.hu\/index.php?rest_route=\/wp\/v2\/posts\/8354"}],"collection":[{"href":"http:\/\/archiv.szolnoktv.hu\/index.php?rest_route=\/wp\/v2\/posts"}],"about":[{"href":"http:\/\/archiv.szolnoktv.hu\/index.php?rest_route=\/wp\/v2\/types\/post"}],"author":[{"embeddable":true,"href":"http:\/\/archiv.szolnoktv.hu\/index.php?rest_route=\/wp\/v2\/users\/2"}],"replies":[{"embeddable":true,"href":"http:\/\/archiv.szolnoktv.hu\/index.php?rest_route=%2Fwp%2Fv2%2Fcomments&post=8354"}],"version-history":[{"count":1,"href":"http:\/\/archiv.szolnoktv.hu\/index.php?rest_route=\/wp\/v2\/posts\/8354\/revisions"}],"predecessor-version":[{"id":8359,"href":"http:\/\/archiv.szolnoktv.hu\/index.php?rest_route=\/wp\/v2\/posts\/8354\/revisions\/8359"}],"wp:attachment":[{"href":"http:\/\/archiv.szolnoktv.hu\/index.php?rest_route=%2Fwp%2Fv2%2Fmedia&parent=8354"}],"wp:term":[{"taxonomy":"category","embeddable":true,"href":"http:\/\/archiv.szolnoktv.hu\/index.php?rest_route=%2Fwp%2Fv2%2Fcategories&post=8354"},{"taxonomy":"post_tag","embeddable":true,"href":"http:\/\/archiv.szolnoktv.hu\/index.php?rest_route=%2Fwp%2Fv2%2Ftags&post=8354"}],"curies":[{"name":"wp","href":"https:\/\/api.w.org\/{rel}","templated":true}]}}