{"id":8353,"date":"2018-02-28T18:24:20","date_gmt":"2018-02-28T18:24:20","guid":{"rendered":"http:\/\/archiv.szolnoktv.hu\/?p=8353"},"modified":"2021-08-13T19:02:13","modified_gmt":"2021-08-13T19:02:13","slug":"szolnoki-foglalkoztatasi-paktum","status":"publish","type":"post","link":"http:\/\/archiv.szolnoktv.hu\/?p=8353","title":{"rendered":"Szolnoki Foglalkoztat\u00e1si Paktum"},"content":{"rendered":"<div class='booster-block booster-read-block'><\/div><p> Kezdet\u00e9t vette a 6 alkalomb\u00f3l \u00e1ll\u00f3 foglalkoztat\u00e1si paktumok tev\u00e9kenys\u00e9ge. Az un\u00f3s t\u00e1mogat\u00e1ssal megval\u00f3sul\u00f3 program a  ,,j\u00f3gyakorlatok&#8221; megoszt\u00e1s\u00e1ra is alkalmat ad. A konferencia megnyit\u00f3j\u00e1n Szalay Ferenc polg\u00e1rmester k\u00f6sz\u00f6nt\u00f6tte a r\u00e9sztvev\u0151ket.<\/p>\n<p>Az elm\u00falt \u00e9v m\u00e1rcius\u00e1ban j\u00f6tt l\u00e9tre a Szolnoki Foglalkoztat\u00e1si Paktum. A munkaer\u0151-piaci szerepl\u0151k \u00f6sszefognak annak \u00e9rdek\u00e9ben, hogy seg\u00edtsenek munk\u00e1ba \u00e1llni azoknak  akik tart\u00f3san nem tudnak elhelyezkedni a munkaer\u0151piacon. <\/p>\n<p>A program c\u00e9lja az is, hogy a k\u00fcl\u00f6nb\u00f6z\u0151 c\u00e9geknek a m\u00e1r megn\u00f6vekedett munkaer\u0151 ig\u00e9ny\u00e9t seg\u00edts\u00fck kiel\u00e9g\u00edteni. Azokat a kompetenci\u00e1kat, munkav\u00e1llal\u00f3i kompetenci\u00e1kat  seg\u00edts\u00e9g fejleszteni amelyek sz\u00fcks\u00e9gesek ahhoz, hogy egy c\u00e9gn\u00e9l valaki munk\u00e1t tal\u00e1ljon illetve meg is maradjon.- mondta De\u00e1k Mikl\u00f3sn\u00e9, projekt szakmai vezet\u0151je, Foglalkoztat\u00e1si Paktum <\/p>\n<p>A 23 megyei jog\u00fa v\u00e1ros ez ir\u00e1ny\u00fa tapasztalatait \u00e9s a j\u00f3 gyakorlatokat osztja meg egym\u00e1ssal. Ami sikeresen m\u0171k\u00f6dik egy adott telep\u00fcl\u00e9sen, az elk\u00e9pzelhet\u0151, hogy m\u00e1shol is szint\u00e9n eredm\u00e9nyes lesz.<br \/>Szolnoknak ebben a programban 868 f\u0151nek tud seg\u00edteni, s\u0151t  250 embert k\u00e9pz\u00e9sekbe is bevonnak. Ez\u00e1ltal \u00faj ismeretekhez \u00e9s szakm\u00e1hoz juthatnak a p\u00e1ly\u00e1zatban r\u00e9sztvev\u0151k.<\/p>\n<p>Az Impulzus Egyes\u00fclet tavaly szeptemberben kapcsol\u00f3dott be a paktum munk\u00e1j\u00e1ba. Ez az egy\u00fcttm\u0171k\u00f6d\u00e9s sz\u00e1munkra az\u00e9rt nagyon fontos, mert hogy mi tudjuk k\u00f6zvet\u00edteni a t\u00e1rsadalom h\u00e1tr\u00e1nyos helyzet\u0171 tagjainak konkr\u00e9t ig\u00e9nyeit a paktum szervezet egy\u00fcttm\u0171k\u00f6d\u00e9s fel\u00e9. Az\u00f3ta 140-150 embert vontunk be a programba, illetve mi hum\u00e1n szolg\u00e1ltat\u00e1sba r\u00e9szes\u00edtj\u00fck \u0151ket, munkaer\u0151-piaci szolg\u00e1ltat\u00e1sokba \u00e9s ezeknek nagy r\u00e9sze el is helyezkedett, az\u00f3ta is bent vannak a c\u00e9gekn\u00e9l, amit mi folyamatosan mentor\u00e1lunk.- mondta Bakos-Szab\u00f3 Ren\u00e1ta, program szakmai vezet\u0151je, Impulzus Egyes\u00fclet<\/p>\n<p>A 2 napos szolnoki konferenci\u00e1n nemcsak tapasztalatokat cser\u00e9ltek a r\u00e9sztvev\u0151 c\u00e9gek, hanem \u00f6tleteket is adtak egym\u00e1snak a tov\u00e1bbi m\u0171k\u00f6d\u00e9sre vonatkoz\u00f3an.  A sorozatnak 3 alkalommal Szolnok, 3 alkalommal pedig Veszpr\u00e9m ad otthont.<\/p>\n<div style=\"width: 640px;\" class=\"wp-video\"><!--[if lt IE 9]><script>document.createElement('video');<\/script><![endif]-->\n<video class=\"wp-video-shortcode\" id=\"video-8353-1\" width=\"640\" height=\"360\" preload=\"metadata\" controls=\"controls\"><source type=\"video\/mp4\" src=\"\/spots\/hir\/hir_180228_07.mp4?_=1\" \/><a href=\"\/spots\/hir\/hir_180228_07.mp4\">\/spots\/hir\/hir_180228_07.mp4<\/a><\/video><\/div>\n","protected":false},"excerpt":{"rendered":"<p>Kezdet\u00e9t vette a 6 alkalomb\u00f3l \u00e1ll\u00f3 foglalkoztat\u00e1si paktumok tev\u00e9kenys\u00e9ge. Az un\u00f3s t\u00e1mogat\u00e1ssal megval\u00f3sul\u00f3 program a ,,j\u00f3gyakorlatok&#8221; megoszt\u00e1s\u00e1ra is alkalmat ad. A konferencia megnyit\u00f3j\u00e1n Szalay Ferenc polg\u00e1rmester k\u00f6sz\u00f6nt\u00f6tte a r\u00e9sztvev\u0151ket. Az elm\u00falt \u00e9v m\u00e1rcius\u00e1ban j\u00f6tt l\u00e9tre a Szolnoki Foglalkoztat\u00e1si Paktum. A munkaer\u0151-piaci szerepl\u0151k \u00f6sszefognak annak \u00e9rdek\u00e9ben, hogy seg\u00edtsenek munk\u00e1ba \u00e1llni azoknak akik tart\u00f3san nem tudnak elhelyezkedni [&hellip;]<\/p>\n","protected":false},"author":2,"featured_media":0,"comment_status":"closed","ping_status":"closed","sticky":false,"template":"","format":"standard","meta":[],"categories":[9],"tags":[],"_links":{"self":[{"href":"http:\/\/archiv.szolnoktv.hu\/index.php?rest_route=\/wp\/v2\/posts\/8353"}],"collection":[{"href":"http:\/\/archiv.szolnoktv.hu\/index.php?rest_route=\/wp\/v2\/posts"}],"about":[{"href":"http:\/\/archiv.szolnoktv.hu\/index.php?rest_route=\/wp\/v2\/types\/post"}],"author":[{"embeddable":true,"href":"http:\/\/archiv.szolnoktv.hu\/index.php?rest_route=\/wp\/v2\/users\/2"}],"replies":[{"embeddable":true,"href":"http:\/\/archiv.szolnoktv.hu\/index.php?rest_route=%2Fwp%2Fv2%2Fcomments&post=8353"}],"version-history":[{"count":1,"href":"http:\/\/archiv.szolnoktv.hu\/index.php?rest_route=\/wp\/v2\/posts\/8353\/revisions"}],"predecessor-version":[{"id":8360,"href":"http:\/\/archiv.szolnoktv.hu\/index.php?rest_route=\/wp\/v2\/posts\/8353\/revisions\/8360"}],"wp:attachment":[{"href":"http:\/\/archiv.szolnoktv.hu\/index.php?rest_route=%2Fwp%2Fv2%2Fmedia&parent=8353"}],"wp:term":[{"taxonomy":"category","embeddable":true,"href":"http:\/\/archiv.szolnoktv.hu\/index.php?rest_route=%2Fwp%2Fv2%2Fcategories&post=8353"},{"taxonomy":"post_tag","embeddable":true,"href":"http:\/\/archiv.szolnoktv.hu\/index.php?rest_route=%2Fwp%2Fv2%2Ftags&post=8353"}],"curies":[{"name":"wp","href":"https:\/\/api.w.org\/{rel}","templated":true}]}}