{"id":8352,"date":"2018-02-28T18:15:58","date_gmt":"2018-02-28T18:15:58","guid":{"rendered":"http:\/\/archiv.szolnoktv.hu\/?p=8352"},"modified":"2021-08-13T19:02:13","modified_gmt":"2021-08-13T19:02:13","slug":"ket-ujabb-jeloltet-vettek-nyilvantartasba","status":"publish","type":"post","link":"http:\/\/archiv.szolnoktv.hu\/?p=8352","title":{"rendered":"K\u00e9t \u00fajabb jel\u00f6ltet vettek nyilv\u00e1ntart\u00e1sba"},"content":{"rendered":"<div class='booster-block booster-read-block'><\/div><p>A Fidesz \u00e9s az MSZP ut\u00e1n k\u00e9t \u00fajabb jel\u00f6l\u0151 szervezetnek siker\u00fclt a t\u00f6rv\u00e9nyben el\u0151\u00edrt minim\u00e1lisan 500 aj\u00e1nl\u00e1st \u00f6sszegy\u0171jteni. A v\u00e1laszt\u00e1si bizotts\u00e1g d\u00e9lel\u0151tti \u00fcl\u00e9s\u00e9n el\u0151sz\u00f6r az Aquila P\u00e1rt sz\u00edneiben indul\u00f3 Varga P\u00e9ter Mikl\u00f3sn\u00e9 aj\u00e1nl\u00f3\u00edveinek eredm\u00e9ny\u00e9t \u00f6sszegezte Dr. R\u00e1cz Andrea aljegyz\u0151..<\/p>\n<p>&#8220;\u00d6sszesen 603 r\u00f6gz\u00edtett aj\u00e1nl\u00e1st hozott vissza 82 darab aj\u00e1nl\u00f3 \u00edven, amib\u0151l 518 elfogadhat\u00f3 volt.&#8221;<\/p>\n<p>Az 500 \u00e9rv\u00e9nyes aj\u00e1nl\u00e1st egy m\u00e1sik jel\u00f6l\u0151 szervezet-, a 2017 febru\u00e1rj\u00e1ban bejegyzett Ir\u00e1nyt\u0171 P\u00e1rt deleg\u00e1ltj\u00e1nak-P\u00e1lfi D\u00e1vidnak is siker\u00fclt \u00f6sszegy\u0171jtenie.  <\/p>\n<p>&#8220;Az \u0151 eset\u00e9ben \u00f6sszesen 93 feldolgozott aj\u00e1nl\u00f3\u00edvr\u0151l besz\u00e9lget\u00fcnk, a r\u00f6gz\u00edtett aj\u00e1nl\u00e1sok sz\u00e1ma hetessz\u00e1z negyvenh\u00e1rom- ebb\u0151l azonban \u00f6sszesen 510 volt ami elfogadhat\u00f3 volt, viszont az 510 elegend\u0151 ahhoz, hogy a bizotts\u00e1g jel\u00f6ltk\u00e9nt nyilv\u00e1ntart\u00e1sba vegye \u00fagyhogy javasolom a bizotts\u00e1gnak P\u00e1lfi D\u00e1vid jel\u00f6ltk\u00e9nt t\u00f6rt\u00e9n\u0151 nyilv\u00e1ntart\u00e1sba v\u00e9tel\u00e9t.&#8221;<\/p>\n<p>A v\u00e1laszt\u00e1si bizotts\u00e1g \u00fcl\u00e9s\u00e9n elhangzott- jelenleg n\u00e9gy jel\u00f6l\u0151 szervezet aj\u00e1nl\u00f3\u00edveinek ellen\u0151rz\u00e9se van folyamatban. Mint ismeretes, J\u00e1sz- Nagykun- Szolnok Megye 1. Sz\u00e1m\u00fa Egy\u00e9ni V\u00e1laszt\u00f3ker\u00fclet\u00e9ben \u00f6sszesen 49- en ny\u00fajtottak be aj\u00e1nl\u00f3 szelv\u00e9ny ir\u00e1nti k\u00e9relmet.<br \/>\n<br \/>\n<div style=\"width: 640px;\" class=\"wp-video\"><!--[if lt IE 9]><script>document.createElement('video');<\/script><![endif]-->\n<video class=\"wp-video-shortcode\" id=\"video-8352-1\" width=\"640\" height=\"360\" preload=\"metadata\" controls=\"controls\"><source type=\"video\/mp4\" src=\"\/spots\/hir\/hir_180228_05.mp4?_=1\" \/><a href=\"\/spots\/hir\/hir_180228_05.mp4\">\/spots\/hir\/hir_180228_05.mp4<\/a><\/video><\/div><\/p>\n","protected":false},"excerpt":{"rendered":"<p>A Fidesz \u00e9s az MSZP ut\u00e1n k\u00e9t \u00fajabb jel\u00f6l\u0151 szervezetnek siker\u00fclt a t\u00f6rv\u00e9nyben el\u0151\u00edrt minim\u00e1lisan 500 aj\u00e1nl\u00e1st \u00f6sszegy\u0171jteni. A v\u00e1laszt\u00e1si bizotts\u00e1g d\u00e9lel\u0151tti \u00fcl\u00e9s\u00e9n el\u0151sz\u00f6r az Aquila P\u00e1rt sz\u00edneiben indul\u00f3 Varga P\u00e9ter Mikl\u00f3sn\u00e9 aj\u00e1nl\u00f3\u00edveinek eredm\u00e9ny\u00e9t \u00f6sszegezte Dr. R\u00e1cz Andrea aljegyz\u0151.. &#8220;\u00d6sszesen 603 r\u00f6gz\u00edtett aj\u00e1nl\u00e1st hozott vissza 82 darab aj\u00e1nl\u00f3 \u00edven, amib\u0151l 518 elfogadhat\u00f3 volt.&#8221; Az 500 [&hellip;]<\/p>\n","protected":false},"author":2,"featured_media":0,"comment_status":"closed","ping_status":"closed","sticky":false,"template":"","format":"standard","meta":[],"categories":[9],"tags":[],"_links":{"self":[{"href":"http:\/\/archiv.szolnoktv.hu\/index.php?rest_route=\/wp\/v2\/posts\/8352"}],"collection":[{"href":"http:\/\/archiv.szolnoktv.hu\/index.php?rest_route=\/wp\/v2\/posts"}],"about":[{"href":"http:\/\/archiv.szolnoktv.hu\/index.php?rest_route=\/wp\/v2\/types\/post"}],"author":[{"embeddable":true,"href":"http:\/\/archiv.szolnoktv.hu\/index.php?rest_route=\/wp\/v2\/users\/2"}],"replies":[{"embeddable":true,"href":"http:\/\/archiv.szolnoktv.hu\/index.php?rest_route=%2Fwp%2Fv2%2Fcomments&post=8352"}],"version-history":[{"count":1,"href":"http:\/\/archiv.szolnoktv.hu\/index.php?rest_route=\/wp\/v2\/posts\/8352\/revisions"}],"predecessor-version":[{"id":8361,"href":"http:\/\/archiv.szolnoktv.hu\/index.php?rest_route=\/wp\/v2\/posts\/8352\/revisions\/8361"}],"wp:attachment":[{"href":"http:\/\/archiv.szolnoktv.hu\/index.php?rest_route=%2Fwp%2Fv2%2Fmedia&parent=8352"}],"wp:term":[{"taxonomy":"category","embeddable":true,"href":"http:\/\/archiv.szolnoktv.hu\/index.php?rest_route=%2Fwp%2Fv2%2Fcategories&post=8352"},{"taxonomy":"post_tag","embeddable":true,"href":"http:\/\/archiv.szolnoktv.hu\/index.php?rest_route=%2Fwp%2Fv2%2Ftags&post=8352"}],"curies":[{"name":"wp","href":"https:\/\/api.w.org\/{rel}","templated":true}]}}