{"id":8350,"date":"2018-02-28T17:43:13","date_gmt":"2018-02-28T17:43:13","guid":{"rendered":"http:\/\/archiv.szolnoktv.hu\/?p=8350"},"modified":"2021-08-13T19:02:13","modified_gmt":"2021-08-13T19:02:13","slug":"elteto-ero-konferencia","status":"publish","type":"post","link":"http:\/\/archiv.szolnoktv.hu\/?p=8350","title":{"rendered":"\u00c9ltet\u0151 Er\u0151 konferencia"},"content":{"rendered":"<div class='booster-block booster-read-block'><\/div><p>  A fiatalok t\u00f6bbs\u00e9ge nem ismeri saj\u00e1t szervezet\u00e9nek m\u0171k\u00f6d\u00e9s\u00e9t, m\u00e9g alapfokon sem-der\u00fclt ki a -K\u00f6t\u0151d\u00e9s, \u00e9ltet\u0151 er\u0151&#8221; c\u00edm\u0171 konferenci\u00e1n. A term\u00e9kenys\u00e9get \u00e9s annak elker\u00fcl\u00e9s\u00e9t sem kezelik megfelel\u0151en a mai fiatalok- hangs\u00falyozta a szak\u00e9rt\u0151. <\/p>\n<p>\u00c9kes Ilona eln\u00f6k ,ERGO Eur\u00f3pai Region\u00e1lis Szervezet: <\/p>\n<p>-&#8220;Nagyon fontosnak tartjuk, hogy eg\u00e9szs\u00e9ges \u00e9letet \u00e9lj\u00fcnk, mindenkinek fontos ez, odafigyel\u00fcnk arra, hogy hogyan \u00f6lt\u00f6z\u00fcnk, mit esz\u00fcnk, mit iszunk.  Fontosnak kell, hogy tartsuk azt, hogy mit esz\u00fcnk,mit iszunk , de fontos kell, hogy legen, hogy mit gondolunk a  sz\u00fcl\u0151v\u00e9 v\u00e1l\u00e1sr\u00f3l, a sz\u00fclet\u00e9sr\u0151l, a k\u00f6t\u0151d\u00e9s kialakul\u00e1s\u00e1r\u00f3l , az eg\u00e9szs\u00e9ges \u00e9letkezdetr\u0151l.&#8221;<\/p>\n<p>A di\u00e1kok \u00e9s a r\u00e9sztvev\u0151k az anyas\u00e1ggal kapcsolatban is kaptak tan\u00e1csokat .<\/p>\n<p> Dr. Bang\u00f3 M\u00e1rta orvos, lakt\u00e1ci\u00f3s tan\u00e1csad\u00f3, d\u00fala\t\t\t<\/p>\n<p>-&#8220;\u00c9lvezz\u00e9k az egy\u00fctt t\u00f6lt\u00f6tt id\u0151t a gyermek\u00fckkel, \u00e9lvezz\u00e9k, hogy van egy kisbab\u00e1juk. Ne teherk\u00e9nt  \u00e9s stresszk\u00e9nt \u00e9lj\u00e9k ezt meg \t, nem feledve, hogy ez neh\u00e9z \u00e9s embert pr\u00f3b\u00e1l\u00f3 feladat. De szerencs\u00e9re ehhez megvannak az \u00e9lettani seg\u00edts\u00e9gek hormon\u00e1lis szinten is . &#8211;<\/p>\n<p>Egy hi\u00e1nyp\u00f3tl\u00f3 komplex  szexu\u00e1l-pedag\u00f3giai m\u00f3dszer is elindult az orsz\u00e1gban, ami pozit\u00edv testk\u00e9pen \u00e9s a term\u00e9kenys\u00e9g nagyrabecs\u00fcl\u00e9s\u00e9n alapul. A kutat\u00e1sok szerint a pornogr\u00e1f tartalmakkal m\u00e1r 8-9  \u00e9ves korban tal\u00e1lkoznak a gyerekek. A fizikai \u00e9s technikai ismeretek mellett azonban elsikkadnak az \u00e9rzelmi, erk\u00f6lcsi \u00e9rt\u00e9kek.<\/p>\n<p>  Boros Annam\u00e1ria magyarorsz\u00e1gi koordin\u00e1tor TeensSTAR-k\u00e9pz\u00e9s\t: <\/p>\n<p>-&#8220;Amikor ennyire fiatal korban szembes\u00fclnek ezzel a faitalok, akkor \t\u0151k ezt nem igaz\u00e1n tudj\u00e1k feldolgozni \u00e9s \u00e9rtelmezni . Nagyon nagy zavar alakul ki benn\u00fck a szerelemmel, p\u00e1rkapcsolatokkal kapcsolatban. \t&#8211;<\/p>\n<p>  Muha Patr\u00edcia: <br \/>Sz\u00e1momra nagyon \u00e9rt\u00e9kes konferencia volt, rengeteg \u00fajdons\u00e1got hallhattunk, eg\u00e9szen a sz\u00fclet\u00e9st\u0151l a feln\u0151tt\u00e9 v\u00e1l\u00e1sig is . Ahhoz k\u00e9pest, hogy azt gondoln\u00e1nk, hogy mi m\u00e1r feln\u0151tt\u00fcnk \u00e9s sok mindet tudunk  rengeteg \u00fajdons\u00e1got hallottunk \t\t\t\t\t\t\t\t\t\t\t\t\t\t\t\t\t\t\t\t\t\t\t\t\t\t\t\t\t<br \/>Az esem\u00e9ny c\u00e9lja, hogy min\u00e9l t\u00f6bb gyermek sz\u00fclessen ember-\u00e9s csal\u00e1dk\u00f6zpont\u00fa t\u00e1rsadalomba.<br \/>\n<br \/>\n<div style=\"width: 640px;\" class=\"wp-video\"><!--[if lt IE 9]><script>document.createElement('video');<\/script><![endif]-->\n<video class=\"wp-video-shortcode\" id=\"video-8350-1\" width=\"640\" height=\"360\" preload=\"metadata\" controls=\"controls\"><source type=\"video\/mp4\" src=\"\/spots\/hir\/hir_180228_03.mp4?_=1\" \/><a href=\"\/spots\/hir\/hir_180228_03.mp4\">\/spots\/hir\/hir_180228_03.mp4<\/a><\/video><\/div><\/p>\n","protected":false},"excerpt":{"rendered":"<p>A fiatalok t\u00f6bbs\u00e9ge nem ismeri saj\u00e1t szervezet\u00e9nek m\u0171k\u00f6d\u00e9s\u00e9t, m\u00e9g alapfokon sem-der\u00fclt ki a -K\u00f6t\u0151d\u00e9s, \u00e9ltet\u0151 er\u0151&#8221; c\u00edm\u0171 konferenci\u00e1n. A term\u00e9kenys\u00e9get \u00e9s annak elker\u00fcl\u00e9s\u00e9t sem kezelik megfelel\u0151en a mai fiatalok- hangs\u00falyozta a szak\u00e9rt\u0151. \u00c9kes Ilona eln\u00f6k ,ERGO Eur\u00f3pai Region\u00e1lis Szervezet: -&#8220;Nagyon fontosnak tartjuk, hogy eg\u00e9szs\u00e9ges \u00e9letet \u00e9lj\u00fcnk, mindenkinek fontos ez, odafigyel\u00fcnk arra, hogy hogyan \u00f6lt\u00f6z\u00fcnk, mit [&hellip;]<\/p>\n","protected":false},"author":2,"featured_media":0,"comment_status":"closed","ping_status":"closed","sticky":false,"template":"","format":"standard","meta":[],"categories":[9],"tags":[],"_links":{"self":[{"href":"http:\/\/archiv.szolnoktv.hu\/index.php?rest_route=\/wp\/v2\/posts\/8350"}],"collection":[{"href":"http:\/\/archiv.szolnoktv.hu\/index.php?rest_route=\/wp\/v2\/posts"}],"about":[{"href":"http:\/\/archiv.szolnoktv.hu\/index.php?rest_route=\/wp\/v2\/types\/post"}],"author":[{"embeddable":true,"href":"http:\/\/archiv.szolnoktv.hu\/index.php?rest_route=\/wp\/v2\/users\/2"}],"replies":[{"embeddable":true,"href":"http:\/\/archiv.szolnoktv.hu\/index.php?rest_route=%2Fwp%2Fv2%2Fcomments&post=8350"}],"version-history":[{"count":1,"href":"http:\/\/archiv.szolnoktv.hu\/index.php?rest_route=\/wp\/v2\/posts\/8350\/revisions"}],"predecessor-version":[{"id":8363,"href":"http:\/\/archiv.szolnoktv.hu\/index.php?rest_route=\/wp\/v2\/posts\/8350\/revisions\/8363"}],"wp:attachment":[{"href":"http:\/\/archiv.szolnoktv.hu\/index.php?rest_route=%2Fwp%2Fv2%2Fmedia&parent=8350"}],"wp:term":[{"taxonomy":"category","embeddable":true,"href":"http:\/\/archiv.szolnoktv.hu\/index.php?rest_route=%2Fwp%2Fv2%2Fcategories&post=8350"},{"taxonomy":"post_tag","embeddable":true,"href":"http:\/\/archiv.szolnoktv.hu\/index.php?rest_route=%2Fwp%2Fv2%2Ftags&post=8350"}],"curies":[{"name":"wp","href":"https:\/\/api.w.org\/{rel}","templated":true}]}}