{"id":8349,"date":"2018-02-28T14:52:24","date_gmt":"2018-02-28T14:52:24","guid":{"rendered":"http:\/\/archiv.szolnoktv.hu\/?p=8349"},"modified":"2021-08-13T19:02:13","modified_gmt":"2021-08-13T19:02:13","slug":"megyenk-is-bemutatkozik-az-utazas-kiallitason","status":"publish","type":"post","link":"http:\/\/archiv.szolnoktv.hu\/?p=8349","title":{"rendered":"Megy\u00e9nk is bemutatkozik az Utaz\u00e1s Ki\u00e1ll\u00edt\u00e1son"},"content":{"rendered":"<div class='booster-block booster-read-block'><\/div><p> T\u00e9len is akad vend\u00e9g a berekf\u00fcrd\u0151i strandon. A szezon el\u0151tti viszonylagos csend ellen\u00e9re azonban ilyenkor m\u00e1r jav\u00e1ban k\u00e9sz\u00fclnek a ny\u00e1rra. A telep\u00fcl\u00e9sen \u00fcl\u00e9sez\u0151 &#8220;Alf\u00f6ld Sz\u00edve&#8221; T\u00e9rs\u00e9gi Turisztikai Egyes\u00fclet \u00e9s a megyei \u00f6nkorm\u00e1nyzat \u00f6sszefog\u00e1sa r\u00e9v\u00e9n id\u00e9n is szerepet kaptak megy\u00e9nk kiemelt idegenforgalmi c\u00e9lpontjai a budapesti Utaz\u00e1s Ki\u00e1ll\u00edt\u00e1son.<\/p>\n<p>&#8220;\u00cdgy a J\u00e1sz- Nagykun- Szolnok Megyei \u00d6nkorm\u00e1nyzattal egy\u00fctt bemutatkozik az a k\u00e9t telep\u00fcl\u00e9s amely a legnagyobb vend\u00e9g\u00e9jszak\u00e1t tudja produk\u00e1lni a megy\u00e9ben. A k\u00e9t term\u00e1l z\u00e1szl\u00f3shaj\u00f3- ez Berekf\u00fcrd\u0151 \u00e9s Cserkesz\u0151l\u0151. \u00c9n azt gondolom, hogy nem lehet olyan magyarorsz\u00e1gi turisztikai ki\u00e1ll\u00edt\u00e1s ahol ez a k\u00e9t fontos tradicion\u00e1lisan term\u00e1l telep\u00fcl\u00e9s, term\u00e1lf\u00fcrd\u0151s telep\u00fcl\u00e9s nem mutatkozik be.&#8221;- hangs\u00falyozta Kov\u00e1cs S\u00e1ndor a megyei k\u00f6zgy\u0171l\u00e9s eln\u00f6ke.<\/p>\n<p>A budapesti V\u00e1s\u00e1rk\u00f6zpontba p\u00e9ntekt\u0151l csaknem 30 ezer l\u00e1togat\u00f3t v\u00e1rnak. A D- pavilon 202 H- \u00e9s G standj\u00e1n a k\u00e9t eml\u00edtett telep\u00fcl\u00e9sen k\u00edv\u00fcl bemutatkozik m\u00e9g Tiszaf\u00fcred, K\u00e9tp\u00f3 \u00e9s a kis\u00fajsz\u00e1ll\u00e1si Kum\u00e1nia Gy\u00f3gyf\u00fcrd\u0151 is. Az Utaz\u00e1s 2018 ki\u00e1ll\u00edt\u00e1son a megyesz\u00e9khely- Szolnok is \u00f6n\u00e1ll\u00f3 standdal lesz jelen.<br \/>\n<br \/>\n<div style=\"width: 640px;\" class=\"wp-video\"><!--[if lt IE 9]><script>document.createElement('video');<\/script><![endif]-->\n<video class=\"wp-video-shortcode\" id=\"video-8349-1\" width=\"640\" height=\"360\" preload=\"metadata\" controls=\"controls\"><source type=\"video\/mp4\" src=\"\/spots\/hir\/hir_180228_02.mp4?_=1\" \/><a href=\"\/spots\/hir\/hir_180228_02.mp4\">\/spots\/hir\/hir_180228_02.mp4<\/a><\/video><\/div><\/p>\n","protected":false},"excerpt":{"rendered":"<p>T\u00e9len is akad vend\u00e9g a berekf\u00fcrd\u0151i strandon. A szezon el\u0151tti viszonylagos csend ellen\u00e9re azonban ilyenkor m\u00e1r jav\u00e1ban k\u00e9sz\u00fclnek a ny\u00e1rra. A telep\u00fcl\u00e9sen \u00fcl\u00e9sez\u0151 &#8220;Alf\u00f6ld Sz\u00edve&#8221; T\u00e9rs\u00e9gi Turisztikai Egyes\u00fclet \u00e9s a megyei \u00f6nkorm\u00e1nyzat \u00f6sszefog\u00e1sa r\u00e9v\u00e9n id\u00e9n is szerepet kaptak megy\u00e9nk kiemelt idegenforgalmi c\u00e9lpontjai a budapesti Utaz\u00e1s Ki\u00e1ll\u00edt\u00e1son. &#8220;\u00cdgy a J\u00e1sz- Nagykun- Szolnok Megyei \u00d6nkorm\u00e1nyzattal egy\u00fctt bemutatkozik [&hellip;]<\/p>\n","protected":false},"author":2,"featured_media":0,"comment_status":"closed","ping_status":"closed","sticky":false,"template":"","format":"standard","meta":[],"categories":[9],"tags":[],"_links":{"self":[{"href":"http:\/\/archiv.szolnoktv.hu\/index.php?rest_route=\/wp\/v2\/posts\/8349"}],"collection":[{"href":"http:\/\/archiv.szolnoktv.hu\/index.php?rest_route=\/wp\/v2\/posts"}],"about":[{"href":"http:\/\/archiv.szolnoktv.hu\/index.php?rest_route=\/wp\/v2\/types\/post"}],"author":[{"embeddable":true,"href":"http:\/\/archiv.szolnoktv.hu\/index.php?rest_route=\/wp\/v2\/users\/2"}],"replies":[{"embeddable":true,"href":"http:\/\/archiv.szolnoktv.hu\/index.php?rest_route=%2Fwp%2Fv2%2Fcomments&post=8349"}],"version-history":[{"count":1,"href":"http:\/\/archiv.szolnoktv.hu\/index.php?rest_route=\/wp\/v2\/posts\/8349\/revisions"}],"predecessor-version":[{"id":8364,"href":"http:\/\/archiv.szolnoktv.hu\/index.php?rest_route=\/wp\/v2\/posts\/8349\/revisions\/8364"}],"wp:attachment":[{"href":"http:\/\/archiv.szolnoktv.hu\/index.php?rest_route=%2Fwp%2Fv2%2Fmedia&parent=8349"}],"wp:term":[{"taxonomy":"category","embeddable":true,"href":"http:\/\/archiv.szolnoktv.hu\/index.php?rest_route=%2Fwp%2Fv2%2Fcategories&post=8349"},{"taxonomy":"post_tag","embeddable":true,"href":"http:\/\/archiv.szolnoktv.hu\/index.php?rest_route=%2Fwp%2Fv2%2Ftags&post=8349"}],"curies":[{"name":"wp","href":"https:\/\/api.w.org\/{rel}","templated":true}]}}