{"id":8348,"date":"2018-02-28T14:50:37","date_gmt":"2018-02-28T14:50:37","guid":{"rendered":"http:\/\/archiv.szolnoktv.hu\/?p=8348"},"modified":"2021-08-13T19:02:14","modified_gmt":"2021-08-13T19:02:14","slug":"europoly-talalkozo-szolnokon","status":"publish","type":"post","link":"http:\/\/archiv.szolnoktv.hu\/?p=8348","title":{"rendered":"Europoly tal\u00e1lkoz\u00f3 Szolnokon"},"content":{"rendered":"<div class='booster-block booster-read-block'><\/div><p>H\u00e1l\u00f3zati egy\u00fcttm\u0171k\u00f6d\u00e9sben veszik fel a -harcot&#8221; az \u00e9let k\u00fcl\u00f6nb\u00f6z\u0151 ter\u00fcletein. A projekt az Eur\u00f3pa a Polg\u00e1rok\u00e9rt Program r\u00e9sze, melynek c\u00e9lja az Eur\u00f3pai Uni\u00f3-tudatoss\u00e1g n\u00f6vel\u00e9se a fiataloka k\u00f6r\u00e9ben \u00e9s fell\u00e9p\u00e9s az euroszkepticizmus ellen. A tal\u00e1lkoz\u00f3kat els\u0151sorban a 30 \u00e9v alatti koroszt\u00e1lynak szervezik \u00e9s m\u00e1sf\u00e9l \u00e9v alatt 8 helysz\u00ednt j\u00e1rnak be a program r\u00e9sztvev\u0151i. Szolnokon a projekt k\u00f6zponti t\u00e9m\u00e1j\u00e1t j\u00e1rj\u00e1k k\u00f6rbe workshopok form\u00e1j\u00e1ban, ami kieg\u00e9sz\u00fcl kultur\u00e1lis esem\u00e9nyekkel. A program v\u00e9g\u00e9n egy nagyszab\u00e1s\u00fa monopoly-ban vesznek r\u00e9szt a tagok, ami bemutatja az uni\u00f3s int\u00e9zm\u00e9nyek m\u0171k\u00f6d\u00e9s\u00e9t. H\u00e9t orsz\u00e1gb\u00f3l nyolc partner csatlakozott a h\u00e1l\u00f3zathoz.<\/p>\n<div style=\"width: 640px;\" class=\"wp-video\"><!--[if lt IE 9]><script>document.createElement('video');<\/script><![endif]-->\n<video class=\"wp-video-shortcode\" id=\"video-8348-1\" width=\"640\" height=\"360\" preload=\"metadata\" controls=\"controls\"><source type=\"video\/mp4\" src=\"\/spots\/hir\/hir_180228_01.mp4?_=1\" \/><a href=\"\/spots\/hir\/hir_180228_01.mp4\">\/spots\/hir\/hir_180228_01.mp4<\/a><\/video><\/div>\n","protected":false},"excerpt":{"rendered":"<p>H\u00e1l\u00f3zati egy\u00fcttm\u0171k\u00f6d\u00e9sben veszik fel a -harcot&#8221; az \u00e9let k\u00fcl\u00f6nb\u00f6z\u0151 ter\u00fcletein. A projekt az Eur\u00f3pa a Polg\u00e1rok\u00e9rt Program r\u00e9sze, melynek c\u00e9lja az Eur\u00f3pai Uni\u00f3-tudatoss\u00e1g n\u00f6vel\u00e9se a fiataloka k\u00f6r\u00e9ben \u00e9s fell\u00e9p\u00e9s az euroszkepticizmus ellen. A tal\u00e1lkoz\u00f3kat els\u0151sorban a 30 \u00e9v alatti koroszt\u00e1lynak szervezik \u00e9s m\u00e1sf\u00e9l \u00e9v alatt 8 helysz\u00ednt j\u00e1rnak be a program r\u00e9sztvev\u0151i. Szolnokon a projekt [&hellip;]<\/p>\n","protected":false},"author":2,"featured_media":0,"comment_status":"closed","ping_status":"closed","sticky":false,"template":"","format":"standard","meta":[],"categories":[9],"tags":[],"_links":{"self":[{"href":"http:\/\/archiv.szolnoktv.hu\/index.php?rest_route=\/wp\/v2\/posts\/8348"}],"collection":[{"href":"http:\/\/archiv.szolnoktv.hu\/index.php?rest_route=\/wp\/v2\/posts"}],"about":[{"href":"http:\/\/archiv.szolnoktv.hu\/index.php?rest_route=\/wp\/v2\/types\/post"}],"author":[{"embeddable":true,"href":"http:\/\/archiv.szolnoktv.hu\/index.php?rest_route=\/wp\/v2\/users\/2"}],"replies":[{"embeddable":true,"href":"http:\/\/archiv.szolnoktv.hu\/index.php?rest_route=%2Fwp%2Fv2%2Fcomments&post=8348"}],"version-history":[{"count":1,"href":"http:\/\/archiv.szolnoktv.hu\/index.php?rest_route=\/wp\/v2\/posts\/8348\/revisions"}],"predecessor-version":[{"id":8365,"href":"http:\/\/archiv.szolnoktv.hu\/index.php?rest_route=\/wp\/v2\/posts\/8348\/revisions\/8365"}],"wp:attachment":[{"href":"http:\/\/archiv.szolnoktv.hu\/index.php?rest_route=%2Fwp%2Fv2%2Fmedia&parent=8348"}],"wp:term":[{"taxonomy":"category","embeddable":true,"href":"http:\/\/archiv.szolnoktv.hu\/index.php?rest_route=%2Fwp%2Fv2%2Fcategories&post=8348"},{"taxonomy":"post_tag","embeddable":true,"href":"http:\/\/archiv.szolnoktv.hu\/index.php?rest_route=%2Fwp%2Fv2%2Ftags&post=8348"}],"curies":[{"name":"wp","href":"https:\/\/api.w.org\/{rel}","templated":true}]}}