{"id":8347,"date":"2018-02-27T17:07:21","date_gmt":"2018-02-27T17:07:21","guid":{"rendered":"http:\/\/archiv.szolnoktv.hu\/?p=8347"},"modified":"2021-08-13T19:02:14","modified_gmt":"2021-08-13T19:02:14","slug":"atadtak-az-uj-kormanyablakot","status":"publish","type":"post","link":"http:\/\/archiv.szolnoktv.hu\/?p=8347","title":{"rendered":"\u00c1tadt\u00e1k az \u00faj korm\u00e1nyablakot"},"content":{"rendered":"<div class='booster-block booster-read-block'><\/div><p>Megsz\u00e9p\u00fclt, korszer\u0171, minden ig\u00e9nyt kiel\u00e9g\u00edt\u0151. A megyesz\u00e9khely leg\u00fajabb korm\u00e1nyablaka m\u00e1r megkezdte m\u0171k\u00f6d\u00e9s\u00e9t a volt Szolnoki F\u0151iskola r\u00e9gi Ady Endre \u00fati \u00e9p\u00fclet\u00e9ben. A korm\u00e1nyablakok megjelen\u00e9se egyfajta sikert\u00f6rt\u00e9net  &#8211;   mondta Dr. K\u00e1llai M\u00e1ria. Kevesebb pap\u00edrmunka, gyorsabb \u00fcgyint\u00e9z\u00e9s, rugalmass\u00e1g  &#8211;   ez jellemzi a k\u00f6zigazgat\u00e1si rendszert  &#8211;   tette hozz\u00e1 a megyei korm\u00e1nymegb\u00edzott.<\/p>\n<p>-Nagyon fontos eredm\u00e9nynek tartom az integr\u00e1lt folyamatokat, hiszen sz\u00e1mos alkalommal lehet\u00fcnk ennek tan\u00fai, mikor k\u00fcl\u00f6nb\u00f6z\u0151 f\u0151oszt\u00e1lyok gondolkodnak egy\u00fctt id\u0151t megsp\u00f3rolva. Ez mutatja a k\u00f6zigazgat\u00e1s rugalmass\u00e1g\u00e1t.&#8221;  &#8211;   tette hozz\u00e1 Dr. K\u00e1llai M\u00e1ria.<\/p>\n<p>Az \u00fcgyf\u00e9l \u00e9s \u00fcgyint\u00e9z\u0151 k\u00f6z\u00f6tti pult nem elv\u00e1lasztja a k\u00e9t felet, hanem \u00f6sszek\u00f6ti \u0151ket. Ennek a szeml\u00e9letnek k\u00f6sz\u00f6nhet\u0151en siker\u00fclt visszanyerni az emberek k\u00f6zigazgat\u00e1sba vetett bizalm\u00e1t. <\/p>\n<p>-Meg lehet \u00e9p\u00edteni illetve \u00e1t lehet \u00e9p\u00edteni egy olyan \u00e9p\u00fcletet, mint ez. De, ha nem az emberekr\u0151l sz\u00f3l \u00e9s nem k\u00e9nyelmes, akkor minek?! \u00c9s ez az \u00e9p\u00fclet is az emberekr\u0151l sz\u00f3l!&#8221;  &#8211;   mondta Szalay Ferenc polg\u00e1rmester.<\/p>\n<p>Kov\u00e1cs Zolt\u00e1n azt mondta: Szolnok gazdas\u00e1gilag az elv\u00e1rtn\u00e1l is jobban teljes\u00edt, kiemelked\u0151 sz\u00e1mokat produk\u00e1l. A ter\u00fcleti k\u00f6zigazgat\u00e1s\u00e9rt felel\u0151s \u00e1llamtitk\u00e1r hozz\u00e1tette: ez nagyban k\u00f6sz\u00f6nhet\u0151 a b\u00fcr\u00f6kratikus korl\u00e1tok led\u00f6nt\u00e9s\u00e9nek.<\/p>\n<p> -Gyakorlatilag Szolnok v\u00e1ros\u00e1ba a korm\u00e1ny r\u00e9sz\u00e9r\u0151l mintegy 1,4 milli\u00e1rd forint ker\u00fclt hazai \u00e9s uni\u00f3s forr\u00e1sb\u00f3l \u00e9s egy kor\u00e1bbi \u00e9p\u00fclet, mely haszn\u00e1laton k\u00edv\u00fcl volt meg\u00fajult \u00e9s az embereket szolg\u00e1lja. Kor\u00e1bban a f\u0151iskol\u00e1sokat, most pedig minden \u00e1llampolg\u00e1rt, akinek \u00fcgye van ez az \u00e9p\u00fclet ki fogja szolg\u00e1lni.&#8221;  &#8211;   mondta Kov\u00e1cs Zolt\u00e1n.<\/p>\n<p>Kov\u00e1cs Zolt\u00e1n elmondta: a gyorsas\u00e1got mutatja, hogy az elind\u00edtott \u00fcgyek 70 sz\u00e1zal\u00e9ka 8 napon bel\u00fcl lez\u00e1rul. Az \u00e1llamtitk\u00e1r hozz\u00e1tette: az orsz\u00e1gban 1280 korm\u00e1nyablak van, melyb\u0151l 500-at fel\u00faj\u00edtottak.<\/p>\n<div style=\"width: 640px;\" class=\"wp-video\"><!--[if lt IE 9]><script>document.createElement('video');<\/script><![endif]-->\n<video class=\"wp-video-shortcode\" id=\"video-8347-1\" width=\"640\" height=\"360\" preload=\"metadata\" controls=\"controls\"><source type=\"video\/mp4\" src=\"\/spots\/hir\/hir_180227_07.mp4?_=1\" \/><a href=\"\/spots\/hir\/hir_180227_07.mp4\">\/spots\/hir\/hir_180227_07.mp4<\/a><\/video><\/div>\n","protected":false},"excerpt":{"rendered":"<p>Megsz\u00e9p\u00fclt, korszer\u0171, minden ig\u00e9nyt kiel\u00e9g\u00edt\u0151. A megyesz\u00e9khely leg\u00fajabb korm\u00e1nyablaka m\u00e1r megkezdte m\u0171k\u00f6d\u00e9s\u00e9t a volt Szolnoki F\u0151iskola r\u00e9gi Ady Endre \u00fati \u00e9p\u00fclet\u00e9ben. A korm\u00e1nyablakok megjelen\u00e9se egyfajta sikert\u00f6rt\u00e9net &#8211; mondta Dr. K\u00e1llai M\u00e1ria. Kevesebb pap\u00edrmunka, gyorsabb \u00fcgyint\u00e9z\u00e9s, rugalmass\u00e1g &#8211; ez jellemzi a k\u00f6zigazgat\u00e1si rendszert &#8211; tette hozz\u00e1 a megyei korm\u00e1nymegb\u00edzott. -Nagyon fontos eredm\u00e9nynek tartom az integr\u00e1lt folyamatokat, [&hellip;]<\/p>\n","protected":false},"author":2,"featured_media":0,"comment_status":"closed","ping_status":"closed","sticky":false,"template":"","format":"standard","meta":[],"categories":[9],"tags":[],"_links":{"self":[{"href":"http:\/\/archiv.szolnoktv.hu\/index.php?rest_route=\/wp\/v2\/posts\/8347"}],"collection":[{"href":"http:\/\/archiv.szolnoktv.hu\/index.php?rest_route=\/wp\/v2\/posts"}],"about":[{"href":"http:\/\/archiv.szolnoktv.hu\/index.php?rest_route=\/wp\/v2\/types\/post"}],"author":[{"embeddable":true,"href":"http:\/\/archiv.szolnoktv.hu\/index.php?rest_route=\/wp\/v2\/users\/2"}],"replies":[{"embeddable":true,"href":"http:\/\/archiv.szolnoktv.hu\/index.php?rest_route=%2Fwp%2Fv2%2Fcomments&post=8347"}],"version-history":[{"count":1,"href":"http:\/\/archiv.szolnoktv.hu\/index.php?rest_route=\/wp\/v2\/posts\/8347\/revisions"}],"predecessor-version":[{"id":8366,"href":"http:\/\/archiv.szolnoktv.hu\/index.php?rest_route=\/wp\/v2\/posts\/8347\/revisions\/8366"}],"wp:attachment":[{"href":"http:\/\/archiv.szolnoktv.hu\/index.php?rest_route=%2Fwp%2Fv2%2Fmedia&parent=8347"}],"wp:term":[{"taxonomy":"category","embeddable":true,"href":"http:\/\/archiv.szolnoktv.hu\/index.php?rest_route=%2Fwp%2Fv2%2Fcategories&post=8347"},{"taxonomy":"post_tag","embeddable":true,"href":"http:\/\/archiv.szolnoktv.hu\/index.php?rest_route=%2Fwp%2Fv2%2Ftags&post=8347"}],"curies":[{"name":"wp","href":"https:\/\/api.w.org\/{rel}","templated":true}]}}