{"id":8346,"date":"2018-02-27T15:40:03","date_gmt":"2018-02-27T15:40:03","guid":{"rendered":"http:\/\/archiv.szolnoktv.hu\/?p=8346"},"modified":"2021-08-13T19:02:14","modified_gmt":"2021-08-13T19:02:14","slug":"uj-buszok-a-kmkk-zrt-nel","status":"publish","type":"post","link":"http:\/\/archiv.szolnoktv.hu\/?p=8346","title":{"rendered":"\u00daj buszok a KMKK Zrt-n\u00e9l"},"content":{"rendered":"<div class='booster-block booster-read-block'><\/div><p>A KMKK Zrt. szolnoki telephely\u00e9n parkol a k\u00e9t \u00faj Volvo aut\u00f3busz. Menetre k\u00e9szek, m\u00e1r csak az utols\u00f3 sim\u00edt\u00e1sok vannak h\u00e1tra  &#8211;   p\u00e1r technikai eszk\u00f6z aktiv\u00e1l\u00e1sa \u00e9s a felmatric\u00e1z\u00e1s. A kett\u0151 k\u00f6z\u00fcl az egyik a szolnoki a m\u00e1sik pedig a karcagi \u00fczemn\u00e9l \u00e1ll majd forgalomba. Orsz\u00e1gos \u00e9s szabad\u00e1ras k\u00fcl\u00f6nj\u00e1rati feladatokat l\u00e1tnak majd el, els\u0151sorban a Tiszaf\u00fcred-Budapest, Szolnok-Budapest, Szolnok-Eger \u00e9s Szolnok-Szeged \u00fatvonalon k\u00f6zlekednek. Az \u00faj buszokok Tempo100-as vizsg\u00e1val rendelkeznek, \u00edgy az ebben a kateg\u00f3ri\u00e1ban megszokott 80 km\/h-\u00e1s sebess\u00e9ghat\u00e1r helyett az aut\u00f3p\u00e1ly\u00e1n 100 km\/h-\u00e1s sebess\u00e9ggel k\u00f6zlekedhetnek, felszerelts\u00e9ge pedig minden ig\u00e9nyt kiel\u00e9g\u00edt.<\/p>\n<p>-49 utas sz\u00e1ll\u00edt\u00e1s\u00e1ra alkalmas az aut\u00f3busz, az \u00fcl\u00e9sek mindegyike biztons\u00e1gi \u00f6vvel felszerelt \u00e9s az \u00fcl\u00e9sek fellett hangsz\u00f3r\u00f3k \u00e9s l\u00e9gbef\u00fav\u00f3k \u00e1llnak rendelkez\u00e9sre \u00e9s egy nagy m\u00e9ret\u0171 \u00e9s teljes\u00edtm\u00e9ny\u0171 kl\u00edma helyezkedik el az aut\u00f3busz tetej\u00e9n illetve a f\u0171t\u00e9si rendszer a motort\u00f3l elk\u00fcl\u00f6n\u00fclve \u00fczemel.&#8221;  &#8211;   mondta P\u00e1sztor J\u00f3zsef koordin\u00e1ci\u00f3s \u00e9s szolnoki ter\u00fcleti igazgat\u00f3.<\/p>\n<p>Ez a KMKK Zrt. weboldala, melyet a buszon is lehet majd olvasni, hiszen a j\u00e1rm\u0171vek Wi-Fi-vel felszereltek. Mint elhangzott a k\u00e9nyelem mellett a biztons\u00e1g is fontos, ez\u00e9rt mind utas becsatolhatja biztons\u00e1gi \u00f6v\u00e9t. A buszokban a legkorszer\u0171bb, Euro 6-os k\u00f6rnyezetv\u00e9delmi oszt\u00e1lyba sorolt d\u00edzelmotor d\u00fcb\u00f6r\u00f6g. Az \u00faj j\u00e1rm\u0171vek 20 \u00e9vn\u00e9l id\u0151sebb aut\u00f3buszokat v\u00e1ltanak le, olyanokat, melyek m\u00e1r t\u00f6bb, mint 1 milli\u00f3 kilom\u00e9tert futottak. A t\u00e1rsas\u00e1g c\u00e9lja tov\u00e1bbra is az, hogy friss\u00edtse \u00e9s fiatal\u00edtsa a j\u00e1rm\u0171parkot, melynek keret\u00e9ben tavaly 45 aut\u00f3buszt \u00e9rkezett, id\u00e9n pedig v\u00e1rhat\u00f3an tov\u00e1bbi 83 darabot helyeznek majd \u00fczembe.<\/p>\n<p>-Ennek a k\u00f6vetkez\u0151 l\u00e9pcs\u0151foka a m\u00e1r eml\u00edtett Credok. Ezeket a Kravtex gy\u00e1rtja \u00e9s Credo Innovel 12 t\u00edpus\u00fa aut\u00f3buszt elvileg m\u00e1rcius v\u00e9g\u00e9n vehetj\u00fck \u00e1t ebb\u0151l 10 darab \u00e9rkezik a k\u00f6vetkez\u0151 l\u00e9pcs\u0151ben, melyb\u0151l h\u00e1rom ker\u00fcl majd J\u00e1sz-Nagykun-Szolnok Megy\u00e9be.&#8221;  &#8211;   tette hozz\u00e1 P\u00e1sztor J\u00f3zsef koordin\u00e1ci\u00f3s \u00e9s szolnoki ter\u00fcleti igazgat\u00f3.<\/p>\n<p>A h\u00e1romb\u00f3l kett\u0151 Szolnokra egy pedig J\u00e1szber\u00e9nybe. Ezek az aut\u00f3buszok norm\u00e1l padl\u00f3magass\u00e1g\u00fa, k\u00e9ttengelyes, Euro 6-os sz\u00f3l\u00f3 aut\u00f3buszok, melyek 81 utast tudnak sz\u00e1ll\u00edtani. El\u0151v\u00e1rosi \u00e9s helyk\u00f6zi forgalomban haszn\u00e1lj\u00e1k majd.<\/p>\n<div style=\"width: 640px;\" class=\"wp-video\"><!--[if lt IE 9]><script>document.createElement('video');<\/script><![endif]-->\n<video class=\"wp-video-shortcode\" id=\"video-8346-1\" width=\"640\" height=\"360\" preload=\"metadata\" controls=\"controls\"><source type=\"video\/mp4\" src=\"\/spots\/hir\/hir_180227_03.mp4?_=1\" \/><a href=\"\/spots\/hir\/hir_180227_03.mp4\">\/spots\/hir\/hir_180227_03.mp4<\/a><\/video><\/div>\n","protected":false},"excerpt":{"rendered":"<p>A KMKK Zrt. szolnoki telephely\u00e9n parkol a k\u00e9t \u00faj Volvo aut\u00f3busz. Menetre k\u00e9szek, m\u00e1r csak az utols\u00f3 sim\u00edt\u00e1sok vannak h\u00e1tra &#8211; p\u00e1r technikai eszk\u00f6z aktiv\u00e1l\u00e1sa \u00e9s a felmatric\u00e1z\u00e1s. A kett\u0151 k\u00f6z\u00fcl az egyik a szolnoki a m\u00e1sik pedig a karcagi \u00fczemn\u00e9l \u00e1ll majd forgalomba. Orsz\u00e1gos \u00e9s szabad\u00e1ras k\u00fcl\u00f6nj\u00e1rati feladatokat l\u00e1tnak majd el, els\u0151sorban a Tiszaf\u00fcred-Budapest, [&hellip;]<\/p>\n","protected":false},"author":2,"featured_media":0,"comment_status":"closed","ping_status":"closed","sticky":false,"template":"","format":"standard","meta":[],"categories":[9],"tags":[],"_links":{"self":[{"href":"http:\/\/archiv.szolnoktv.hu\/index.php?rest_route=\/wp\/v2\/posts\/8346"}],"collection":[{"href":"http:\/\/archiv.szolnoktv.hu\/index.php?rest_route=\/wp\/v2\/posts"}],"about":[{"href":"http:\/\/archiv.szolnoktv.hu\/index.php?rest_route=\/wp\/v2\/types\/post"}],"author":[{"embeddable":true,"href":"http:\/\/archiv.szolnoktv.hu\/index.php?rest_route=\/wp\/v2\/users\/2"}],"replies":[{"embeddable":true,"href":"http:\/\/archiv.szolnoktv.hu\/index.php?rest_route=%2Fwp%2Fv2%2Fcomments&post=8346"}],"version-history":[{"count":1,"href":"http:\/\/archiv.szolnoktv.hu\/index.php?rest_route=\/wp\/v2\/posts\/8346\/revisions"}],"predecessor-version":[{"id":8367,"href":"http:\/\/archiv.szolnoktv.hu\/index.php?rest_route=\/wp\/v2\/posts\/8346\/revisions\/8367"}],"wp:attachment":[{"href":"http:\/\/archiv.szolnoktv.hu\/index.php?rest_route=%2Fwp%2Fv2%2Fmedia&parent=8346"}],"wp:term":[{"taxonomy":"category","embeddable":true,"href":"http:\/\/archiv.szolnoktv.hu\/index.php?rest_route=%2Fwp%2Fv2%2Fcategories&post=8346"},{"taxonomy":"post_tag","embeddable":true,"href":"http:\/\/archiv.szolnoktv.hu\/index.php?rest_route=%2Fwp%2Fv2%2Ftags&post=8346"}],"curies":[{"name":"wp","href":"https:\/\/api.w.org\/{rel}","templated":true}]}}