{"id":8345,"date":"2018-02-27T15:09:39","date_gmt":"2018-02-27T15:09:39","guid":{"rendered":"http:\/\/archiv.szolnoktv.hu\/?p=8345"},"modified":"2021-08-13T19:02:14","modified_gmt":"2021-08-13T19:02:14","slug":"kutyahideg","status":"publish","type":"post","link":"http:\/\/archiv.szolnoktv.hu\/?p=8345","title":{"rendered":"Kutyahideg"},"content":{"rendered":"<div class='booster-block booster-read-block'><\/div><p>Ma reggel kalap\u00e1ccsal kellett bet\u00f6rni a kuty\u00e1k iv\u00f3viz\u00e9t a Besenysz\u00f6gi \u00fati \u00e1llatotthonban. Napok \u00f3ta tombol a k\u00fcl\u00f6n\u00f6sen zord, t\u00e9li id\u0151j\u00e1r\u00e1s. A hideg az utc\u00e1n l\u00e9v\u0151 emberek mellett ilyenkor az utc\u00e1n s\u00e9t\u00e1ltatott \u00e9s a szabadban tartott \u00e1llatokra is komoly vesz\u00e9lyt jelent, pedig egy kis odafigyel\u00e9ssel elker\u00fclhet\u0151 a h\u00e1zi kedvencek, a szabadban \u00e9l\u0151 \u00e1llatok \u00e9hez\u00e9se, fagy\u00e1sa. <\/p>\n<p>A t\u00e9l j\u00f3l beleh\u00fazott a v\u00e9g\u00e9re. F\u00e1znak is a kutyusaink \u00e9s mi is, de megpr\u00f3b\u00e1lunk minden kennelbe olyan kutyah\u00e1zat, ami nagyon t\u00e9lies\u00edtett, berakni. Illetve faforg\u00e1csozunk nekik. Mindegyik kutyah\u00e1zba tesz\u00fcnk b\u0151s\u00e9gesen, illetve kint a kennelr\u00e9szbe is. &#8211; mondta Tarpai Enik\u0151 a Szolnok V\u00e1rosi \u00c1llatotthon Alap\u00edtv\u00e1ny f\u0151munkat\u00e1rsa.<\/p>\n<p> A kuty\u00e1k t\u00f6bbs\u00e9g\u00e9t kell\u0151en megv\u00e9di a hidegt\u0151l t\u00e9li sz\u0151rzet\u00fck. Vannak azonban r\u00f6vid vagy ritk\u00e1bb sz\u0151r\u0171 fajt\u00e1k, melyek bund\u00e1ja nem ny\u00fajt megfelel\u0151 v\u00e9delmet nekik. Aj\u00e1nlott a meleg kutyaruha, amit ak\u00e1r otthon is k\u00f6nnyed\u00e9n elk\u00e9sz\u00edthetnek. Illetve akik eg\u00e9sz napra otthon hagyj\u00e1k \u00e1llataikat, elindul\u00e1s el\u0151tt gondoskodjanak arr\u00f3l, hogy langyos iv\u00f3vizet \u00f6ntsenek nekik. Ha van r\u00e1 lehet\u0151s\u00e9g\u00fck, k\u00e9rj\u00e9k meg szomsz\u00e9djukat, hogy n\u00e9zzenek napk\u00f6zben a kuty\u00e1ra \u00e9s ha sz\u00fcks\u00e9ges cser\u00e9lj\u00e9k a viz\u00fcket. <\/p>\n<p>A kisebb test\u0171 kuty\u00e1kat \u00e9rdemesebb, vagy bent tartani  vagy a gar\u00e1zst kialak\u00edtani \u00fagy, hogy ki-be mehessenek. Nagyobb test\u0171 kuty\u00e1knak olyan kutyah\u00e1z kell, ahol nem fagynak meg, illetve ott is nagyon fontos, hogy ink\u00e1bb faforg\u00e1csot vagy szalm\u00e1t haszn\u00e1ljanak, hiszen a rongyok hamar \u00e1tvizesednek \u00e9s az is el\u0151fordulhat, hogy eg\u00e9sz \u00e9jszaka vizes rongyon alszanak.- mondta Tarpai Enik\u0151 a Szolnok V\u00e1rosi \u00c1llatotthon Alap\u00edtv\u00e1ny f\u0151munkat\u00e1rsa.<\/p>\n<p>A megf\u00e1z\u00e1sos t\u00fcneteket hamar \u00e9szre lehet venni. Minden esetben l\u00e1that\u00f3 a kuty\u00e1n, hogy nem \u00fagy viselkedik, ahogy szokott, nem boldog, b\u00e1gyadt. Ilyenkor \u00e9rdemes meleg helyre vinni. Ha nagyon nagy a baj, akkor a mancsain lehet \u00e9szrevenni, hogy fagyk\u00e1rt szenvedett.  Mindezekre odafigyelve sok betegs\u00e9gt\u0151l \u00f3vhatjuk meg kedvenceinket. <\/p>\n<div style=\"width: 640px;\" class=\"wp-video\"><!--[if lt IE 9]><script>document.createElement('video');<\/script><![endif]-->\n<video class=\"wp-video-shortcode\" id=\"video-8345-1\" width=\"640\" height=\"360\" preload=\"metadata\" controls=\"controls\"><source type=\"video\/mp4\" src=\"\/spots\/hir\/hir_180227_06.mp4?_=1\" \/><a href=\"\/spots\/hir\/hir_180227_06.mp4\">\/spots\/hir\/hir_180227_06.mp4<\/a><\/video><\/div>\n","protected":false},"excerpt":{"rendered":"<p>Ma reggel kalap\u00e1ccsal kellett bet\u00f6rni a kuty\u00e1k iv\u00f3viz\u00e9t a Besenysz\u00f6gi \u00fati \u00e1llatotthonban. Napok \u00f3ta tombol a k\u00fcl\u00f6n\u00f6sen zord, t\u00e9li id\u0151j\u00e1r\u00e1s. A hideg az utc\u00e1n l\u00e9v\u0151 emberek mellett ilyenkor az utc\u00e1n s\u00e9t\u00e1ltatott \u00e9s a szabadban tartott \u00e1llatokra is komoly vesz\u00e9lyt jelent, pedig egy kis odafigyel\u00e9ssel elker\u00fclhet\u0151 a h\u00e1zi kedvencek, a szabadban \u00e9l\u0151 \u00e1llatok \u00e9hez\u00e9se, fagy\u00e1sa. A [&hellip;]<\/p>\n","protected":false},"author":2,"featured_media":0,"comment_status":"closed","ping_status":"closed","sticky":false,"template":"","format":"standard","meta":[],"categories":[9],"tags":[],"_links":{"self":[{"href":"http:\/\/archiv.szolnoktv.hu\/index.php?rest_route=\/wp\/v2\/posts\/8345"}],"collection":[{"href":"http:\/\/archiv.szolnoktv.hu\/index.php?rest_route=\/wp\/v2\/posts"}],"about":[{"href":"http:\/\/archiv.szolnoktv.hu\/index.php?rest_route=\/wp\/v2\/types\/post"}],"author":[{"embeddable":true,"href":"http:\/\/archiv.szolnoktv.hu\/index.php?rest_route=\/wp\/v2\/users\/2"}],"replies":[{"embeddable":true,"href":"http:\/\/archiv.szolnoktv.hu\/index.php?rest_route=%2Fwp%2Fv2%2Fcomments&post=8345"}],"version-history":[{"count":1,"href":"http:\/\/archiv.szolnoktv.hu\/index.php?rest_route=\/wp\/v2\/posts\/8345\/revisions"}],"predecessor-version":[{"id":8368,"href":"http:\/\/archiv.szolnoktv.hu\/index.php?rest_route=\/wp\/v2\/posts\/8345\/revisions\/8368"}],"wp:attachment":[{"href":"http:\/\/archiv.szolnoktv.hu\/index.php?rest_route=%2Fwp%2Fv2%2Fmedia&parent=8345"}],"wp:term":[{"taxonomy":"category","embeddable":true,"href":"http:\/\/archiv.szolnoktv.hu\/index.php?rest_route=%2Fwp%2Fv2%2Fcategories&post=8345"},{"taxonomy":"post_tag","embeddable":true,"href":"http:\/\/archiv.szolnoktv.hu\/index.php?rest_route=%2Fwp%2Fv2%2Ftags&post=8345"}],"curies":[{"name":"wp","href":"https:\/\/api.w.org\/{rel}","templated":true}]}}