{"id":8344,"date":"2018-02-27T14:31:21","date_gmt":"2018-02-27T14:31:21","guid":{"rendered":"http:\/\/archiv.szolnoktv.hu\/?p=8344"},"modified":"2021-08-13T19:02:14","modified_gmt":"2021-08-13T19:02:14","slug":"szakkepzesi-centrum-obudai-egyetem-alairas","status":"publish","type":"post","link":"http:\/\/archiv.szolnoktv.hu\/?p=8344","title":{"rendered":"Szakk\u00e9pz\u00e9si Centrum &#8211; \u00d3budai Egyetem al\u00e1\u00edr\u00e1s"},"content":{"rendered":"<div class='booster-block booster-read-block'><\/div><p>Az \u00d3budai Egyetem \u00e9s a Szolnoki M\u0171szaki Szakk\u00e9pz\u00e9si Centrum egy\u00fcttm\u0171k\u00f6d\u00e9si meg\u00e1llapod\u00e1st \u00edrt al\u00e1. Ett\u0151l a pillanatt\u00f3l kezdve hivataloss\u00e1 v\u00e1lt az az egy\u00fcttm\u0171k\u00f6d\u00e9s a k\u00e9t int\u00e9zm\u00e9ny k\u00f6z\u00f6tt, mely n\u00e9h\u00e1ny k\u00f6z\u00f6s munk\u00e1ban m\u00e1r kor\u00e1bban megval\u00f3sult. Ilyen a t\u00e9szta-h\u00edd \u00e9p\u00edt\u0151 verseny, mely m\u00e1r Szolnokon is hagyom\u00e1nyokkal b\u00edr, az egyetem pedig \u00e9vek \u00f3ta a vil\u00e1gbajnoks\u00e1g rendez\u0151je. A mai al\u00e1\u00edr\u00e1s ezt a kapcsolatot hivatott b\u0151v\u00edteni.<\/p>\n<p>&#8220;Ezen egy\u00fcttm\u0171k\u00f6d\u00e9s k\u00f6vetkezt\u00e9ben tan\u00e1raink, di\u00e1kjaink sok \u00faj dolgot ismerhetnek meg, \u00e9s az egyetem tan\u00e1rai is ell\u00e1togatnak hozz\u00e1nk megismerni a k\u00e9pz\u00e9s\u00fcnket.&#8221; -mondta HICS\u00d3 GY\u00d6RGY a Szolnoki M\u0171szaki Szakk\u00e9pz\u00e9si Centrum f\u0151igazgat\u00f3ja.<br \/>A szolnoki centrum tagint\u00e9zm\u00e9nyeib\u0151l eddig is sokan v\u00e1lasztott\u00e1k tov\u00e1bbtanul\u00e1s c\u00e9lj\u00e1ul az \u00d3budai Egyetemet. C\u00e9l, hogy ez a l\u00e9tsz\u00e1m b\u0151v\u00fclj\u00f6n.<\/p>\n<p>&#8220;Az egy\u00fcttm\u0171k\u00f6d\u00e9s c\u00e9lja a hallgat\u00f3k \u00e9rdekeit szolg\u00e1lja, hogy a szakk\u00e9pz\u00e9si centrumban tanul\u00f3 di\u00e1kok megtal\u00e1lj\u00e1k a j\u00f6v\u0151j\u00fcket a r\u00e9gi\u00f3ban, ehhez k\u00edn\u00e1l tov\u00e1bbtanul\u00e1si lehet\u0151s\u00e9get az egyetem.&#8221; -mondta Prof. Dr. R\u00e9ger Mih\u00e1ly az \u00d3budai Egyetem rektora.<br \/>A meg\u00e1llapod\u00e1s \u00e9rtelm\u00e9ben a centrum tanul\u00f3i r\u00e9szt vehetnek az egyetem bizonyos rendezv\u00e9nyein, megismerhetik a k\u00e9pz\u00e9st, a pedag\u00f3gusok \u00e1tvehetnek k\u00e9pz\u00e9si form\u00e1kat, \u00e9s k\u00f6z\u00f6s projekteket ind\u00edthatnak.<br \/>\n<br \/>\n<div style=\"width: 640px;\" class=\"wp-video\"><!--[if lt IE 9]><script>document.createElement('video');<\/script><![endif]-->\n<video class=\"wp-video-shortcode\" id=\"video-8344-1\" width=\"640\" height=\"360\" preload=\"metadata\" controls=\"controls\"><source type=\"video\/mp4\" src=\"\/spots\/hir\/hir_180227_05.mp4?_=1\" \/><a href=\"\/spots\/hir\/hir_180227_05.mp4\">\/spots\/hir\/hir_180227_05.mp4<\/a><\/video><\/div><\/p>\n","protected":false},"excerpt":{"rendered":"<p>Az \u00d3budai Egyetem \u00e9s a Szolnoki M\u0171szaki Szakk\u00e9pz\u00e9si Centrum egy\u00fcttm\u0171k\u00f6d\u00e9si meg\u00e1llapod\u00e1st \u00edrt al\u00e1. Ett\u0151l a pillanatt\u00f3l kezdve hivataloss\u00e1 v\u00e1lt az az egy\u00fcttm\u0171k\u00f6d\u00e9s a k\u00e9t int\u00e9zm\u00e9ny k\u00f6z\u00f6tt, mely n\u00e9h\u00e1ny k\u00f6z\u00f6s munk\u00e1ban m\u00e1r kor\u00e1bban megval\u00f3sult. Ilyen a t\u00e9szta-h\u00edd \u00e9p\u00edt\u0151 verseny, mely m\u00e1r Szolnokon is hagyom\u00e1nyokkal b\u00edr, az egyetem pedig \u00e9vek \u00f3ta a vil\u00e1gbajnoks\u00e1g rendez\u0151je. A mai al\u00e1\u00edr\u00e1s [&hellip;]<\/p>\n","protected":false},"author":2,"featured_media":0,"comment_status":"closed","ping_status":"closed","sticky":false,"template":"","format":"standard","meta":[],"categories":[9],"tags":[],"_links":{"self":[{"href":"http:\/\/archiv.szolnoktv.hu\/index.php?rest_route=\/wp\/v2\/posts\/8344"}],"collection":[{"href":"http:\/\/archiv.szolnoktv.hu\/index.php?rest_route=\/wp\/v2\/posts"}],"about":[{"href":"http:\/\/archiv.szolnoktv.hu\/index.php?rest_route=\/wp\/v2\/types\/post"}],"author":[{"embeddable":true,"href":"http:\/\/archiv.szolnoktv.hu\/index.php?rest_route=\/wp\/v2\/users\/2"}],"replies":[{"embeddable":true,"href":"http:\/\/archiv.szolnoktv.hu\/index.php?rest_route=%2Fwp%2Fv2%2Fcomments&post=8344"}],"version-history":[{"count":1,"href":"http:\/\/archiv.szolnoktv.hu\/index.php?rest_route=\/wp\/v2\/posts\/8344\/revisions"}],"predecessor-version":[{"id":8369,"href":"http:\/\/archiv.szolnoktv.hu\/index.php?rest_route=\/wp\/v2\/posts\/8344\/revisions\/8369"}],"wp:attachment":[{"href":"http:\/\/archiv.szolnoktv.hu\/index.php?rest_route=%2Fwp%2Fv2%2Fmedia&parent=8344"}],"wp:term":[{"taxonomy":"category","embeddable":true,"href":"http:\/\/archiv.szolnoktv.hu\/index.php?rest_route=%2Fwp%2Fv2%2Fcategories&post=8344"},{"taxonomy":"post_tag","embeddable":true,"href":"http:\/\/archiv.szolnoktv.hu\/index.php?rest_route=%2Fwp%2Fv2%2Ftags&post=8344"}],"curies":[{"name":"wp","href":"https:\/\/api.w.org\/{rel}","templated":true}]}}