{"id":8341,"date":"2018-02-27T13:41:23","date_gmt":"2018-02-27T13:41:23","guid":{"rendered":"http:\/\/archiv.szolnoktv.hu\/?p=8341"},"modified":"2021-08-13T19:02:15","modified_gmt":"2021-08-13T19:02:15","slug":"rotary-adomany-etkeztetesre","status":"publish","type":"post","link":"http:\/\/archiv.szolnoktv.hu\/?p=8341","title":{"rendered":"Rotary adom\u00e1ny \u00e9tkeztet\u00e9sre"},"content":{"rendered":"<div class='booster-block booster-read-block'><\/div><p>A december 20-i j\u00f3t\u00e9konys\u00e1gi operahangverseny bev\u00e9tel\u00e9nek k\u00f6sz\u00f6nhet\u0151en t\u00f6bb r\u00e1szorul\u00f3 kisdi\u00e1k \u00e9tkez\u00e9s\u00e9t tudj\u00e1k megoldani a megyesz\u00e9khelyen. A koncertet szervez\u0151 Rotary Club Szolnok h\u00e9tf\u0151 este adta \u00e1t a 289. 600 forintr\u00f3l sz\u00f3l\u00f3 jelk\u00e9pes csekket a karitasz k\u00e9pvisel\u0151j\u00e9nek. <\/p>\n<p> Dr. Szal\u00f3ki Istv\u00e1n  Rotary Club Szolnok<\/p>\n<p>-&#8220;Minden esetben a klub tags\u00e1ga d\u00f6nt , arr\u00f3l, hogy a felvetett t\u00e1mogatand\u00f3k k\u00f6z\u00fcl kik kapj\u00e1k meg, a Liget Otthon, a gyermekek kab\u00e1tra kapt\u00e1k meg. &#8211;<\/p>\n<p>Ez\u00fattal a h\u00e1tr\u00e1nyos helyzet\u0171 gyermekeken seg\u00edtettek.  A Szent Erzs\u00e9bet Katolikus Karitasz l\u00e1t\u00f3k\u00f6r\u00e9ben t\u00f6bb neh\u00e9z sors\u00fa csal\u00e1d is \u00e9l. <\/p>\n<p>Sz\u00e9lln\u00e9 Haraszti Magdolna  vezet\u0151, Szolnoki Belv\u00e1rosi Pl\u00e9b\u00e1nia Szent Erzs\u00e9bet Katolikus Karitasz Csoport :<\/p>\n<p>-Igen- igen sok a r\u00e1szorul\u00f3, \u00e9s sajnos ahogy a gazdas\u00e1gi helyzet v\u00e1ltozik nehezedik m\u00e9g egyre t\u00f6bb r\u00e1szorul\u00f3ra sz\u00e1m\u00edthatunk. Ak\u00e1r gyerekek, ak\u00e1r feln\u0151ttek tekintet\u00e9ben. Nyilv\u00e1n az \u0151 ell\u00e1t\u00e1sukra, mindennapi \u00e9lelmez\u00e9s\u00fckre  fogjuk ezt az \u00f6sszeget is ford\u00edtani. &#8211;<\/p>\n<p>\u00cdgy 50  h\u00e1tr\u00e1nyos helyzet\u0171 di\u00e1k napi \u00e9tkeztet\u00e9s\u00e9t tudj\u00e1k biztos\u00edtani. A mostani adom\u00e1ny seg\u00edts\u00e9g\u00e9vel ezt \u00e9v v\u00e9g\u00e9ig meg tudj\u00e1k oldani. <\/p>\n<p>Sz\u00e9lln\u00e9 Haraszti Magdolna  vezet\u0151, Szolnoki Belv\u00e1rosi Pl\u00e9b\u00e1nia Szent Erzs\u00e9bet Katolikus Karitasz Csoport <\/p>\n<p>-&#8220;Ezek azok a tanul\u00f3k, akiknek csal\u00e1dja k\u00e9ptelen az \u00e9tkeztet\u00e9s\u00fcket megoldani  ez\u00e9rt igyeksz\u00fcnk seg\u00edteni. Ebben t\u00e1mogat benn\u00fcnket az iskola gyermekv\u00e9delmi felel\u0151se, az iskolavezet\u00e9s. \u00d5k seg\u00edtenek, azt\u00e1n k\u00f6rnyezettanulm\u00e1nyt v\u00e9gz\u00fcnk \u00e9s ezek ut\u00e1n d\u00f6nt a csoportunk, hogy milyen m\u00e9rt\u00e9k\u0171 t\u00e1mogat\u00e1st  tudunk adni az adott tanul\u00f3nak. &#8211;<\/p>\n<p>A Rotary Club Szolnok 2018-ban is folytatja megszokott j\u00f3t\u00e9konys\u00e1gi akci\u00f3it \u00e9s adom\u00e1nygy\u0171jt\u00e9seit. <\/p>\n<div style=\"width: 640px;\" class=\"wp-video\"><!--[if lt IE 9]><script>document.createElement('video');<\/script><![endif]-->\n<video class=\"wp-video-shortcode\" id=\"video-8341-1\" width=\"640\" height=\"360\" preload=\"metadata\" controls=\"controls\"><source type=\"video\/mp4\" src=\"\/spots\/hir\/hir_180227_01.mp4?_=1\" \/><a href=\"\/spots\/hir\/hir_180227_01.mp4\">\/spots\/hir\/hir_180227_01.mp4<\/a><\/video><\/div>\n","protected":false},"excerpt":{"rendered":"<p>A december 20-i j\u00f3t\u00e9konys\u00e1gi operahangverseny bev\u00e9tel\u00e9nek k\u00f6sz\u00f6nhet\u0151en t\u00f6bb r\u00e1szorul\u00f3 kisdi\u00e1k \u00e9tkez\u00e9s\u00e9t tudj\u00e1k megoldani a megyesz\u00e9khelyen. A koncertet szervez\u0151 Rotary Club Szolnok h\u00e9tf\u0151 este adta \u00e1t a 289. 600 forintr\u00f3l sz\u00f3l\u00f3 jelk\u00e9pes csekket a karitasz k\u00e9pvisel\u0151j\u00e9nek. Dr. Szal\u00f3ki Istv\u00e1n Rotary Club Szolnok -&#8220;Minden esetben a klub tags\u00e1ga d\u00f6nt , arr\u00f3l, hogy a felvetett t\u00e1mogatand\u00f3k k\u00f6z\u00fcl kik [&hellip;]<\/p>\n","protected":false},"author":2,"featured_media":0,"comment_status":"closed","ping_status":"closed","sticky":false,"template":"","format":"standard","meta":[],"categories":[9],"tags":[],"_links":{"self":[{"href":"http:\/\/archiv.szolnoktv.hu\/index.php?rest_route=\/wp\/v2\/posts\/8341"}],"collection":[{"href":"http:\/\/archiv.szolnoktv.hu\/index.php?rest_route=\/wp\/v2\/posts"}],"about":[{"href":"http:\/\/archiv.szolnoktv.hu\/index.php?rest_route=\/wp\/v2\/types\/post"}],"author":[{"embeddable":true,"href":"http:\/\/archiv.szolnoktv.hu\/index.php?rest_route=\/wp\/v2\/users\/2"}],"replies":[{"embeddable":true,"href":"http:\/\/archiv.szolnoktv.hu\/index.php?rest_route=%2Fwp%2Fv2%2Fcomments&post=8341"}],"version-history":[{"count":1,"href":"http:\/\/archiv.szolnoktv.hu\/index.php?rest_route=\/wp\/v2\/posts\/8341\/revisions"}],"predecessor-version":[{"id":8372,"href":"http:\/\/archiv.szolnoktv.hu\/index.php?rest_route=\/wp\/v2\/posts\/8341\/revisions\/8372"}],"wp:attachment":[{"href":"http:\/\/archiv.szolnoktv.hu\/index.php?rest_route=%2Fwp%2Fv2%2Fmedia&parent=8341"}],"wp:term":[{"taxonomy":"category","embeddable":true,"href":"http:\/\/archiv.szolnoktv.hu\/index.php?rest_route=%2Fwp%2Fv2%2Fcategories&post=8341"},{"taxonomy":"post_tag","embeddable":true,"href":"http:\/\/archiv.szolnoktv.hu\/index.php?rest_route=%2Fwp%2Fv2%2Ftags&post=8341"}],"curies":[{"name":"wp","href":"https:\/\/api.w.org\/{rel}","templated":true}]}}