{"id":8339,"date":"2018-02-26T17:05:03","date_gmt":"2018-02-26T17:05:03","guid":{"rendered":"http:\/\/archiv.szolnoktv.hu\/?p=8339"},"modified":"2021-08-13T19:02:15","modified_gmt":"2021-08-13T19:02:15","slug":"civil-forum-a-civil-hazban","status":"publish","type":"post","link":"http:\/\/archiv.szolnoktv.hu\/?p=8339","title":{"rendered":"Civil f\u00f3rum a Civil H\u00e1zban"},"content":{"rendered":"<div class='booster-block booster-read-block'><\/div><p> A zsurpubi.hu internetes weboldal f\u0151szerkeszt\u0151je a m\u00e9di\u00e1r\u00f3l, mint a negyedik hatalmi \u00e1gr\u00f3l \u00e9s a m\u00e9dia politik\u00e1ban bet\u00f6lt\u00f6tt szerep\u00e9r\u0151l besz\u00e9lt. B\u00e9res Ferenc Attila elmondta: fontosnak tartja a hiteles t\u00e1j\u00e9koztat\u00e1s, internetes v\u00e9lem\u00e9ny-port\u00e1lj\u00e1t is az\u00e9rt hozta l\u00e9tre, hogy a demokr\u00e1ci\u00e1ban \u00e9l\u0151 \u00e9s az orsz\u00e1g j\u00f6v\u0151j\u00e9t meghat\u00e1roz\u00f3 emberekhez eljuttassa tud\u00e1s\u00e1t. <\/p>\n<p>&#8211; -Azt gondolom, hogy egy \u00edr\u00e1stud\u00f3 embernek a k\u00f6teless\u00e9ge, hogy amit megtanult az egyetemen, vagy megtanult a tan\u00e1rait\u00f3l, a professzorait\u00f3l, azt a tud\u00e1st megpr\u00f3b\u00e1lja eljuttatni azokhoz az emberekhez, v\u00e1laszt\u00f3polg\u00e1rokhoz, akik meghat\u00e1rozz\u00e1k egy demokr\u00e1ci\u00e1ban az orsz\u00e1g j\u00f6v\u0151j\u00e9t. S \u00e9n azt gondolom, hogy ez volt az az ind\u00edttat\u00e1s a r\u00e9szemr\u0151l, hogy megalap\u00edtottam ezt a v\u00e9lem\u00e9nyport\u00e1lt, ezt a gagport\u00e1lt.&#8221;  &#8211;   tette hozz\u00e1 B\u00e9res Ferenc Attila.<\/p>\n<p> -Olyan vil\u00e1gban \u00e9l\u00fcnk, ahol szinte nem lehet k\u00e9rdezni.&#8221;  &#8211;   ezt m\u00e1r az alfahir.hu f\u0151szerkeszt\u0151je mondta, amikor a sajt\u00f3term\u00e9kek felel\u0151ss\u00e9g\u00e9vel \u00e9s azok funkci\u00f3j\u00e1val kapcsolatban fejtette ki v\u00e9lem\u00e9ny\u00e9t.<\/p>\n<p>&#8211; -A korm\u00e1ny nem csak azt csin\u00e1lja, hogy egy alternat\u00edv m\u00e9diaval\u00f3s\u00e1got alak\u00edt ki, hanem e k\u00f6r\u00e9 a m\u00e9diaval\u00f3s\u00e1g, vagy e k\u00f6r\u00e9 az alternat\u00edv val\u00f3s\u00e1g k\u00f6r\u00e9 egy hatalmas betonfalat is h\u00faz \u00e9s ott senkinek sincs lehet\u0151s\u00e9ge \u00e1thatolni. Nem lehet k\u00e9rdezni fideszes politikusokt\u00f3l, nem lehet \u0151ket sz\u00e1mon k\u00e9rni abban az \u00e9rtelemben, ahogyan ezt egy sajt\u00f3term\u00e9knek kellene \u00e9s ahogy az egy sajt\u00f3term\u00e9knek a felel\u0151ss\u00e9ge kell, hogy legyen. Erre nincs most meg a lehet\u0151s\u00e9ge, vagy ha van, nagyon kicsi.&#8221;  &#8211;   jelentette ki Magvas Adri\u00e1n.<\/p>\n<p>Az el\u0151ad\u00e1ssorozat szervez\u0151je, a Szolnoki Civil F\u00f3rum eln\u00f6ke elmondta, hogy a k\u00f6vetkez\u0151 programot \u0151szre tervezik. Ligeti J\u00f3zsef hozz\u00e1tette, tov\u00e1bbra sem h\u00edvnak meg p\u00e1rtfunkcion\u00e1riusokat.<br \/>\n<br \/>\n<div style=\"width: 640px;\" class=\"wp-video\"><!--[if lt IE 9]><script>document.createElement('video');<\/script><![endif]-->\n<video class=\"wp-video-shortcode\" id=\"video-8339-1\" width=\"640\" height=\"360\" preload=\"metadata\" controls=\"controls\"><source type=\"video\/mp4\" src=\"\/spots\/hir\/hir_180226_06.mp4?_=1\" \/><a href=\"\/spots\/hir\/hir_180226_06.mp4\">\/spots\/hir\/hir_180226_06.mp4<\/a><\/video><\/div><\/p>\n","protected":false},"excerpt":{"rendered":"<p>A zsurpubi.hu internetes weboldal f\u0151szerkeszt\u0151je a m\u00e9di\u00e1r\u00f3l, mint a negyedik hatalmi \u00e1gr\u00f3l \u00e9s a m\u00e9dia politik\u00e1ban bet\u00f6lt\u00f6tt szerep\u00e9r\u0151l besz\u00e9lt. B\u00e9res Ferenc Attila elmondta: fontosnak tartja a hiteles t\u00e1j\u00e9koztat\u00e1s, internetes v\u00e9lem\u00e9ny-port\u00e1lj\u00e1t is az\u00e9rt hozta l\u00e9tre, hogy a demokr\u00e1ci\u00e1ban \u00e9l\u0151 \u00e9s az orsz\u00e1g j\u00f6v\u0151j\u00e9t meghat\u00e1roz\u00f3 emberekhez eljuttassa tud\u00e1s\u00e1t. &#8211; -Azt gondolom, hogy egy \u00edr\u00e1stud\u00f3 embernek a k\u00f6teless\u00e9ge, [&hellip;]<\/p>\n","protected":false},"author":2,"featured_media":0,"comment_status":"closed","ping_status":"closed","sticky":false,"template":"","format":"standard","meta":[],"categories":[9],"tags":[],"_links":{"self":[{"href":"http:\/\/archiv.szolnoktv.hu\/index.php?rest_route=\/wp\/v2\/posts\/8339"}],"collection":[{"href":"http:\/\/archiv.szolnoktv.hu\/index.php?rest_route=\/wp\/v2\/posts"}],"about":[{"href":"http:\/\/archiv.szolnoktv.hu\/index.php?rest_route=\/wp\/v2\/types\/post"}],"author":[{"embeddable":true,"href":"http:\/\/archiv.szolnoktv.hu\/index.php?rest_route=\/wp\/v2\/users\/2"}],"replies":[{"embeddable":true,"href":"http:\/\/archiv.szolnoktv.hu\/index.php?rest_route=%2Fwp%2Fv2%2Fcomments&post=8339"}],"version-history":[{"count":1,"href":"http:\/\/archiv.szolnoktv.hu\/index.php?rest_route=\/wp\/v2\/posts\/8339\/revisions"}],"predecessor-version":[{"id":8374,"href":"http:\/\/archiv.szolnoktv.hu\/index.php?rest_route=\/wp\/v2\/posts\/8339\/revisions\/8374"}],"wp:attachment":[{"href":"http:\/\/archiv.szolnoktv.hu\/index.php?rest_route=%2Fwp%2Fv2%2Fmedia&parent=8339"}],"wp:term":[{"taxonomy":"category","embeddable":true,"href":"http:\/\/archiv.szolnoktv.hu\/index.php?rest_route=%2Fwp%2Fv2%2Fcategories&post=8339"},{"taxonomy":"post_tag","embeddable":true,"href":"http:\/\/archiv.szolnoktv.hu\/index.php?rest_route=%2Fwp%2Fv2%2Ftags&post=8339"}],"curies":[{"name":"wp","href":"https:\/\/api.w.org\/{rel}","templated":true}]}}