{"id":8338,"date":"2018-02-26T17:01:53","date_gmt":"2018-02-26T17:01:53","guid":{"rendered":"http:\/\/archiv.szolnoktv.hu\/?p=8338"},"modified":"2021-08-13T19:02:15","modified_gmt":"2021-08-13T19:02:15","slug":"igazsagos-tarsadalmat-akar-az-aquila-part","status":"publish","type":"post","link":"http:\/\/archiv.szolnoktv.hu\/?p=8338","title":{"rendered":"Igazs\u00e1gos t\u00e1rsadalmat akar az AQUILA P\u00e1rt."},"content":{"rendered":"<div class='booster-block booster-read-block'><\/div><p>2,5 nap alatt gy\u0171jt\u00f6tt 600 al\u00e1\u00edr\u00e1st az AQUILA P\u00e1rt. Az alap\u00edt\u00f3 tags\u00e1g kisdi\u00e1kk\u00e9nt ismerkedett meg egym\u00e1ssal, 14 \u00e9vig \u00f6nk\u00e9ntesen m\u0171k\u00f6dtettek egy 32 f\u0151s egyes\u00fcletet, majd 29-en megalap\u00edtott\u00e1k az AQUILA P\u00e1rtot. Hitben, embers\u00e9gben, s nagy \u00f6sszetartoz\u00f3 szeretetben \u00e9lnek, \u00e1tlag \u00e9letkoruk 35 \u00e9v. A katolikus egyh\u00e1zb\u00f3l n\u0151ttek ki, de politikailag egy p\u00e1rthoz sem kapcsol\u00f3dnak. T\u00f3szeg hat\u00e1r\u00e1ban t\u00f6bb telk\u00fck van, melyet m\u0171velnek \u00e9s templomukat is saj\u00e1t kez\u00fckkel \u00e9p\u00edtett\u00e9k meg. <\/p>\n<p>Varga P\u00e9ter Mikl\u00f3sn\u00e9 P\u00e1vel M\u00e1rta orsz\u00e1ggy\u0171l\u00e9si k\u00e9pvisel\u0151jel\u00f6lt AQUILA P\u00e1rt: <br \/>-&#8220;Mindny\u00e1jan nem a mai telefonnyomkod\u00f3 brig\u00e1dhoz tartozunk, hanem azokhoz, akiknek t\u00e9nyleg az az \u00e9rt\u00e9k, ami egy nemzeti \u00f6ntudat. Ami nagyon fontos ahhoz, hogy a magyars\u00e1g megmaradjon. Mi szeretn\u00e9nk a politik\u00e1ban egy j\u00f3ra gerjeszt\u0151 kov\u00e1sz lenni. &#8211;<\/p>\n<p> Szeretn\u00e9k, ha megsz\u0171nne a gy\u0171l\u00f6lk\u00f6d\u00e9s \u00e9s a politika val\u00f3ban az emberek \u00e9rdekeit szolg\u00e1ln\u00e1. <\/p>\n<p>-&#8220;Nem lenne sz\u00e9les szakad\u00e9k a nagyon gazdagok \u00e9s a szeg\u00e9nyek k\u00f6z\u00f6tt, mert ez a szakad\u00e9k lassan elviselhetetlen. Mi szeretn\u00e9nk ezt k\u00f6z\u00e9pre h\u00fazni. V\u00e9lem\u00e9ny\u00fcnk szerint egy ember sem \u00e9r annyit, hogy a m\u00e1sikt\u00f3l sz\u00e1zszorosat keressen. Annyi nincs a fej\u00e9ben&#8221;-tette hozz\u00e1 a k\u00e9pvisel\u0151jel\u00f6lt. <\/p>\n<p> A t\u00e1rsadalmi b\u00e9k\u00e9tlens\u00e9get szeretn\u00e9k megv\u00e1ltoztatni, tiszta l\u00e9lekkel hazugs\u00e1g mentesen &#8211; hangs\u00falyozta a k\u00e9pvisel\u0151jel\u00f6lt. Kiemelte, hogy 4 \u00e9ve sem vettek fel p\u00e9nzt, nem tartoznak senkinek sem, mostani kamp\u00e1nyuk sem ker\u00fcl p\u00e9nzbe az embereknek. A budapesti sz\u00e9khely\u0171 p\u00e1rt \u00c9rden, Budafokon \u00e9s Szolnokon ind\u00edt jel\u00f6ltet. Igazs\u00e1gos t\u00e1rsadalmat akarnak, ahol a vid\u00e9k is fejl\u0151dhet. <\/p>\n<div style=\"width: 640px;\" class=\"wp-video\"><!--[if lt IE 9]><script>document.createElement('video');<\/script><![endif]-->\n<video class=\"wp-video-shortcode\" id=\"video-8338-1\" width=\"640\" height=\"360\" preload=\"metadata\" controls=\"controls\"><source type=\"video\/mp4\" src=\"\/spots\/hir\/hir_180226_05.mp4?_=1\" \/><a href=\"\/spots\/hir\/hir_180226_05.mp4\">\/spots\/hir\/hir_180226_05.mp4<\/a><\/video><\/div>\n","protected":false},"excerpt":{"rendered":"<p>2,5 nap alatt gy\u0171jt\u00f6tt 600 al\u00e1\u00edr\u00e1st az AQUILA P\u00e1rt. Az alap\u00edt\u00f3 tags\u00e1g kisdi\u00e1kk\u00e9nt ismerkedett meg egym\u00e1ssal, 14 \u00e9vig \u00f6nk\u00e9ntesen m\u0171k\u00f6dtettek egy 32 f\u0151s egyes\u00fcletet, majd 29-en megalap\u00edtott\u00e1k az AQUILA P\u00e1rtot. Hitben, embers\u00e9gben, s nagy \u00f6sszetartoz\u00f3 szeretetben \u00e9lnek, \u00e1tlag \u00e9letkoruk 35 \u00e9v. A katolikus egyh\u00e1zb\u00f3l n\u0151ttek ki, de politikailag egy p\u00e1rthoz sem kapcsol\u00f3dnak. T\u00f3szeg hat\u00e1r\u00e1ban t\u00f6bb [&hellip;]<\/p>\n","protected":false},"author":2,"featured_media":0,"comment_status":"closed","ping_status":"closed","sticky":false,"template":"","format":"standard","meta":[],"categories":[9],"tags":[],"_links":{"self":[{"href":"http:\/\/archiv.szolnoktv.hu\/index.php?rest_route=\/wp\/v2\/posts\/8338"}],"collection":[{"href":"http:\/\/archiv.szolnoktv.hu\/index.php?rest_route=\/wp\/v2\/posts"}],"about":[{"href":"http:\/\/archiv.szolnoktv.hu\/index.php?rest_route=\/wp\/v2\/types\/post"}],"author":[{"embeddable":true,"href":"http:\/\/archiv.szolnoktv.hu\/index.php?rest_route=\/wp\/v2\/users\/2"}],"replies":[{"embeddable":true,"href":"http:\/\/archiv.szolnoktv.hu\/index.php?rest_route=%2Fwp%2Fv2%2Fcomments&post=8338"}],"version-history":[{"count":1,"href":"http:\/\/archiv.szolnoktv.hu\/index.php?rest_route=\/wp\/v2\/posts\/8338\/revisions"}],"predecessor-version":[{"id":8375,"href":"http:\/\/archiv.szolnoktv.hu\/index.php?rest_route=\/wp\/v2\/posts\/8338\/revisions\/8375"}],"wp:attachment":[{"href":"http:\/\/archiv.szolnoktv.hu\/index.php?rest_route=%2Fwp%2Fv2%2Fmedia&parent=8338"}],"wp:term":[{"taxonomy":"category","embeddable":true,"href":"http:\/\/archiv.szolnoktv.hu\/index.php?rest_route=%2Fwp%2Fv2%2Fcategories&post=8338"},{"taxonomy":"post_tag","embeddable":true,"href":"http:\/\/archiv.szolnoktv.hu\/index.php?rest_route=%2Fwp%2Fv2%2Ftags&post=8338"}],"curies":[{"name":"wp","href":"https:\/\/api.w.org\/{rel}","templated":true}]}}