{"id":8337,"date":"2018-02-26T15:36:10","date_gmt":"2018-02-26T15:36:10","guid":{"rendered":"http:\/\/archiv.szolnoktv.hu\/?p=8337"},"modified":"2021-08-13T19:02:15","modified_gmt":"2021-08-13T19:02:15","slug":"a-legjobb-helyi-borok-versenyeztek","status":"publish","type":"post","link":"http:\/\/archiv.szolnoktv.hu\/?p=8337","title":{"rendered":"A legjobb helyi borok versenyeztek"},"content":{"rendered":"<div class='booster-block booster-read-block'><\/div><p>N\u00e9pt\u00e1nc, kiv\u00e1l\u00f3 borok, kup\u00e1k \u00e9s j\u00f3 hangulat.  Ez jellemezte a Bereczki M\u00e1t\u00e9 Gazdak\u00f6r 26. borverseny\u00e9t szombaton. Id\u00e9n rekordsz\u00e1m\u00fa, 107 ned\u0171vel neveztek. Legt\u00f6bb ez\u00fattal is a v\u00f6r\u00f6sbor volt. De id\u00e9n t\u00f6bb feh\u00e9r \u00e9s roz\u00e9 bor is arany min\u0151s\u00edt\u00e9st kapott. <\/p>\n<p>Serf\u0151z\u0151 Imre eln\u00f6k, Bereczki M\u00e1t\u00e9 Gazdak\u00f6r: <\/p>\n<p>-&#8221; Van olyan, aki megv\u00e1s\u00e1rolja a sz\u0151l\u0151t neves borvid\u00e9kr\u0151l \u00e9s itt a saj\u00e1t lak\u00e1s\u00e1n, pinc\u00e9j\u00e9n k\u00e9sz\u00edt saj\u00e1t \u00e9lvezet\u00e9re bort. Ez mindent\u0151l f\u00fcggetlen\u00fcl lehet rossz, hi\u00e1ba vett j\u00f3 helyr\u0151l sz\u0151l\u0151t. A legfontosabb a tisztas\u00e1g ebb\u0151l a szempontb\u00f3l. &#8211;<\/p>\n<p>A nevez\u0151k azonban profizmusr\u00f3l tettek tan\u00fabizonys\u00e1got, hiszen a 107 borb\u00f3l sok kapott kiv\u00e1l\u00f3 min\u0151s\u00edt\u00e9st. <\/p>\n<p> Cs\u00e9nyi J\u00e1nos bortemel\u0151 :<\/p>\n<p>-Szandasz\u0151l\u0151s\u00f6n lakunk. Van sz\u0151l\u0151nk is. \u00dagy gondoltuk, hogy itt Szand\u00e1n is \u00fajra lehetne kezdeni a bork\u00e9sz\u00edt\u00e9st. Erre nagyon j\u00f3 alkalom, hogy a versenyre elhozhatjuk a borainkat \u00e9s jav\u00edthatjuk a min\u0151s\u00e9get. Ez egy j\u00f3 hobbi, amit bar\u00e1tainkkal egy\u00fctt \u0171z\u00fcnk. Egy olyan hobbi, aminek az eredm\u00e9nye 2-3 h\u00f3nap m\u00falva jelentkezik. Valahol egy szerencsej\u00e1t\u00e9k is az id\u0151j\u00e1r\u00e1ssal. &#8211;<\/p>\n<p> 8-9 ezer \u00e9vvel ezel\u0151tt m\u00e1r termeltek bort-hangzott el.  Az \u00edzes ned\u0171 nemcsak szomjolt\u00e1sra, hanem gy\u00f3gy\u00edt\u00e1sra is alkalmas. Elk\u00e9sz\u00edt\u00e9s\u00e9hez pedig maga az ember kell. Err\u0151l besz\u00e9lt k\u00f6sz\u00f6nt\u0151j\u00e9ben Szolnok polg\u00e1rmestere. <\/p>\n<p> Szalay Ferenc polg\u00e1rmester, Szolnok : <\/p>\n<p>&#8211; Amit az ember saj\u00e1t mag\u00e1nak csin\u00e1l, amin \u0151 dolgozik, annak van igazi \u00e9rt\u00e9ke. \u00c9n ezt k\u00f6sz\u00f6n\u00f6m \u00d6n\u00f6knek, hogy nem hagyt\u00e1k abba, hogy csin\u00e1lt\u00e1k, csin\u00e1lt\u00e1k, \u00e9s k\u00e9pviselik azt, hogy Szolnok t\u00e9rs\u00e9ge \u00e9s Szandasz\u0151l\u0151s m\u00e9g a bor\u00e1r\u00f3l is h\u00edres lehet. &#8211;<\/p>\n<p> A versenyen feh\u00e9r, roz\u00e9 \u00e9s v\u00f6r\u00f6s bor is kapott arany, ez\u00fcst \u00e9s bronz min\u0151s\u00edt\u00e9st. Aki pedig most nem j\u00e1rt sikerrel, m\u00e1r dolgozhat az \u00faj recept\u00far\u00e1n, hiszen m\u00e1r bizonyos, hogy a j\u00f6v\u0151 \u00e9vi megm\u00e9rettet\u00e9st 2019. febru\u00e1r 23-\u00e1n rendezik.<br \/>\n<br \/>\n<div style=\"width: 640px;\" class=\"wp-video\"><!--[if lt IE 9]><script>document.createElement('video');<\/script><![endif]-->\n<video class=\"wp-video-shortcode\" id=\"video-8337-1\" width=\"640\" height=\"360\" preload=\"metadata\" controls=\"controls\"><source type=\"video\/mp4\" src=\"\/spots\/hir\/hir_180226_02.mp4?_=1\" \/><a href=\"\/spots\/hir\/hir_180226_02.mp4\">\/spots\/hir\/hir_180226_02.mp4<\/a><\/video><\/div><\/p>\n","protected":false},"excerpt":{"rendered":"<p>N\u00e9pt\u00e1nc, kiv\u00e1l\u00f3 borok, kup\u00e1k \u00e9s j\u00f3 hangulat. Ez jellemezte a Bereczki M\u00e1t\u00e9 Gazdak\u00f6r 26. borverseny\u00e9t szombaton. Id\u00e9n rekordsz\u00e1m\u00fa, 107 ned\u0171vel neveztek. Legt\u00f6bb ez\u00fattal is a v\u00f6r\u00f6sbor volt. De id\u00e9n t\u00f6bb feh\u00e9r \u00e9s roz\u00e9 bor is arany min\u0151s\u00edt\u00e9st kapott. Serf\u0151z\u0151 Imre eln\u00f6k, Bereczki M\u00e1t\u00e9 Gazdak\u00f6r: -&#8221; Van olyan, aki megv\u00e1s\u00e1rolja a sz\u0151l\u0151t neves borvid\u00e9kr\u0151l \u00e9s itt [&hellip;]<\/p>\n","protected":false},"author":2,"featured_media":0,"comment_status":"closed","ping_status":"closed","sticky":false,"template":"","format":"standard","meta":[],"categories":[9],"tags":[],"_links":{"self":[{"href":"http:\/\/archiv.szolnoktv.hu\/index.php?rest_route=\/wp\/v2\/posts\/8337"}],"collection":[{"href":"http:\/\/archiv.szolnoktv.hu\/index.php?rest_route=\/wp\/v2\/posts"}],"about":[{"href":"http:\/\/archiv.szolnoktv.hu\/index.php?rest_route=\/wp\/v2\/types\/post"}],"author":[{"embeddable":true,"href":"http:\/\/archiv.szolnoktv.hu\/index.php?rest_route=\/wp\/v2\/users\/2"}],"replies":[{"embeddable":true,"href":"http:\/\/archiv.szolnoktv.hu\/index.php?rest_route=%2Fwp%2Fv2%2Fcomments&post=8337"}],"version-history":[{"count":1,"href":"http:\/\/archiv.szolnoktv.hu\/index.php?rest_route=\/wp\/v2\/posts\/8337\/revisions"}],"predecessor-version":[{"id":8376,"href":"http:\/\/archiv.szolnoktv.hu\/index.php?rest_route=\/wp\/v2\/posts\/8337\/revisions\/8376"}],"wp:attachment":[{"href":"http:\/\/archiv.szolnoktv.hu\/index.php?rest_route=%2Fwp%2Fv2%2Fmedia&parent=8337"}],"wp:term":[{"taxonomy":"category","embeddable":true,"href":"http:\/\/archiv.szolnoktv.hu\/index.php?rest_route=%2Fwp%2Fv2%2Fcategories&post=8337"},{"taxonomy":"post_tag","embeddable":true,"href":"http:\/\/archiv.szolnoktv.hu\/index.php?rest_route=%2Fwp%2Fv2%2Ftags&post=8337"}],"curies":[{"name":"wp","href":"https:\/\/api.w.org\/{rel}","templated":true}]}}