{"id":8336,"date":"2018-02-26T15:34:30","date_gmt":"2018-02-26T15:34:30","guid":{"rendered":"http:\/\/archiv.szolnoktv.hu\/?p=8336"},"modified":"2021-08-13T19:02:16","modified_gmt":"2021-08-13T19:02:16","slug":"ismet-lesz-hadijatek-szolnokon","status":"publish","type":"post","link":"http:\/\/archiv.szolnoktv.hu\/?p=8336","title":{"rendered":"Ism\u00e9t lesz hadij\u00e1t\u00e9k Szolnokon"},"content":{"rendered":"<div class='booster-block booster-read-block'><\/div><p>\u00c9vr\u0151l \u00e9vre d\u00f6r\u00f6g a puska \u00e9s h\u00e1tr\u00e1lnak a cs\u00e1sz\u00e1ri seregek a Tisza parton. Teszik ezt az\u00e9rt, mert 169 \u00e9vvel ezel\u0151tt hasonl\u00f3 jelenetek j\u00e1tsz\u00f3dtak le a Malomsz\u00f6gben megv\u00edvott Szolnoki csat\u00e1ban. A Dics\u0151s\u00e9ges Tavaszi hadj\u00e1ratot el\u0151k\u00e9sz\u00edt\u0151 esem\u00e9nyre imm\u00e1r 22. alkalommal eml\u00e9kezik t\u00f6bb sz\u00e1z hagyom\u00e1ny\u0151rz\u0151.<\/p>\n<p>-Igyeksz\u00fcnk a kezdetekt\u0151l kezdve a korh\u0171s\u00e9gnek a z\u00e1szlaj\u00e1val szerepelni ezen a rendezv\u00e9nyen. Tessz\u00fck ezt az\u00e9rt is, mert szerint\u00fcnk ez fontos. Fontos, mert a z\u00e1szl\u00f3nkra t\u00f6bbek k\u00f6z\u00f6tt az is van \u00edrva, hogy a t\u00f6rt\u00e9nelmet tan\u00edtjuk \u00e9s a t\u00f6rt\u00e9nelmet tartjuk \u00e9letben.&#8221; &#8211; mondta Udovecz Gy\u00f6rgy hagyom\u00e1ny\u0151r ezredes<\/p>\n<p>Id\u00e9n 16 lovas, 200 gyalogos \u00e9s 12 \u00e1gy\u00fa jelen\u00edti meg az egykori esem\u00e9nyeket, korh\u0171 ruh\u00e1kba \u00f6lt\u00f6zve \u00e9s a kornak megfelel\u0151 fegyvereket haszn\u00e1lva. A Cs\u00e1sz\u00e1ri-Kir\u00e1lyi V\u00e9delem parancsnoka Udovecz Gy\u00f6rgy hagyom\u00e1ny\u0151r ezredes lesz, a magyar kir\u00e1lyi seregeket pedig Heim S\u00e1ndor hagyom\u00e1ny\u0151r \u0151rnagy vez\u00e9nyli. Az esem\u00e9nyeket a kor\u00e1bbi \u00e9vekhez hasonl\u00f3an Kedves Gyula komment\u00e1lja narr\u00e1tork\u00e9nt. <\/p>\n<p>Szalay Ferenc polg\u00e1rmester r\u00e1mutatott: -Szolnok kimondottan b\u00fcszke lehet arra, hogy minden \u00e9v egy gy\u0151ztes csata bemutat\u00e1s\u00e1val kezd, hiszen ez egy igen-igen j\u00f3 \u00fczenet innen m\u00e1rcius elej\u00e9r\u0151l, hogy er\u0151sek vagyunk \u00e9s hat\u00e1rozottan k\u00e9pviselj\u00fck a m\u00faltunkat \u00e9s nem felejtj\u00fck el, hogy honnan j\u00f6tt\u00fcnk.&#8221;<\/p>\n<p>Az el\u0151z\u0151 \u00e9vekhez hasonl\u00f3an a magyar katon\u00e1k mellett Ausztri\u00e1b\u00f3l, Lengyelorsz\u00e1gb\u00f3l \u00e9s Csehorsz\u00e1gb\u00f3l is \u00e9rkeznek hagyom\u00e1ny\u0151rz\u0151k. A hadij\u00e1t\u00e9kot a Tisza parton rendezik m\u00e1rcius 3-\u00e1n 15 \u00f3r\u00e1t\u00f3l.<br \/>\n<br \/>\n<div style=\"width: 640px;\" class=\"wp-video\"><!--[if lt IE 9]><script>document.createElement('video');<\/script><![endif]-->\n<video class=\"wp-video-shortcode\" id=\"video-8336-1\" width=\"640\" height=\"360\" preload=\"metadata\" controls=\"controls\"><source type=\"video\/mp4\" src=\"\/spots\/hir\/hir_180226_04.mp4?_=1\" \/><a href=\"\/spots\/hir\/hir_180226_04.mp4\">\/spots\/hir\/hir_180226_04.mp4<\/a><\/video><\/div><\/p>\n","protected":false},"excerpt":{"rendered":"<p>\u00c9vr\u0151l \u00e9vre d\u00f6r\u00f6g a puska \u00e9s h\u00e1tr\u00e1lnak a cs\u00e1sz\u00e1ri seregek a Tisza parton. Teszik ezt az\u00e9rt, mert 169 \u00e9vvel ezel\u0151tt hasonl\u00f3 jelenetek j\u00e1tsz\u00f3dtak le a Malomsz\u00f6gben megv\u00edvott Szolnoki csat\u00e1ban. A Dics\u0151s\u00e9ges Tavaszi hadj\u00e1ratot el\u0151k\u00e9sz\u00edt\u0151 esem\u00e9nyre imm\u00e1r 22. alkalommal eml\u00e9kezik t\u00f6bb sz\u00e1z hagyom\u00e1ny\u0151rz\u0151. -Igyeksz\u00fcnk a kezdetekt\u0151l kezdve a korh\u0171s\u00e9gnek a z\u00e1szlaj\u00e1val szerepelni ezen a rendezv\u00e9nyen. Tessz\u00fck [&hellip;]<\/p>\n","protected":false},"author":2,"featured_media":0,"comment_status":"closed","ping_status":"closed","sticky":false,"template":"","format":"standard","meta":[],"categories":[9],"tags":[],"_links":{"self":[{"href":"http:\/\/archiv.szolnoktv.hu\/index.php?rest_route=\/wp\/v2\/posts\/8336"}],"collection":[{"href":"http:\/\/archiv.szolnoktv.hu\/index.php?rest_route=\/wp\/v2\/posts"}],"about":[{"href":"http:\/\/archiv.szolnoktv.hu\/index.php?rest_route=\/wp\/v2\/types\/post"}],"author":[{"embeddable":true,"href":"http:\/\/archiv.szolnoktv.hu\/index.php?rest_route=\/wp\/v2\/users\/2"}],"replies":[{"embeddable":true,"href":"http:\/\/archiv.szolnoktv.hu\/index.php?rest_route=%2Fwp%2Fv2%2Fcomments&post=8336"}],"version-history":[{"count":1,"href":"http:\/\/archiv.szolnoktv.hu\/index.php?rest_route=\/wp\/v2\/posts\/8336\/revisions"}],"predecessor-version":[{"id":8377,"href":"http:\/\/archiv.szolnoktv.hu\/index.php?rest_route=\/wp\/v2\/posts\/8336\/revisions\/8377"}],"wp:attachment":[{"href":"http:\/\/archiv.szolnoktv.hu\/index.php?rest_route=%2Fwp%2Fv2%2Fmedia&parent=8336"}],"wp:term":[{"taxonomy":"category","embeddable":true,"href":"http:\/\/archiv.szolnoktv.hu\/index.php?rest_route=%2Fwp%2Fv2%2Fcategories&post=8336"},{"taxonomy":"post_tag","embeddable":true,"href":"http:\/\/archiv.szolnoktv.hu\/index.php?rest_route=%2Fwp%2Fv2%2Ftags&post=8336"}],"curies":[{"name":"wp","href":"https:\/\/api.w.org\/{rel}","templated":true}]}}