{"id":8335,"date":"2018-02-26T15:31:26","date_gmt":"2018-02-26T15:31:26","guid":{"rendered":"http:\/\/archiv.szolnoktv.hu\/?p=8335"},"modified":"2021-08-13T19:02:16","modified_gmt":"2021-08-13T19:02:16","slug":"szolnok-honved-vizilabda-kozepszakasz-i-fordulo","status":"publish","type":"post","link":"http:\/\/archiv.szolnoktv.hu\/?p=8335","title":{"rendered":"Szolnok  &#8211;   Honv\u00e9d v\u00edzilabda k\u00f6z\u00e9pszakasz I. fordul\u00f3"},"content":{"rendered":"<div class='booster-block booster-read-block'><\/div><p>A nem t\u00fal j\u00f3 passzban l\u00e9v\u0151 D\u00f3zsa a Honv\u00e9d ellen kezdhette meg a hull\u00e1mv\u00f6lgyb\u0151l val\u00f3 kil\u00e1bal\u00e1st. A k\u00e9t csapat k\u00f6zel sem egy s\u00falycsoport, de ennek ellen\u00e9re a f\u0151v\u00e1rosiak kezdt\u00e9k meg a g\u00f3lgy\u00e1rt\u00e1st. Gy\u00e1rf\u00e1s Tam\u00e1s vette be a szolnoki kaput. Mondhatjuk, hogy ez kell\u0151k\u00e9ppen felpaprik\u00e1zta a h\u00e1zigazd\u00e1t, hiszen elkezdtek harcosan j\u00e1tszani. El\u0151bbi Zal\u00e1nki Gerg\u0151 egaliz\u00e1lt, majd mikor Aaron Younger is megrezgette a h\u00e1l\u00f3t m\u00e1r a Szolnok vezetett \u00e9s a meccs v\u00e9g\u00e9ig ki sem engedte kez\u00e9b\u0151l az el\u0151nyt. Az els\u0151 j\u00e1t\u00e9kr\u00e9szben m\u00e9g h\u00e1rmat ber\u00e1molt a D\u00f3zsa, sorrendben Andrija Prlainovic, Milos Cuk \u00e9s Milan Aleksic volt eredm\u00e9nyes, \u00edgy 5-1-et mutatott az eredm\u00e9nyjelz\u0151.<\/p>\n<p>A m\u00e1sodik negyedet is, csak\u00fagy, mint az els\u0151 Honv\u00e9d tal\u00e1lat nyitotta  &#8211;   Vad Levente iratkozott fel a g\u00f3lszerz\u0151k k\u00f6z\u00e9. Szorosabb lett a csata, egyenl\u0151 partner lett a f\u0151v\u00e1rosi g\u00e1rda, melynek kapuj\u00e1ban a volt szolnoki k\u00f6z\u00f6ns\u00e9gkedvenc Decker Attila mutatta be a nagy v\u00e9d\u00e9seket. Neki is k\u00f6sz\u00f6nhet\u0151, hogy nem n\u0151tt a k\u00fcl\u00f6nbs\u00e9g, b\u00e1r kapott k\u00e9t g\u00f3lt, de ennyit l\u0151ttek t\u00e1rsai is, \u00edgy a f\u00e9lid\u0151ben 7-3-ra vezetett a Szolnok.<br \/>Azt\u00e1n a t\u00e9rf\u00e9lcsere ut\u00e1n \u00fajra l\u00e1tszott, hogy melyik csapat k\u00fczd a bajnoki c\u00edm\u00e9rt \u00e9s melyik a k\u00f6z\u00e9pmez\u0151ny\u00e9rt. A h\u00e1zigazda sorra l\u0151tte g\u00f3ljait, m\u00e9g Decker sem fogott ki rajtuk. Milan Aleksic a harmadik negyedben m\u00e1r a negyedik g\u00f3lj\u00e1t l\u0151tte \u00e9s Cuk is h\u00e1romn\u00e1l tartott. A t\u00faloldalon viszont nem ment a t\u00e1mad\u00f3j\u00e1t\u00e9k, csak egyre futotta a Honv\u00e9d erej\u00e9b\u0151l a hattal szemben, \u00edgy mikor megsz\u00f3lalt a harmadik nyolc perc v\u00e9g\u00e9t jelz\u0151 dudasz\u00f3 m\u00e1r eld\u0151lt a meccs, hiszen 13-4-re vezetett a Cseh-csapat.<\/p>\n<p>Az utols\u00f3 negyedben  &#8211;   v\u00e9lhet\u0151en tudat alatt  &#8211;   de az el\u0151ny tudat\u00e1ban vissza is vette a D\u00f3zsa. Ennek k\u00f6vetkezt\u00e9ben a Honv\u00e9d tudott kozmetik\u00e1zni az eredm\u00e9nyen, a nyolc percet meg is nyert\u00e9k 3-1-re, de a tal\u00e1lkoz\u00f3 v\u00e9g\u00e9n a Tisza-partiak \u00f6r\u00fclhettek: 14-7 lett a v\u00e9ge.<\/p>\n<p>-A mai sem volt egy er\u0151t\u0151l \u00e9s \u00f6nbizalomt\u00f3l duzzad\u00f3 m\u00e9rk\u0151z\u00e9s, f\u0151leg az els\u0151 k\u00e9t negyed. Term\u00e9szetesen gratul\u00e1lok a Honv\u00e9dnak, hiszen az\u00e9rt \u0151k egy el\u00e9g j\u00f3 meccset j\u00e1tszottak. \u00d6r\u00fcl\u00f6k neki, hogy Sz\u00edv\u00f3s Marci is j\u00e1tszott ellen\u00fcnk m\u00e9g, ha csak egy negyedet is \u00e9s j\u00f3 volt l\u00e1tni, hogy Deki is j\u00f3l v\u00e9dett, \u00fagyhogy ennyi a m\u00e9rk\u0151z\u00e9sr\u0151l jelen pillanatban.&#8221;  &#8211;   mondta Cseh S\u00e1ndor vezet\u0151edz\u0151.<\/p>\n<p>-Pr\u00f3b\u00e1ltuk amennyire lehet a hib\u00e1inkat csiszolni, rendbe hozni. Folyamatosan k\u00e9sz\u00fcl\u00fcnk \u00e9s egy \u00faton pr\u00f3b\u00e1lunk haladni, ahol a v\u00e9g\u00e9n a j\u00e1t\u00e9kunk ugyanolyan j\u00f3 lesz, mint amilyen j\u00f3 volt kor\u00e1bban. Pr\u00f3b\u00e1ltuk ezt a meccset is felhaszn\u00e1lni a felk\u00e9sz\u00fcl\u00e9sre.&#8221;  &#8211;   mondta Kis G\u00e1bor.<\/p>\n<p>A Szolnok szerd\u00e1n este 18 \u00f3rakor m\u00e1r a Herceg Novit fogadja BL m\u00e9rk\u0151z\u00e9sen a Tiszaligetben.<br \/>\n<br \/>\n<div style=\"width: 640px;\" class=\"wp-video\"><!--[if lt IE 9]><script>document.createElement('video');<\/script><![endif]-->\n<video class=\"wp-video-shortcode\" id=\"video-8335-1\" width=\"640\" height=\"360\" preload=\"metadata\" controls=\"controls\"><source type=\"video\/mp4\" src=\"\/spots\/hir\/hir_180226_03.mp4?_=1\" \/><a href=\"\/spots\/hir\/hir_180226_03.mp4\">\/spots\/hir\/hir_180226_03.mp4<\/a><\/video><\/div><\/p>\n","protected":false},"excerpt":{"rendered":"<p>A nem t\u00fal j\u00f3 passzban l\u00e9v\u0151 D\u00f3zsa a Honv\u00e9d ellen kezdhette meg a hull\u00e1mv\u00f6lgyb\u0151l val\u00f3 kil\u00e1bal\u00e1st. A k\u00e9t csapat k\u00f6zel sem egy s\u00falycsoport, de ennek ellen\u00e9re a f\u0151v\u00e1rosiak kezdt\u00e9k meg a g\u00f3lgy\u00e1rt\u00e1st. Gy\u00e1rf\u00e1s Tam\u00e1s vette be a szolnoki kaput. Mondhatjuk, hogy ez kell\u0151k\u00e9ppen felpaprik\u00e1zta a h\u00e1zigazd\u00e1t, hiszen elkezdtek harcosan j\u00e1tszani. El\u0151bbi Zal\u00e1nki Gerg\u0151 egaliz\u00e1lt, majd [&hellip;]<\/p>\n","protected":false},"author":2,"featured_media":0,"comment_status":"closed","ping_status":"closed","sticky":false,"template":"","format":"standard","meta":[],"categories":[9],"tags":[],"_links":{"self":[{"href":"http:\/\/archiv.szolnoktv.hu\/index.php?rest_route=\/wp\/v2\/posts\/8335"}],"collection":[{"href":"http:\/\/archiv.szolnoktv.hu\/index.php?rest_route=\/wp\/v2\/posts"}],"about":[{"href":"http:\/\/archiv.szolnoktv.hu\/index.php?rest_route=\/wp\/v2\/types\/post"}],"author":[{"embeddable":true,"href":"http:\/\/archiv.szolnoktv.hu\/index.php?rest_route=\/wp\/v2\/users\/2"}],"replies":[{"embeddable":true,"href":"http:\/\/archiv.szolnoktv.hu\/index.php?rest_route=%2Fwp%2Fv2%2Fcomments&post=8335"}],"version-history":[{"count":1,"href":"http:\/\/archiv.szolnoktv.hu\/index.php?rest_route=\/wp\/v2\/posts\/8335\/revisions"}],"predecessor-version":[{"id":8378,"href":"http:\/\/archiv.szolnoktv.hu\/index.php?rest_route=\/wp\/v2\/posts\/8335\/revisions\/8378"}],"wp:attachment":[{"href":"http:\/\/archiv.szolnoktv.hu\/index.php?rest_route=%2Fwp%2Fv2%2Fmedia&parent=8335"}],"wp:term":[{"taxonomy":"category","embeddable":true,"href":"http:\/\/archiv.szolnoktv.hu\/index.php?rest_route=%2Fwp%2Fv2%2Fcategories&post=8335"},{"taxonomy":"post_tag","embeddable":true,"href":"http:\/\/archiv.szolnoktv.hu\/index.php?rest_route=%2Fwp%2Fv2%2Ftags&post=8335"}],"curies":[{"name":"wp","href":"https:\/\/api.w.org\/{rel}","templated":true}]}}