{"id":8334,"date":"2018-02-26T15:22:01","date_gmt":"2018-02-26T15:22:01","guid":{"rendered":"http:\/\/archiv.szolnoktv.hu\/?p=8334"},"modified":"2021-08-13T19:02:16","modified_gmt":"2021-08-13T19:02:16","slug":"vedik-a-szabadban-dolgozok-egeszseget","status":"publish","type":"post","link":"http:\/\/archiv.szolnoktv.hu\/?p=8334","title":{"rendered":"V\u00e9dik a szabadban dolgoz\u00f3k eg\u00e9szs\u00e9g\u00e9t"},"content":{"rendered":"<div class='booster-block booster-read-block'><\/div><p>Nem k\u00edm\u00e9lik a m\u00ednuszok a dolgoz\u00f3kat sem, ez\u00e9rt van, aki 3 r\u00e9teg ruh\u00e1t is felvesz &#8211; \u00edgy v\u00e9dekezve a hideg ellen. A jelenlegi alacsony h\u0151m\u00e9rs\u00e9klet k\u00f6nnyed\u00e9n sz\u00f6vet kih\u0171l\u00e9st \u00e9s fagy\u00e1si s\u00e9r\u00fcl\u00e9seket is okozhat. Ezeket figyelembe v\u00e9ve a munk\u00e1ltat\u00f3nak biztos\u00edtania kell a megfelel\u0151 k\u00f6r\u00fclm\u00e9nyeket. <\/p>\n<p>,,Ez n\u00e1lunk bevett szok\u00e1s, hogy amikor nagyon hideg van \u00f3r\u00e1nk\u00e9nt meleg te\u00e1t kapnak a dolgoz\u00f3k \u00e9s van n\u00e9h\u00e1ny helyis\u00e9g\u00fcnk, ahol nagyj\u00e1b\u00f3l egy negyed \u00f3r\u00e1t pihenni is tudnak m\u00edg \u00e1tmelegszenek.&#8221;-mondta Fodor Gy\u00f6rgy, \u00fcgyvezet\u0151 igazgat\u00f3, &#8220;Munkalehet\u0151s\u00e9g a J\u00f6v\u0151\u00e9rt&#8221; Szolnok Nonprofit \u00e9s K\u00f6zhaszn\u00fa Kft.<\/p>\n<p> A szabadt\u00e9ri munkahely hidegnek min\u0151s\u00fcl, ha a v\u00e1rhat\u00f3 napi k\u00f6z\u00e9ph\u0151m\u00e9rs\u00e9klet a munkaid\u0151 50%-n\u00e1l hosszabb id\u0151tartamban a +4 \u00b0C-ot nem \u00e9ri el. A hidegnek min\u0151s\u00fcl\u0151 munkahelyeken az el\u0151\u00edr\u00e1snak eleget t\u00e9ve +50 \u00b0C  h\u0151m\u00e9rs\u00e9klet\u0171 te\u00e1t kell biztos\u00edtani a munkav\u00e1llal\u00f3k sz\u00e1m\u00e1ra. Emellett a hideg elleni v\u00e9d\u0151eszk\u00f6zt- \u00e9s ruh\u00e1t is.<\/p>\n<p>,,A munkat\u00e1rsaim ebben az id\u0151szakban fokozott figyelemmel ellen\u0151rzik ezeken a szab\u00e1lyoknak a betart\u00e1s\u00e1t. K\u00f6zpontilag a Nemzetgazdas\u00e1gi Miniszt\u00e9rium m\u00e9g nem rendelte el ennek a c\u00e9lvizsg\u00e1lat\u00e1t, de a koll\u00e9g\u00e1im ett\u0151l f\u00fcggetlen\u00fcl folyamatosan kint vannak \u00e9s ezeket a szab\u00e1lyokat n\u00e9zik, hogy betartj\u00e1k-e. Biztos\u00edtva van-e a pihen\u0151id\u0151 \u00e9s a megfelel\u0151 v\u00e9d\u0151ital.&#8221; -mondta Katon\u00e1n\u00e9 Papp \u00c1gnes, f\u0151oszt\u00e1lyvezet\u0151 helyettes munkav\u00e9delmi \u00e9s munka\u00fcgyi ellen\u0151rz\u00e9si oszt\u00e1ly<\/p>\n<p>A v\u00e1ros teljes ter\u00fclet\u00e9n el kell v\u00e9gezni a k\u00f6zter\u00fcletek tiszt\u00edt\u00e1s\u00e1t a hideg id\u0151j\u00e1r\u00e1s ellen\u00e9re is. Ez\u00e9rt naponta \u00e1tlagosan 60 f\u0151 dolgozik k\u00fclt\u00e9ri helysz\u00edneken.<br \/>\n<br \/>\n<div style=\"width: 640px;\" class=\"wp-video\"><!--[if lt IE 9]><script>document.createElement('video');<\/script><![endif]-->\n<video class=\"wp-video-shortcode\" id=\"video-8334-1\" width=\"640\" height=\"360\" preload=\"metadata\" controls=\"controls\"><source type=\"video\/mp4\" src=\"\/spots\/hir\/hir_180226_03.mp4?_=1\" \/><a href=\"\/spots\/hir\/hir_180226_03.mp4\">\/spots\/hir\/hir_180226_03.mp4<\/a><\/video><\/div><\/p>\n","protected":false},"excerpt":{"rendered":"<p>Nem k\u00edm\u00e9lik a m\u00ednuszok a dolgoz\u00f3kat sem, ez\u00e9rt van, aki 3 r\u00e9teg ruh\u00e1t is felvesz &#8211; \u00edgy v\u00e9dekezve a hideg ellen. A jelenlegi alacsony h\u0151m\u00e9rs\u00e9klet k\u00f6nnyed\u00e9n sz\u00f6vet kih\u0171l\u00e9st \u00e9s fagy\u00e1si s\u00e9r\u00fcl\u00e9seket is okozhat. Ezeket figyelembe v\u00e9ve a munk\u00e1ltat\u00f3nak biztos\u00edtania kell a megfelel\u0151 k\u00f6r\u00fclm\u00e9nyeket. ,,Ez n\u00e1lunk bevett szok\u00e1s, hogy amikor nagyon hideg van \u00f3r\u00e1nk\u00e9nt meleg te\u00e1t [&hellip;]<\/p>\n","protected":false},"author":2,"featured_media":0,"comment_status":"closed","ping_status":"closed","sticky":false,"template":"","format":"standard","meta":[],"categories":[9],"tags":[],"_links":{"self":[{"href":"http:\/\/archiv.szolnoktv.hu\/index.php?rest_route=\/wp\/v2\/posts\/8334"}],"collection":[{"href":"http:\/\/archiv.szolnoktv.hu\/index.php?rest_route=\/wp\/v2\/posts"}],"about":[{"href":"http:\/\/archiv.szolnoktv.hu\/index.php?rest_route=\/wp\/v2\/types\/post"}],"author":[{"embeddable":true,"href":"http:\/\/archiv.szolnoktv.hu\/index.php?rest_route=\/wp\/v2\/users\/2"}],"replies":[{"embeddable":true,"href":"http:\/\/archiv.szolnoktv.hu\/index.php?rest_route=%2Fwp%2Fv2%2Fcomments&post=8334"}],"version-history":[{"count":1,"href":"http:\/\/archiv.szolnoktv.hu\/index.php?rest_route=\/wp\/v2\/posts\/8334\/revisions"}],"predecessor-version":[{"id":8379,"href":"http:\/\/archiv.szolnoktv.hu\/index.php?rest_route=\/wp\/v2\/posts\/8334\/revisions\/8379"}],"wp:attachment":[{"href":"http:\/\/archiv.szolnoktv.hu\/index.php?rest_route=%2Fwp%2Fv2%2Fmedia&parent=8334"}],"wp:term":[{"taxonomy":"category","embeddable":true,"href":"http:\/\/archiv.szolnoktv.hu\/index.php?rest_route=%2Fwp%2Fv2%2Fcategories&post=8334"},{"taxonomy":"post_tag","embeddable":true,"href":"http:\/\/archiv.szolnoktv.hu\/index.php?rest_route=%2Fwp%2Fv2%2Ftags&post=8334"}],"curies":[{"name":"wp","href":"https:\/\/api.w.org\/{rel}","templated":true}]}}