{"id":8333,"date":"2018-02-26T15:19:12","date_gmt":"2018-02-26T15:19:12","guid":{"rendered":"http:\/\/archiv.szolnoktv.hu\/?p=8333"},"modified":"2021-08-13T19:02:16","modified_gmt":"2021-08-13T19:02:16","slug":"feminalis-fesztival-mi-kell-a-nonek","status":"publish","type":"post","link":"http:\/\/archiv.szolnoktv.hu\/?p=8333","title":{"rendered":"Femin\u00e1lis Fesztiv\u00e1l &#8211; Mi kell a n\u0151nek?"},"content":{"rendered":"<div class='booster-block booster-read-block'><\/div><p>Femin\u00e1lis, avagy mi kell a n\u0151nek. Az Aba Nov\u00e1k Ag\u00f3ra Kultur\u00e1lis K\u00f6zpont n\u0151i fesztiv\u00e1lja motiv\u00e1ci\u00f3s el\u0151ad\u00e1sokkal, v\u00e1s\u00e1rral \u00e9s k\u00f3stol\u00f3kkal v\u00e1rta a h\u00f6lgyeket. <\/p>\n<p>Rubint R\u00e9ka saj\u00e1t \u00e9let\u00e9r\u0151l \u00e9s karrierj\u00e9r\u0151l, a buktat\u00f3kr\u00f3l \u00e9s a kem\u00e9ny pr\u00f3bat\u00e9telekr\u0151l, a hull\u00e1mv\u00f6lgyekr\u0151l is \u0151szint\u00e9n mes\u00e9lt hallgat\u00f3s\u00e1g\u00e1nak. A h\u00f6lgyek valamennyi koroszt\u00e1lya megfordult az esem\u00e9nyen. <\/p>\n<p> L\u00e1di Eszter: <\/p>\n<p>-&#8220;Engem els\u0151k\u00e9nt Rubint R\u00e9ka el\u0151ad\u00e1sa volt ami vonzott , mert nekem egy nagy p\u00e9ldak\u00e9p \u00e9s nagyon tetszik amit csin\u00e1l \u00e9s \u00fagy gondolom, hogy t\u00e9nyleg nagyon fontos odafigyeln\u00fcnk az eg\u00e9szs\u00e9g\u00fcnkre \u00e9s egy\u00e9bk\u00e9nt meg egy j\u00f3 kikapcsol\u00f3d\u00e1snak tartom azt, hogy ha elj\u00f6het\u00fcnk egy ilyen fesztiv\u00e1lra. &#8211;<\/p>\n<p>Sokan  m\u00e9g keresg\u00e9lik \u00f6nmagukat, pr\u00f3b\u00e1lnak utat tal\u00e1lni a k\u00fcl\u00f6nf\u00e9le m\u00f3dszerek k\u00f6z\u00f6tt. Ezek ismerete is seg\u00edtheti a h\u00f6lgyeket az \u00e9letben.<\/p>\n<p> Dr. Jand\u00e1csik \u00c9va: <\/p>\n<p>-&#8220;Az, hogy j\u00f3l \u00e9rezze mag\u00e1t, mint n\u0151, szeretne j\u00f3l kin\u00e9zni, saj\u00e1t mag\u00e1nak is megfelelni, els\u0151sorban saj\u00e1t mag\u00e1nak \u00e9s a k\u00f6rnyezet\u00e9nek is. &#8211;<\/p>\n<p>Az \u00e9kszerek, eg\u00e9szs\u00e9ges \u00e9lelmiszerek mellett a fogy\u00f3k\u00far\u00e1s term\u00e9kek is megjelentek a fesztiv\u00e1lon. <\/p>\n<p> Mih\u00e1csi Anik\u00f3,  Toman Diet:<\/p>\n<p>-&#8220;A  di\u00e9t\u00e1z\u00f3inknak viszonylag sz\u0171k keretet adunk, teh\u00e1t pontosan megbesz\u00e9lj\u00fck azt, hogy a k\u00f6vetkez\u0151 2 h\u00e9tben, am\u00edg tal\u00e1lkozunk, mit fognak enni. A m\u00f3dszer l\u00e9nyege az, hogy a teljes testt\u00f6meg t\u00e1panyagig\u00e9ny\u00e9t lefedj\u00fck a feh\u00e9rjedi\u00e9t\u00e1s \u00e9telekkel. Megbesz\u00e9lj\u00fck, hogy ki mit ehet m\u00e9g hozz\u00e1. <\/p>\n<p>A  fogy\u00e1s \u00e9s eg\u00e9szs\u00e9gmeg\u0151rz\u00e9s mellett a gy\u00f3gyul\u00e1shoz is k\u00edn\u00e1lt m\u00f3dszereket a program.<\/p>\n<p> Flank\u00f3 Adrienn: <\/p>\n<p>-&#8220;A c\u00e9kla a magas vastartalm\u00e1val t\u00f6lti a v\u00e9rt vassal,ez a friss v\u00e9r stimul\u00e1lja az \u00f6sszes sejtet \u00e9s  ez\u00e1ltal eg\u00e9szs\u00e9gesebb m\u0171k\u00f6d\u00e9shez seg\u00edti a szervezetet.  eredm\u00e9nyez. A piros sz\u00edn pedig antioxid\u00e1ns, ez\u00e9rt r\u00e1kter\u00e1pia ut\u00e1n \u00e9s megel\u0151z\u00e9sk\u00e9nt is nagyon hasznos. &#8211;<\/p>\n<p> Valamennyi \u00e9rdekl\u0151d\u0151 megtal\u00e1lta a saj\u00e1t maga sz\u00e1m\u00e1ra legmegfelel\u0151bb m\u00f3dszert, motiv\u00e1ci\u00f3t, \u00e9telt vagy ak\u00e1r \u00e9kszert a Femin\u00e1lison.<br \/>\n<br \/>\n<div style=\"width: 640px;\" class=\"wp-video\"><!--[if lt IE 9]><script>document.createElement('video');<\/script><![endif]-->\n<video class=\"wp-video-shortcode\" id=\"video-8333-1\" width=\"640\" height=\"360\" preload=\"metadata\" controls=\"controls\"><source type=\"video\/mp4\" src=\"\/spots\/hir\/hir_180226_01.mp4?_=1\" \/><a href=\"\/spots\/hir\/hir_180226_01.mp4\">\/spots\/hir\/hir_180226_01.mp4<\/a><\/video><\/div><\/p>\n","protected":false},"excerpt":{"rendered":"<p>Femin\u00e1lis, avagy mi kell a n\u0151nek. Az Aba Nov\u00e1k Ag\u00f3ra Kultur\u00e1lis K\u00f6zpont n\u0151i fesztiv\u00e1lja motiv\u00e1ci\u00f3s el\u0151ad\u00e1sokkal, v\u00e1s\u00e1rral \u00e9s k\u00f3stol\u00f3kkal v\u00e1rta a h\u00f6lgyeket. Rubint R\u00e9ka saj\u00e1t \u00e9let\u00e9r\u0151l \u00e9s karrierj\u00e9r\u0151l, a buktat\u00f3kr\u00f3l \u00e9s a kem\u00e9ny pr\u00f3bat\u00e9telekr\u0151l, a hull\u00e1mv\u00f6lgyekr\u0151l is \u0151szint\u00e9n mes\u00e9lt hallgat\u00f3s\u00e1g\u00e1nak. A h\u00f6lgyek valamennyi koroszt\u00e1lya megfordult az esem\u00e9nyen. L\u00e1di Eszter: -&#8220;Engem els\u0151k\u00e9nt Rubint R\u00e9ka el\u0151ad\u00e1sa volt [&hellip;]<\/p>\n","protected":false},"author":2,"featured_media":0,"comment_status":"closed","ping_status":"closed","sticky":false,"template":"","format":"standard","meta":[],"categories":[9],"tags":[],"_links":{"self":[{"href":"http:\/\/archiv.szolnoktv.hu\/index.php?rest_route=\/wp\/v2\/posts\/8333"}],"collection":[{"href":"http:\/\/archiv.szolnoktv.hu\/index.php?rest_route=\/wp\/v2\/posts"}],"about":[{"href":"http:\/\/archiv.szolnoktv.hu\/index.php?rest_route=\/wp\/v2\/types\/post"}],"author":[{"embeddable":true,"href":"http:\/\/archiv.szolnoktv.hu\/index.php?rest_route=\/wp\/v2\/users\/2"}],"replies":[{"embeddable":true,"href":"http:\/\/archiv.szolnoktv.hu\/index.php?rest_route=%2Fwp%2Fv2%2Fcomments&post=8333"}],"version-history":[{"count":1,"href":"http:\/\/archiv.szolnoktv.hu\/index.php?rest_route=\/wp\/v2\/posts\/8333\/revisions"}],"predecessor-version":[{"id":8380,"href":"http:\/\/archiv.szolnoktv.hu\/index.php?rest_route=\/wp\/v2\/posts\/8333\/revisions\/8380"}],"wp:attachment":[{"href":"http:\/\/archiv.szolnoktv.hu\/index.php?rest_route=%2Fwp%2Fv2%2Fmedia&parent=8333"}],"wp:term":[{"taxonomy":"category","embeddable":true,"href":"http:\/\/archiv.szolnoktv.hu\/index.php?rest_route=%2Fwp%2Fv2%2Fcategories&post=8333"},{"taxonomy":"post_tag","embeddable":true,"href":"http:\/\/archiv.szolnoktv.hu\/index.php?rest_route=%2Fwp%2Fv2%2Ftags&post=8333"}],"curies":[{"name":"wp","href":"https:\/\/api.w.org\/{rel}","templated":true}]}}