{"id":8332,"date":"2018-02-23T17:58:15","date_gmt":"2018-02-23T17:58:15","guid":{"rendered":"http:\/\/archiv.szolnoktv.hu\/?p=8332"},"modified":"2021-08-13T19:02:16","modified_gmt":"2021-08-13T19:02:16","slug":"kommunizmus-aldozataira-emlekeztek","status":"publish","type":"post","link":"http:\/\/archiv.szolnoktv.hu\/?p=8332","title":{"rendered":"Kommunizmus \u00e1ldozataira eml\u00e9keztek"},"content":{"rendered":"<div class='booster-block booster-read-block'><\/div><p>&#8220;Ez a torz, erk\u00f6lcstelen, az embers\u00e9get m\u00e9g h\u00edrb\u0151l sem ismer\u0151 rendszer, a kommunizmus 70 \u00e9ves fenn\u00e1ll\u00e1sa sor\u00e1n orsz\u00e1gokat sodort fizikai \u00e9s erk\u00f6lcsi nyomorba, mindez sz\u00e1zmilli\u00f3 \u00e1ldozatot k\u00edv\u00e1nt vil\u00e1gszerte.&#8221; -ezekkel a gondolatokkal kezdte megeml\u00e9kez\u0151 besz\u00e9d\u00e9t Szalay Ferenc polg\u00e1rmester. Haz\u00e1nkban f\u00e9lmilli\u00f3 \u00e1ldozatr\u00f3l tudunk, de enn\u00e9l j\u00f3val t\u00f6bben lehettek.<\/p>\n<p>&#8220;A kommunizmus \u00e1mokfut\u00e1sa 1919. m\u00e1rcius 21-e \u00e9s augusztus 1-e k\u00f6z\u00f6tt s\u00f6p\u00f6rt v\u00e9gig, a 133 nap alatt a Lenin-fi\u00fak sok embert gyilkoltak meg, a Tan\u00e1csk\u00f6zt\u00e1rsas\u00e1g kommunist\u00e1i korm\u00e1nyprogramm\u00e1 emelt\u00e9k a politikai terrorizmust.&#8221; -mondta SZALAY FERENC polg\u00e1rmester.<\/p>\n<p>1947. febru\u00e1r 25-\u00e9n hurcolt\u00e1k Kov\u00e1cs B\u00e9l\u00e1t, a F\u00fcggetlen Kisgazda P\u00e1rt f\u0151titk\u00e1r\u00e1t a Szovjetuni\u00f3ba. Nyolc \u00e9vet t\u00f6lt\u00f6tt fogs\u00e1gban. 2000 \u00f3ta ez a nap a Kommunizmus \u00c1ldozatainak Eml\u00e9knapja. A szolnoki eml\u00e9kt\u00e1bl\u00e1n\u00e1l Szil\u00e1k D\u00f3ra a Varga Katalin Gimn\u00e1zium di\u00e1kja Illy\u00e9s Gyula gondolataival eml\u00e9kezett.<\/p>\n<p>A szolnoki eml\u00e9kt\u00e1bl\u00e1t Kov\u00e1cs Antal t\u00f6rt\u00e9nelemtan\u00e1r \u00f6tlete nyom\u00e1n emelt\u00e9k, eml\u00e9ket \u00e1ll\u00edtva Szamuely Tibor csapatainak \u00e1ldozataira. Nagy Imre diak\u00f3nus azokra eml\u00e9kezett, akik ki mertek \u00e1llni igazuk\u00e9rt.<\/p>\n<p>&#8220;Nekem az irod\u00e1mban van egy kis t\u00e1bla, az \u00e1ll rajta, hogy Isten, Haza, Csal\u00e1d. Ha ezeket feladod senki leszel, ha megtartod, mindet el\u00e9rhetsz.&#8221; -mondta NAGY IMRE r\u00f3mai katolikus diak\u00f3nus.<\/p>\n<p>A jelenl\u00e9v\u0151k koszor\u00fakat helyeztek el az eml\u00e9kt\u00e1bl\u00e1n\u00e1l, \u00edgy hajtva fejet a koncepci\u00f3s perek, a terror \u00e1ldozatai el\u0151tt.<br \/>\n<br \/>\n<div style=\"width: 640px;\" class=\"wp-video\"><!--[if lt IE 9]><script>document.createElement('video');<\/script><![endif]-->\n<video class=\"wp-video-shortcode\" id=\"video-8332-1\" width=\"640\" height=\"360\" preload=\"metadata\" controls=\"controls\"><source type=\"video\/mp4\" src=\"\/spots\/hir\/hir_180223_06.mp4?_=1\" \/><a href=\"\/spots\/hir\/hir_180223_06.mp4\">\/spots\/hir\/hir_180223_06.mp4<\/a><\/video><\/div><\/p>\n","protected":false},"excerpt":{"rendered":"<p>&#8220;Ez a torz, erk\u00f6lcstelen, az embers\u00e9get m\u00e9g h\u00edrb\u0151l sem ismer\u0151 rendszer, a kommunizmus 70 \u00e9ves fenn\u00e1ll\u00e1sa sor\u00e1n orsz\u00e1gokat sodort fizikai \u00e9s erk\u00f6lcsi nyomorba, mindez sz\u00e1zmilli\u00f3 \u00e1ldozatot k\u00edv\u00e1nt vil\u00e1gszerte.&#8221; -ezekkel a gondolatokkal kezdte megeml\u00e9kez\u0151 besz\u00e9d\u00e9t Szalay Ferenc polg\u00e1rmester. Haz\u00e1nkban f\u00e9lmilli\u00f3 \u00e1ldozatr\u00f3l tudunk, de enn\u00e9l j\u00f3val t\u00f6bben lehettek. &#8220;A kommunizmus \u00e1mokfut\u00e1sa 1919. m\u00e1rcius 21-e \u00e9s augusztus 1-e [&hellip;]<\/p>\n","protected":false},"author":2,"featured_media":0,"comment_status":"closed","ping_status":"closed","sticky":false,"template":"","format":"standard","meta":[],"categories":[9],"tags":[],"_links":{"self":[{"href":"http:\/\/archiv.szolnoktv.hu\/index.php?rest_route=\/wp\/v2\/posts\/8332"}],"collection":[{"href":"http:\/\/archiv.szolnoktv.hu\/index.php?rest_route=\/wp\/v2\/posts"}],"about":[{"href":"http:\/\/archiv.szolnoktv.hu\/index.php?rest_route=\/wp\/v2\/types\/post"}],"author":[{"embeddable":true,"href":"http:\/\/archiv.szolnoktv.hu\/index.php?rest_route=\/wp\/v2\/users\/2"}],"replies":[{"embeddable":true,"href":"http:\/\/archiv.szolnoktv.hu\/index.php?rest_route=%2Fwp%2Fv2%2Fcomments&post=8332"}],"version-history":[{"count":1,"href":"http:\/\/archiv.szolnoktv.hu\/index.php?rest_route=\/wp\/v2\/posts\/8332\/revisions"}],"predecessor-version":[{"id":8381,"href":"http:\/\/archiv.szolnoktv.hu\/index.php?rest_route=\/wp\/v2\/posts\/8332\/revisions\/8381"}],"wp:attachment":[{"href":"http:\/\/archiv.szolnoktv.hu\/index.php?rest_route=%2Fwp%2Fv2%2Fmedia&parent=8332"}],"wp:term":[{"taxonomy":"category","embeddable":true,"href":"http:\/\/archiv.szolnoktv.hu\/index.php?rest_route=%2Fwp%2Fv2%2Fcategories&post=8332"},{"taxonomy":"post_tag","embeddable":true,"href":"http:\/\/archiv.szolnoktv.hu\/index.php?rest_route=%2Fwp%2Fv2%2Ftags&post=8332"}],"curies":[{"name":"wp","href":"https:\/\/api.w.org\/{rel}","templated":true}]}}