{"id":8331,"date":"2018-02-23T16:41:58","date_gmt":"2018-02-23T16:41:58","guid":{"rendered":"http:\/\/archiv.szolnoktv.hu\/?p=8331"},"modified":"2021-08-13T19:02:16","modified_gmt":"2021-08-13T19:02:16","slug":"munkaspart-sajtotajekoztato-3","status":"publish","type":"post","link":"http:\/\/archiv.szolnoktv.hu\/?p=8331","title":{"rendered":"Munk\u00e1sp\u00e1rt sajt\u00f3t\u00e1j\u00e9koztat\u00f3"},"content":{"rendered":"<div class='booster-block booster-read-block'><\/div><p>-Ha \u00f6n milli\u00e1rdos, szupergazdag, ne olvassa tov\u00e1bb! Ez a program nem \u00d6nnek sz\u00f3l!&#8221; Ez a Munk\u00e1sp\u00e1rt 2018-as programf\u00fczet\u00e9nek nyit\u00f3mondata. <\/p>\n<p>Bencsik Mih\u00e1ly, orsz\u00e1ggy\u0171l\u00e9si k\u00e9pvisel\u0151 jel\u00f6lt, Munk\u00e1sp\u00e1rt:<\/p>\n<p>-A megye mind a 4 v\u00e1laszt\u00f3k\u00f6rzet\u00e9ben van jel\u00f6lt\u00fcnk, \u00e9s mind a 4 v\u00e1laszt\u00f3k\u00f6rzetbe k\u00f6zel 90%-os szinten vagyunk 4 nap ut\u00e1n a gy\u0171jt\u00e9ssel. A Munk\u00e1sp\u00e1rtnak ugye van  &#8211;   kor\u00e1bban is jelezt\u00fck- elk\u00e9sz\u00fclt a programja. A program alapj\u00e1n pr\u00f3b\u00e1ljuk az embereket meggy\u0151zni arr\u00f3l, hogy a Munk\u00e1sp\u00e1rtnak adj\u00e1k az aj\u00e1nl\u00e1saikat.&#8221;<\/p>\n<p>A Munk\u00e1sp\u00e1rt programja k\u00fcl\u00f6nb\u00f6zik m\u00e1s p\u00e1rtok programj\u00e1t\u00f3l. Az alacsony j\u00f6vedelemszinten \u00e9l\u0151 embereknek sz\u00f3l \u00e9s \u0151ket k\u00e9pviseli. A 23 pontb\u00f3l \u00e1ll\u00f3 programlist\u00e1ban a 200 ezer forint ad\u00f3mentes minim\u00e1lb\u00e9r \u00e9s a 35 \u00f3r\u00e1s munkah\u00e9t is szerepel.<\/p>\n<p>Bencsik Mih\u00e1ly, orsz\u00e1ggy\u0171l\u00e9si k\u00e9pvisel\u0151 jel\u00f6lt, Munk\u00e1sp\u00e1rt:<\/p>\n<p>&#8211; A Munk\u00e1sp\u00e1rt megc\u00e9lozta azt, hogy ki kell l\u00e9pni a NATO-b\u00f3l, mert a NATO egy agressz\u00edv katonai sz\u00f6vets\u00e9g, amely a szuver\u00e9n \u00e1llamok bel\u00fcgyeibe avatkozik folyamatosan \u00e9s ez nem Magyarorsz\u00e1g \u00e9rdeke.&#8221;<\/p>\n<p>A Munk\u00e1sp\u00e1rt egy\u00e9rtelm\u0171en elutas\u00edtja a migr\u00e1nsok v\u00e1logat\u00e1s n\u00e9lk\u00fcli  befogad\u00e1s\u00e1t. Az eg\u00e9szs\u00e9g\u00fcgy reformj\u00e1ra a jelenlegi \u00f6sszeg dupl\u00e1j\u00e1t ford\u00edtan\u00e1k. A p\u00e1rt ism\u00e9t \u00e1llami k\u00e9zbe venn\u00e9 a magyar f\u00f6ldeket \u00e9s azoknak adn\u00e1 b\u00e9rbe, akik val\u00f3ban m\u0171velik. Mindenki sz\u00e1m\u00e1ra alanyi jogon biztos\u00edtan\u00e1nak \u00e1llami b\u00e9rlak\u00e1st. A kis j\u00f6vedelemmel rendelkez\u0151 csal\u00e1doknak t\u00f6bb t\u00e1mogat\u00e1st, j\u00f6vedelemar\u00e1nyos csal\u00e1di p\u00f3tl\u00e9kot adn\u00e1nak. Az id\u0151seknek pedig 100 ezer forint ad\u00f3mentes minim\u00e1lnyugd\u00edjat \u00edg\u00e9rnek.<br \/>\n<br \/>\n<div style=\"width: 640px;\" class=\"wp-video\"><!--[if lt IE 9]><script>document.createElement('video');<\/script><![endif]-->\n<video class=\"wp-video-shortcode\" id=\"video-8331-1\" width=\"640\" height=\"360\" preload=\"metadata\" controls=\"controls\"><source type=\"video\/mp4\" src=\"\/spots\/hir\/hir_180223_05.mp4?_=1\" \/><a href=\"\/spots\/hir\/hir_180223_05.mp4\">\/spots\/hir\/hir_180223_05.mp4<\/a><\/video><\/div><\/p>\n","protected":false},"excerpt":{"rendered":"<p>-Ha \u00f6n milli\u00e1rdos, szupergazdag, ne olvassa tov\u00e1bb! Ez a program nem \u00d6nnek sz\u00f3l!&#8221; Ez a Munk\u00e1sp\u00e1rt 2018-as programf\u00fczet\u00e9nek nyit\u00f3mondata. Bencsik Mih\u00e1ly, orsz\u00e1ggy\u0171l\u00e9si k\u00e9pvisel\u0151 jel\u00f6lt, Munk\u00e1sp\u00e1rt: -A megye mind a 4 v\u00e1laszt\u00f3k\u00f6rzet\u00e9ben van jel\u00f6lt\u00fcnk, \u00e9s mind a 4 v\u00e1laszt\u00f3k\u00f6rzetbe k\u00f6zel 90%-os szinten vagyunk 4 nap ut\u00e1n a gy\u0171jt\u00e9ssel. A Munk\u00e1sp\u00e1rtnak ugye van &#8211; kor\u00e1bban is jelezt\u00fck- [&hellip;]<\/p>\n","protected":false},"author":2,"featured_media":0,"comment_status":"closed","ping_status":"closed","sticky":false,"template":"","format":"standard","meta":[],"categories":[9],"tags":[],"_links":{"self":[{"href":"http:\/\/archiv.szolnoktv.hu\/index.php?rest_route=\/wp\/v2\/posts\/8331"}],"collection":[{"href":"http:\/\/archiv.szolnoktv.hu\/index.php?rest_route=\/wp\/v2\/posts"}],"about":[{"href":"http:\/\/archiv.szolnoktv.hu\/index.php?rest_route=\/wp\/v2\/types\/post"}],"author":[{"embeddable":true,"href":"http:\/\/archiv.szolnoktv.hu\/index.php?rest_route=\/wp\/v2\/users\/2"}],"replies":[{"embeddable":true,"href":"http:\/\/archiv.szolnoktv.hu\/index.php?rest_route=%2Fwp%2Fv2%2Fcomments&post=8331"}],"version-history":[{"count":1,"href":"http:\/\/archiv.szolnoktv.hu\/index.php?rest_route=\/wp\/v2\/posts\/8331\/revisions"}],"predecessor-version":[{"id":8382,"href":"http:\/\/archiv.szolnoktv.hu\/index.php?rest_route=\/wp\/v2\/posts\/8331\/revisions\/8382"}],"wp:attachment":[{"href":"http:\/\/archiv.szolnoktv.hu\/index.php?rest_route=%2Fwp%2Fv2%2Fmedia&parent=8331"}],"wp:term":[{"taxonomy":"category","embeddable":true,"href":"http:\/\/archiv.szolnoktv.hu\/index.php?rest_route=%2Fwp%2Fv2%2Fcategories&post=8331"},{"taxonomy":"post_tag","embeddable":true,"href":"http:\/\/archiv.szolnoktv.hu\/index.php?rest_route=%2Fwp%2Fv2%2Ftags&post=8331"}],"curies":[{"name":"wp","href":"https:\/\/api.w.org\/{rel}","templated":true}]}}