{"id":8330,"date":"2018-02-23T16:40:31","date_gmt":"2018-02-23T16:40:31","guid":{"rendered":"http:\/\/archiv.szolnoktv.hu\/?p=8330"},"modified":"2021-08-13T19:02:16","modified_gmt":"2021-08-13T19:02:16","slug":"konnyen-elfagyhatnak-a-vizorak-2","status":"publish","type":"post","link":"http:\/\/archiv.szolnoktv.hu\/?p=8330","title":{"rendered":"K\u00f6nnyen elfagyhatnak a v\u00edz\u00f3r\u00e1k<br>"},"content":{"rendered":"<div class='booster-block booster-read-block'><\/div><p>Enn\u00e9l a szolnoki h\u00e1zn\u00e1l is v\u00e9dekeznek a v\u00edzm\u00e9r\u0151 \u00f3ra elfagy\u00e1sa ellen. N\u00e9meth Helg\u00e1\u00e9k nem csak a fogyaszt\u00e1sm\u00e9r\u0151t csomagolj\u00e1k be ruh\u00e1kba, hanem a v\u00edz\u00f3ra akn\u00e1t is kitiszt\u00edtj\u00e1k. A v\u00e9dekez\u00e9sben kiemelt fontoss\u00e1g\u00fa, hogy az akna t\u00e9glafala mellett mindenhol legyen f\u00f6ld, illetve a z\u00e1r\u00f3fed\u00e9l is a hely\u00e9n legyen.<\/p>\n<p>-Hallottuk, hogy a napokban fagy\u00e1s lesz, ez\u00e9rt nagyon fontos sz\u00e1munkra, hogy v\u00e9dekezz\u00fcnk ez ellen, hogy ne fagyjon el a szerkezet. Ez\u00e9rt most megtett\u00fck azt a v\u00e9dekez\u00e9st, hogy becsomagoltuk, hogy ne legyen semmi baj.&#8221;  &#8211; mondja N\u00e9meth Helga<\/p>\n<p>A v\u00edzvezet\u00e9k h\u00e1l\u00f3zat bek\u00f6t\u00e9sekor a szakemberek a fagyhat\u00e1r al\u00e1 -mintegy 120 centim\u00e9teres m\u00e9lys\u00e9gbe-telep\u00edtik a m\u00e9r\u0151\u00f3r\u00e1kat. Ett\u0151l f\u00fcggetlen\u00fcl rendszeresen elfagynak a vezet\u00e9kek \u00e9s a m\u00e9r\u0151\u00f3ra is, ez\u00e9rt \u00e9rdemes id\u0151t ford\u00edtani ennek megel\u0151z\u00e9s\u00e9re. Azokon a helyeken  &#8211;  pl. a hobbi telkeken-, ahol nem minden nap van sz\u00fcks\u00e9g v\u00edzre \u00e9rdemes ak\u00e1r v\u00edztelen\u00edteni is a rendszert. <\/p>\n<p>Ha a cs\u00f6vek, vagy a m\u00e9r\u0151\u00f3ra a v\u00e9dekez\u00e9s ellen\u00e9re m\u00e9gis sz\u00e9tfagyna, akkor a h\u00e9t minden napj\u00e1n 0-24 \u00f3r\u00e1ban az 56-os k\u00f6rzet 429-662-es telefonsz\u00e1m\u00e1n, vagy a vizhalozat@vcsm.hu emailc\u00edmen lehet bejelenteni a hib\u00e1t.  <\/p>\n<p>Magyarn\u00e9 Bede Marianna a V\u00edz- \u00e9s Csatornam\u0171vek Koncesszi\u00f3s Zrt. m\u0171szaki igazgat\u00f3ja kiemelte: -A v\u00edzm\u00e9r\u0151 v\u00e9delme az a felhaszn\u00e1l\u00f3 feladata. Az \u0151 k\u00f6teless\u00e9ge mag\u00e1t a m\u00e9r\u0151akn\u00e1t tiszt\u00e1n tartani, a v\u00edzm\u00e9r\u0151k fagyelleni v\u00e9delm\u00e9t megoldani. Ha a v\u00edzm\u00e9r\u0151k elfagynak, akkor az sajnos a felhaszn\u00e1l\u00f3 k\u00f6lts\u00e9ge. Ez k\u00f6zel 20 ezer forintos t\u00f6bbletk\u00f6lts\u00e9get jelent.&#8221;   <\/p>\n<p>A v\u00edzm\u00e9r\u0151 \u00f3r\u00e1k \u00e9s a v\u00edzvezet\u00e9kek mellett a k\u00f6zkifoly\u00f3k elfagy\u00e1s\u00e1nak es\u00e9lye is n\u0151 a tart\u00f3s hidegben. Ez\u00e9rt a Tiszamenti Region\u00e1lis V\u00edzm\u0171vek Zrt. arra h\u00edvja fel a figyelmet, hogy a kutak nyom\u00f3karjait minden esetben \u00fctk\u00f6z\u00e9sig kell lenyomni, valamint minden alkalommal nagyobb mennyis\u00e9g\u0171 vizet engedjenek ki bel\u0151l\u00fck. Abban az esetben ha a nyom\u00f3kar, vagy a k\u00fat m\u00e9gis elfagyott, akkor azt tilos t\u0171zzel, \u00f6ngy\u00fajt\u00f3val, vagy m\u00e1s m\u00f3don kiolvasztani, ilyenkor a szakembereket kell \u00e9rtes\u00edteni.<br \/>\n<br \/>\n<div style=\"width: 640px;\" class=\"wp-video\"><!--[if lt IE 9]><script>document.createElement('video');<\/script><![endif]-->\n<video class=\"wp-video-shortcode\" id=\"video-8330-1\" width=\"640\" height=\"360\" preload=\"metadata\" controls=\"controls\"><source type=\"video\/mp4\" src=\"\/spots\/hir\/hir_180223_04.mp4?_=1\" \/><a href=\"\/spots\/hir\/hir_180223_04.mp4\">\/spots\/hir\/hir_180223_04.mp4<\/a><\/video><\/div><\/p>\n","protected":false},"excerpt":{"rendered":"<p>Enn\u00e9l a szolnoki h\u00e1zn\u00e1l is v\u00e9dekeznek a v\u00edzm\u00e9r\u0151 \u00f3ra elfagy\u00e1sa ellen. N\u00e9meth Helg\u00e1\u00e9k nem csak a fogyaszt\u00e1sm\u00e9r\u0151t csomagolj\u00e1k be ruh\u00e1kba, hanem a v\u00edz\u00f3ra akn\u00e1t is kitiszt\u00edtj\u00e1k. A v\u00e9dekez\u00e9sben kiemelt fontoss\u00e1g\u00fa, hogy az akna t\u00e9glafala mellett mindenhol legyen f\u00f6ld, illetve a z\u00e1r\u00f3fed\u00e9l is a hely\u00e9n legyen. -Hallottuk, hogy a napokban fagy\u00e1s lesz, ez\u00e9rt nagyon fontos sz\u00e1munkra, [&hellip;]<\/p>\n","protected":false},"author":2,"featured_media":0,"comment_status":"closed","ping_status":"closed","sticky":false,"template":"","format":"standard","meta":[],"categories":[9],"tags":[],"_links":{"self":[{"href":"http:\/\/archiv.szolnoktv.hu\/index.php?rest_route=\/wp\/v2\/posts\/8330"}],"collection":[{"href":"http:\/\/archiv.szolnoktv.hu\/index.php?rest_route=\/wp\/v2\/posts"}],"about":[{"href":"http:\/\/archiv.szolnoktv.hu\/index.php?rest_route=\/wp\/v2\/types\/post"}],"author":[{"embeddable":true,"href":"http:\/\/archiv.szolnoktv.hu\/index.php?rest_route=\/wp\/v2\/users\/2"}],"replies":[{"embeddable":true,"href":"http:\/\/archiv.szolnoktv.hu\/index.php?rest_route=%2Fwp%2Fv2%2Fcomments&post=8330"}],"version-history":[{"count":1,"href":"http:\/\/archiv.szolnoktv.hu\/index.php?rest_route=\/wp\/v2\/posts\/8330\/revisions"}],"predecessor-version":[{"id":8383,"href":"http:\/\/archiv.szolnoktv.hu\/index.php?rest_route=\/wp\/v2\/posts\/8330\/revisions\/8383"}],"wp:attachment":[{"href":"http:\/\/archiv.szolnoktv.hu\/index.php?rest_route=%2Fwp%2Fv2%2Fmedia&parent=8330"}],"wp:term":[{"taxonomy":"category","embeddable":true,"href":"http:\/\/archiv.szolnoktv.hu\/index.php?rest_route=%2Fwp%2Fv2%2Fcategories&post=8330"},{"taxonomy":"post_tag","embeddable":true,"href":"http:\/\/archiv.szolnoktv.hu\/index.php?rest_route=%2Fwp%2Fv2%2Ftags&post=8330"}],"curies":[{"name":"wp","href":"https:\/\/api.w.org\/{rel}","templated":true}]}}