{"id":8329,"date":"2018-02-23T16:36:53","date_gmt":"2018-02-23T16:36:53","guid":{"rendered":"http:\/\/archiv.szolnoktv.hu\/?p=8329"},"modified":"2021-08-13T19:02:16","modified_gmt":"2021-08-13T19:02:16","slug":"eletmudijat-kapott-dr-varga-arpad-megyei-fougyesz","status":"publish","type":"post","link":"http:\/\/archiv.szolnoktv.hu\/?p=8329","title":{"rendered":"\u00c9letm\u0171d\u00edjat kapott Dr. Varga \u00c1rp\u00e1d megyei f\u0151\u00fcgy\u00e9sz"},"content":{"rendered":"<div class='booster-block booster-read-block'><\/div><p>Valamennyi koll\u00e9g\u00e1ja,  de a nyomoz\u00f3hat\u00f3s\u00e1g  munk\u00e1ja is  hozz\u00e1j\u00e1rult ahhoz, hogy a szakmai b\u00edr\u00f3l\u00f3 bizotts\u00e1g d\u00f6nt\u00e9se alapj\u00e1n \u00e9letm\u0171d\u00edjat kapott Dr.   Varga \u00c1rp\u00e1d megyei f\u0151\u00fcgy\u00e9sz- mondta a kit\u00fcntetett  a budapesti jog\u00e1szb\u00e1lon \u00e1tvett Praesens-d\u00edj kapcs\u00e1n. <\/p>\n<p>Dr. Varga \u00c1rp\u00e1d megyei f\u0151\u00fcgy\u00e9sz: <\/p>\n<p>-&#8220;Nagyon v\u00e1ratlanul \u00e9rintett \u00e9s nagyon boldog voltam. Amikor egy \u00e9letm\u0171d\u00edjat kap valaki, nem egy ember kapja, ugyanakkor engem tiszteltek meg vele. Ebben az eg\u00e9sz \u00e9let munk\u00e1ss\u00e1ga benne van. Eszembe jutott amikor itt kezdtem 1980-ban, akkor egy olyan m\u0171helybe cs\u00f6ppentem bele ahol rendk\u00edv\u00fcl j\u00f3l felk\u00e9sz\u00fclt jog\u00e1szokkal dolgozhattam egy\u00fctt. &#8211;<\/p>\n<p> 12 \u00e9vesen \u00fasz\u00f3k\u00e9nt, a Damjanich uszoda meleg vizes medenc\u00e9j\u00e9ben halott  \u00e9rdekes b\u0171nesetekr\u0151l. A Martf\u0171i r\u00e9m c. film alapj\u00e1ul szolg\u00e1l\u00f3 sorozatgyilkoss\u00e1g kapcs\u00e1n  d\u00f6nt\u00f6tte el, hogy erre a p\u00e1ly\u00e1ra l\u00e9p. Ma is minden r\u00e9szlet\u00e9t ismeri az \u00fcgynek. Napi munk\u00e1ja sor\u00e1n szoros  az egy\u00fcttm\u0171k\u00f6d\u00e9s a nyomoz\u00f3hat\u00f3s\u00e1gokkal eg\u00e9szen a v\u00e1demel\u00e9sig, \u00e9s a b\u00fcntet\u0151 elj\u00e1r\u00e1s b\u00edr\u00f3s\u00e1gi szakasz\u00e1ig, ahol az \u00fcgy\u00e9sz a v\u00e1dat k\u00e9pviseli. A sz\u00e1mvet\u00e9s nemcsak saj\u00e1t szakmais\u00e1g\u00e1ban, hanem a megyei \u00fcgy\u00e9szs\u00e9g munk\u00e1j\u00e1ban is fontos dolog-emelte ki. Cs\u00fct\u00f6rt\u00f6k\u00f6n \u00e9rt\u00e9kelt\u00e9k a 2017-es esztend\u0151t, melyet a legf\u0151bb \u00fcgy\u00e9sz is elismert. <\/p>\n<p> Dr. Varga \u00c1rp\u00e1d megyei f\u0151\u00fcgy\u00e9sz: <\/p>\n<p>-&#8220;A b\u0171n\u00f6z\u00e9si adatok nagyon kedvez\u0151en v\u00e1ltoztak, ezzel egy\u00fctt  cs\u00f6kkent a b\u00fcntet\u0151jogi \u00e9rkez\u00e9s\u00fcnk is. De ez nem jelenti azt, hogy kevesebb munk\u00e1t v\u00e9gezt\u00fcnk, mert bizonyos ter\u00fcleteken nagyon j\u00f3l kihaszn\u00e1ltuk azokat a lehet\u0151s\u00e9geket, amelyek az \u00fcgysz\u00e1mcs\u00f6kken\u00e9sb\u0151l ad\u00f3dtak , \u00edgy a min\u0151s\u00e9gi tev\u00e9kenys\u00e9gre sokkal nagyobb hangs\u00falyt tudtunk helyezni. &#8211;<\/p>\n<p>V\u00e1deredm\u00e9nyess\u00e9g\u00fck az orsz\u00e1g 5. legjobb teljes\u00edtm\u00e9nye. A megyei f\u0151\u00fcgy\u00e9szs\u00e9g kiv\u00e1l\u00f3 munk\u00e1j\u00e1hoz a szervezet vezet\u0151je, a c\u00edmzetes fellebbviteli f\u0151\u00fcgy\u00e9szs\u00e9gi \u00fcgy\u00e9sz a garancia, amit a neves d\u00edj is igazol. <\/p>\n<div style=\"width: 640px;\" class=\"wp-video\"><!--[if lt IE 9]><script>document.createElement('video');<\/script><![endif]-->\n<video class=\"wp-video-shortcode\" id=\"video-8329-1\" width=\"640\" height=\"360\" preload=\"metadata\" controls=\"controls\"><source type=\"video\/mp4\" src=\"\/spots\/hir\/hir_180223_03.mp4?_=1\" \/><a href=\"\/spots\/hir\/hir_180223_03.mp4\">\/spots\/hir\/hir_180223_03.mp4<\/a><\/video><\/div>\n","protected":false},"excerpt":{"rendered":"<p>Valamennyi koll\u00e9g\u00e1ja, de a nyomoz\u00f3hat\u00f3s\u00e1g munk\u00e1ja is hozz\u00e1j\u00e1rult ahhoz, hogy a szakmai b\u00edr\u00f3l\u00f3 bizotts\u00e1g d\u00f6nt\u00e9se alapj\u00e1n \u00e9letm\u0171d\u00edjat kapott Dr. Varga \u00c1rp\u00e1d megyei f\u0151\u00fcgy\u00e9sz- mondta a kit\u00fcntetett a budapesti jog\u00e1szb\u00e1lon \u00e1tvett Praesens-d\u00edj kapcs\u00e1n. Dr. Varga \u00c1rp\u00e1d megyei f\u0151\u00fcgy\u00e9sz: -&#8220;Nagyon v\u00e1ratlanul \u00e9rintett \u00e9s nagyon boldog voltam. Amikor egy \u00e9letm\u0171d\u00edjat kap valaki, nem egy ember kapja, ugyanakkor engem [&hellip;]<\/p>\n","protected":false},"author":2,"featured_media":0,"comment_status":"closed","ping_status":"closed","sticky":false,"template":"","format":"standard","meta":[],"categories":[9],"tags":[],"_links":{"self":[{"href":"http:\/\/archiv.szolnoktv.hu\/index.php?rest_route=\/wp\/v2\/posts\/8329"}],"collection":[{"href":"http:\/\/archiv.szolnoktv.hu\/index.php?rest_route=\/wp\/v2\/posts"}],"about":[{"href":"http:\/\/archiv.szolnoktv.hu\/index.php?rest_route=\/wp\/v2\/types\/post"}],"author":[{"embeddable":true,"href":"http:\/\/archiv.szolnoktv.hu\/index.php?rest_route=\/wp\/v2\/users\/2"}],"replies":[{"embeddable":true,"href":"http:\/\/archiv.szolnoktv.hu\/index.php?rest_route=%2Fwp%2Fv2%2Fcomments&post=8329"}],"version-history":[{"count":1,"href":"http:\/\/archiv.szolnoktv.hu\/index.php?rest_route=\/wp\/v2\/posts\/8329\/revisions"}],"predecessor-version":[{"id":8384,"href":"http:\/\/archiv.szolnoktv.hu\/index.php?rest_route=\/wp\/v2\/posts\/8329\/revisions\/8384"}],"wp:attachment":[{"href":"http:\/\/archiv.szolnoktv.hu\/index.php?rest_route=%2Fwp%2Fv2%2Fmedia&parent=8329"}],"wp:term":[{"taxonomy":"category","embeddable":true,"href":"http:\/\/archiv.szolnoktv.hu\/index.php?rest_route=%2Fwp%2Fv2%2Fcategories&post=8329"},{"taxonomy":"post_tag","embeddable":true,"href":"http:\/\/archiv.szolnoktv.hu\/index.php?rest_route=%2Fwp%2Fv2%2Ftags&post=8329"}],"curies":[{"name":"wp","href":"https:\/\/api.w.org\/{rel}","templated":true}]}}