{"id":8328,"date":"2018-02-23T16:32:41","date_gmt":"2018-02-23T16:32:41","guid":{"rendered":"http:\/\/archiv.szolnoktv.hu\/?p=8328"},"modified":"2021-08-13T19:02:17","modified_gmt":"2021-08-13T19:02:17","slug":"matyas-kis-tudosai-a-korosiben","status":"publish","type":"post","link":"http:\/\/archiv.szolnoktv.hu\/?p=8328","title":{"rendered":"-M\u00e1ty\u00e1s kis tud\u00f3sai&#8221; a K\u0151r\u00f6siben"},"content":{"rendered":"<div class='booster-block booster-read-block'><\/div><p>&#8220;Az \u00fcnnepek szigetek a h\u00e9tk\u00f6znapok \u00f3ce\u00e1nj\u00e1ban.&#8221; a T\u00f3th J\u00e1nos c\u00edm\u0171 film adta id\u00e9n a t\u00e9m\u00e1t, az \u00fcnnepeket a Szolnoki K\u0151r\u00f6si Csoma S\u00e1ndor \u00c1ltal\u00e1nos Iskola \u00e9s Alapfok\u00fa M\u0171v\u00e9szeti Iskola 37. alkalommal megrendezett verseny\u00e9nek, a M\u00e1ty\u00e1s Tud\u00f3sainak. Van ok az \u00fcnnepl\u00e9sre, hiszen ebben az \u00e9vben sok t\u00e9ren jubileum\u00e1t \u00fcnnepli az iskola. Az idei \u00e9v kiemelked\u0151 jelentkez\u0151sz\u00e1ma miatt, 29 telep\u00fcl\u00e9sr\u0151l k\u00f6zel 400 di\u00e1k \u00f6t ter\u00fcleten mutatta meg a tehets\u00e9g\u00e9t. Versmond\u00f3, angol nyelvi, rajz, -kis matematikusok&#8221; \u00e9s -M\u00e1ty\u00e1s kis nyelv\u00e9szei&#8221; verseny\u00e9t hirdette meg az iskola, melyekre a versenyz\u0151k m\u00e1r december \u00f3ta k\u00e9sz\u00fclhettek. A legt\u00f6bb versenysz\u00e1mra egy\u00e9nileg lehetett nevezni, egyed\u00fcl az angol v\u00e1lt csapatfeladatt\u00e1, ahol kisel\u0151ad\u00e1ssal, szerepj\u00e1t\u00e9kkal is bemutatt\u00e1k nyelvi tud\u00e1sukat. A gyerekek sz\u00edvesen vesznek r\u00e9szt a M\u00e1ty\u00e1s tud\u00f3sai versenyen. Sokan  nem el\u0151sz\u00f6r pr\u00f3b\u00e1lt\u00e1k ki magukat, rutinos versenyz\u0151knek sz\u00e1m\u00edtanak.<br \/>\n<br \/>\n<div style=\"width: 640px;\" class=\"wp-video\"><!--[if lt IE 9]><script>document.createElement('video');<\/script><![endif]-->\n<video class=\"wp-video-shortcode\" id=\"video-8328-1\" width=\"640\" height=\"360\" preload=\"metadata\" controls=\"controls\"><source type=\"video\/mp4\" src=\"\/spots\/hir\/hir_180223_02.mp4?_=1\" \/><a href=\"\/spots\/hir\/hir_180223_02.mp4\">\/spots\/hir\/hir_180223_02.mp4<\/a><\/video><\/div><\/p>\n","protected":false},"excerpt":{"rendered":"<p>&#8220;Az \u00fcnnepek szigetek a h\u00e9tk\u00f6znapok \u00f3ce\u00e1nj\u00e1ban.&#8221; a T\u00f3th J\u00e1nos c\u00edm\u0171 film adta id\u00e9n a t\u00e9m\u00e1t, az \u00fcnnepeket a Szolnoki K\u0151r\u00f6si Csoma S\u00e1ndor \u00c1ltal\u00e1nos Iskola \u00e9s Alapfok\u00fa M\u0171v\u00e9szeti Iskola 37. alkalommal megrendezett verseny\u00e9nek, a M\u00e1ty\u00e1s Tud\u00f3sainak. Van ok az \u00fcnnepl\u00e9sre, hiszen ebben az \u00e9vben sok t\u00e9ren jubileum\u00e1t \u00fcnnepli az iskola. Az idei \u00e9v kiemelked\u0151 jelentkez\u0151sz\u00e1ma miatt, [&hellip;]<\/p>\n","protected":false},"author":2,"featured_media":0,"comment_status":"closed","ping_status":"closed","sticky":false,"template":"","format":"standard","meta":[],"categories":[9],"tags":[],"_links":{"self":[{"href":"http:\/\/archiv.szolnoktv.hu\/index.php?rest_route=\/wp\/v2\/posts\/8328"}],"collection":[{"href":"http:\/\/archiv.szolnoktv.hu\/index.php?rest_route=\/wp\/v2\/posts"}],"about":[{"href":"http:\/\/archiv.szolnoktv.hu\/index.php?rest_route=\/wp\/v2\/types\/post"}],"author":[{"embeddable":true,"href":"http:\/\/archiv.szolnoktv.hu\/index.php?rest_route=\/wp\/v2\/users\/2"}],"replies":[{"embeddable":true,"href":"http:\/\/archiv.szolnoktv.hu\/index.php?rest_route=%2Fwp%2Fv2%2Fcomments&post=8328"}],"version-history":[{"count":1,"href":"http:\/\/archiv.szolnoktv.hu\/index.php?rest_route=\/wp\/v2\/posts\/8328\/revisions"}],"predecessor-version":[{"id":8385,"href":"http:\/\/archiv.szolnoktv.hu\/index.php?rest_route=\/wp\/v2\/posts\/8328\/revisions\/8385"}],"wp:attachment":[{"href":"http:\/\/archiv.szolnoktv.hu\/index.php?rest_route=%2Fwp%2Fv2%2Fmedia&parent=8328"}],"wp:term":[{"taxonomy":"category","embeddable":true,"href":"http:\/\/archiv.szolnoktv.hu\/index.php?rest_route=%2Fwp%2Fv2%2Fcategories&post=8328"},{"taxonomy":"post_tag","embeddable":true,"href":"http:\/\/archiv.szolnoktv.hu\/index.php?rest_route=%2Fwp%2Fv2%2Ftags&post=8328"}],"curies":[{"name":"wp","href":"https:\/\/api.w.org\/{rel}","templated":true}]}}