{"id":8327,"date":"2018-02-22T19:18:23","date_gmt":"2018-02-22T19:18:23","guid":{"rendered":"http:\/\/archiv.szolnoktv.hu\/?p=8327"},"modified":"2021-08-13T19:02:17","modified_gmt":"2021-08-13T19:02:17","slug":"olaf-jelentes-es-koltsegvetes-a-kozgyulesen","status":"publish","type":"post","link":"http:\/\/archiv.szolnoktv.hu\/?p=8327","title":{"rendered":"OLAF-jelent\u00e9s \u00e9s k\u00f6lts\u00e9gvet\u00e9s a k\u00f6zgy\u0171l\u00e9sen"},"content":{"rendered":"<div class='booster-block booster-read-block'><\/div><p>Amint az v\u00e1rhat\u00f3 volt, napirend el\u0151tt t\u00e9ma volt a k\u00f6zvil\u00e1g\u00edt\u00e1s korszer\u0171s\u00edt\u00e9si programja kapcs\u00e1n az Eur\u00f3pai Uni\u00f3 Csal\u00e1s Elleni Hivatala, azaz az OLAF \u00e1ltal megfogalmazott jelent\u00e9s.<\/p>\n<p>&#8211; -Az OLAF arra tett javaslatot az Eur\u00f3pai Uni\u00f3nak, hogy a Szolnok r\u00e9sz\u00e9re kifizetett t\u00e1mogat\u00e1st k\u00f6vetelje vissza, az egy t\u00f6bb mint 800 milli\u00f3 forintos t\u00e9tel. Az lenne a k\u00e9rd\u00e9sem, hogy mivel v\u00e1rhat\u00f3, hogy ez be is fog k\u00f6vetkezni, hogy gondolkodik-e m\u00e1r a v\u00e1ros azon, hogy ezt a k\u00f6zel 1 milli\u00e1rd forintos \u00f6sszeget mib\u0151l fogjuk tudni kigazd\u00e1lkodni?&#8221;  &#8211;   mondta Dr. Szotyori-L\u00e1z\u00e1r Zolt\u00e1n.<\/p>\n<p>A polg\u00e1rmester szerint meg kell v\u00e1rni, hogy mi t\u00f6rt\u00e9nik majd a jelent\u00e9s kapcs\u00e1n, r\u00e1ad\u00e1sul a Jobbik felvet\u00e9se felt\u00e9telez\u00e9sen alapul  &#8211;   tette hozz\u00e1 Szalay Ferenc, majd \u00e1tadta a sz\u00f3t a t\u00f6rv\u00e9nyess\u00e9g \u0151r\u00e9nek, a v\u00e1ros jegyz\u0151j\u00e9nek. Dr. Sebesty\u00e9n Ildik\u00f3 elmondta, hogy az OLAF Szolnokot k\u00fcl\u00f6n nem vizsg\u00e1lta, \u00e9s b\u00e1r val\u00f3ban megkereste az \u00f6nkorm\u00e1nyzatot, hogy ha sz\u00fcks\u00e9gesnek l\u00e1tja, tegyen \u00e9szrev\u00e9teleket a meg\u00e1llap\u00edt\u00e1sokkal kapcsolatban.<\/p>\n<p>&#8211; -Szolnok Megyei Jog\u00fa V\u00e1ros \u00d6nkorm\u00e1nyzat\u00e1val az OLAF jelenleg nincs kapcsolatban, nem k\u00fcld\u00f6tt ilyen jelent\u00e9st a szolnoki \u00f6nkorm\u00e1nyzatnak, nem kezdem\u00e9nyezett int\u00e9zked\u00e9st. Teh\u00e1t nincs tudom\u00e1sunk olyan t\u00e9nyr\u0151l, amiben Szolnokot \u00e9rint\u0151en visszafizet\u00e9si k\u00f6telezetts\u00e9get \u00e1llap\u00edtana meg az OLAF, mivel erre neki nincs is jogos\u00edtv\u00e1nya, csup\u00e1n kezdem\u00e9nyezhet ilyet.&#8221;  &#8211;   hangs\u00falyozta Dr. Sebesty\u00e9n Ildik\u00f3.<\/p>\n<p>A jegyz\u0151 hozz\u00e1tette, a Pest Megyei F\u0151\u00fcgy\u00e9sz\u00e9g nyomoz\u00e1st ind\u00edtott, ha konkr\u00e9t megkeres\u00e9s \u00e9rkezik az \u00f6nkorm\u00e1nyzathoz, megteszik a sz\u00fcks\u00e9ges int\u00e9zked\u00e9seket.<br \/>A napirend el\u0151tti k\u00e9rd\u00e9seket k\u00f6vet\u0151en a k\u00e9pvisel\u0151k a v\u00e1ros egyik legfontosabb rendelet\u00e9t t\u00e1rgyalt\u00e1k meg, a k\u00f6lts\u00e9gvet\u00e9st.<\/p>\n<p>&#8211; -Hitel\u00e1llom\u00e1nyunk nincs, ez nagyon fontos dolog. Ebb\u0151l ad\u00f3d\u00f3an ad\u00f3ss\u00e1gszolg\u00e1latot sem tartalmaz a k\u00f6lts\u00e9gvet\u00e9s\u00fcnk. Teh\u00e1t a k\u00f6vetkez\u0151 nagyon fontos meg\u00e1llap\u00edt\u00e1s, hogy a bev\u00e9telek \u00e9s a r\u00e1ford\u00edt\u00e1sok egyens\u00falyban vannak, hozz\u00e1vet\u0151legesen 23 milli\u00e1rd forintos f\u0151\u00f6sszeggel.&#8221;  &#8211;   ismertette Szab\u00f3 Istv\u00e1n alpolg\u00e1rmester.<\/p>\n<p>T\u00f3th Istv\u00e1nn\u00e9 f\u00fcggetlen k\u00e9pvisel\u0151 \u00f6r\u00f6m\u00e9t fejezte ki, hogy nem emelkednek a lakb\u00e9rek, az int\u00e9zm\u00e9nyi \u00e9tkez\u00e9si d\u00edjak, hogy folytat\u00f3dnak a telep\u00fcl\u00e9si t\u00e1mogat\u00e1sok, de annak is hangot adott, hogy \u00faj \u00f6nkorm\u00e1nyzati lak\u00e1sok \u00e9p\u00edt\u00e9s\u00e9re nincs forr\u00e1s. Az MSZP az adatokb\u00f3l azt olvasta ki, hogy j\u00f3k a fejleszt\u00e9si ir\u00e1nyok, er\u0151s\u00f6dik a v\u00e1ros gazdas\u00e1ga, ugyanakkor az \u00e1llami t\u00e1mogat\u00e1sok nem n\u0151nek.<\/p>\n<p>&#8211; -J\u00f3l l\u00e1that\u00f3, hogy Szolnok \u00fczemeltet\u00e9s\u00e9hez minden 10 forintb\u00f3l hetet helyben kell megtermelni. 7 milli\u00e1rdos nagyj\u00e1b\u00f3l a bev\u00e9teli ig\u00e9ny, nagyon nagy elv\u00e1r\u00e1s van az ad\u00f3kra, az \u00e9p\u00edtm\u00e9nyad\u00f3ra, az ipar\u0171z\u00e9si ad\u00f3ra, hiszen 6 milli\u00e1rdot v\u00e1runk ebb\u0151l a kett\u0151b\u0151l.&#8221;  &#8211;   fogalmazott Rad\u00f3cz Zolt\u00e1n.<\/p>\n<p>A Fidesz-KDNP szerint az idei a stabilit\u00e1s, a biztons\u00e1g \u00e9s a fejl\u0151d\u00e9s k\u00f6lts\u00e9gvet\u00e9se, mindemellett megmarad a szigor\u00fa, fegyelmezett gazd\u00e1lkod\u00e1s.<\/p>\n<p>&#8211; -Tov\u00e1bbra is azt az elvet tartjuk szem el\u0151tt, hogy addig ny\u00fajt\u00f3zkodjunk, ameddig a takar\u00f3nk \u00e9r. Mindenk\u00e9pp ki kell emelni a fejleszt\u00e9sek megl\u00e9t\u00e9t, hiszen a k\u00f6lts\u00e9gvet\u00e9sb\u0151l a 11,3 milli\u00e1rd forintos fejleszt\u00e9si forr\u00e1s nagy m\u00e9rt\u00e9kben meg fogja hat\u00e1rozni \u00e9vekre a v\u00e1ros arculat\u00e1t.&#8221;  &#8211;   jelentette ki Bagdi S\u00e1ndorn\u00e9.<\/p>\n<p>Z\u00e1rszav\u00e1ban a polg\u00e1rmester k\u00f6sz\u00f6netet mondott a felel\u0151s ellenz\u00e9ki magatart\u00e1st tan\u00fas\u00edt\u00f3 k\u00e9pvisel\u0151knek, majd arr\u00f3l besz\u00e9lt, hogy a jelenlegi konszolid\u00e1lt helyzethez kellett az \u00e1llami ad\u00f3ss\u00e1g\u00e1tv\u00e1llal\u00e1s. Szalay Ferenc hangs\u00falyozta, a komoly strat\u00e9gia van a k\u00f6lts\u00e9gvet\u00e9s m\u00f6g\u00f6tt.<\/p>\n<p>&#8211; -Nagyon fontos az, hogy a v\u00e1ros abban gondolkodjon \u00e9s ez a k\u00f6lts\u00e9gvet\u00e9s err\u0151l jelent\u0151s m\u00e9rt\u00e9kben sz\u00f3l, hogy munkahelyeket teremtsen, termel\u0151 beruh\u00e1z\u00e1soknak adjon lehet\u0151s\u00e9get, ipari parkot fejlesszen, stb., stb., az\u00e9rt, hogy azok a p\u00e9nzek, amelyeket el lehet k\u00f6lteni a v\u00e1ros m\u0171k\u00f6d\u00e9s\u00e9re, fejl\u0151d\u00e9s\u00e9re, azoknak jelent\u0151s r\u00e9sz\u00e9t meg tudjuk termelni, illetve a p\u00e1ly\u00e1zatokon megfelel\u0151 \u00f6ner\u0151r\u0151l tudjon a v\u00e1ros saj\u00e1t forr\u00e1saib\u00f3l biztos\u00edtani.&#8221;  &#8211;   tette hozz\u00e1 Szalay Ferenc polg\u00e1rmester.<\/p>\n<p>A v\u00e1ros ez\u00e9vi k\u00f6lts\u00e9gvet\u00e9s\u00e9t v\u00e9g\u00fcl valamennyi jelenl\u00e9v\u0151 k\u00e9pvisel\u0151 egyhang\u00fa igen szavazattal elfogadta.<\/p>\n<p>Enn\u00e9l j\u00f3val nagyobb vit\u00e1t gener\u00e1lt az \u00e9rt\u00e9kes\u00edt\u00e9sre kijel\u00f6lt \u00f6nkorm\u00e1nyzati lak\u00e1ssokkal kapcsolatos el\u0151terjeszt\u00e9s. Az MSZP \u00e9s a Jobbik \u00fagy l\u00e1tja, nem szabad eladni ezeket az ingatlanokat, a vagyont ki\u00e1rus\u00edtani, mi t\u00f6bb, b\u00e9rlak\u00e1s\u00e9p\u00edt\u00e9si programra lenne sz\u00fcks\u00e9g. Ezzel szemben a Fidesz-KDNP frakci\u00f3 tagjai szerint a f\u0151k\u00e9nt hat\u00e1rozatlan idej\u0171 szerz\u0151d\u00e9ssel rendelkez\u0151 b\u00e9rl\u0151k r\u00e9sz\u00e9r\u0151l igenis komoly \u00e9rdekl\u0151d\u00e9s mutatkozik ezen meghat\u00e1rozott lak\u00e1sok ir\u00e1nt, r\u00e1ad\u00e1sul ezzel a lehet\u0151s\u00e9ggel kiz\u00e1r\u00f3lag csak \u0151k \u00e9lhetnek. Arr\u00f3l sem szabad elfeledkezni  &#8211;   tett\u00e9k hozz\u00e1, hogy lakb\u00e9rekb\u0151l sz\u00e1rmaz\u00f3 bev\u00e9tel messze nem fedezi a r\u00e1ford\u00edt\u00e1s, \u00fczemeltet\u00e9s k\u00f6lts\u00e9geit. A javaslatot v\u00e9g\u00fcl csak az MSZP \u00e9s a Jobbik nem fogadta el.<\/p>\n<p>A k\u00f6zgy\u0171l\u00e9sen az is kider\u00fclt, hogy 53 milli\u00f3 forintb\u00f3l folytat\u00f3dik a j\u00e1rdafel\u00faj\u00edt\u00e1si program a Sz\u00e9chenyi-lak\u00f3telepen, a b\u00f6lcs\u0151dei szakemberek k\u00e9pz\u00e9se pedig 15 milli\u00f3 forintb\u00f3l val\u00f3sul meg. <br \/>Az egykori szolnoki belv\u00e1rosi gett\u00f3 hely\u00e9n pedig az -elhurcolt zsid\u00f3k\u00e9rt&#8221; eml\u00e9kk\u00f6vet \u00e1ll\u00edtanak fel hamarosan, az \u00f6nkorm\u00e1nyzat f\u00e9lmilli\u00f3 forinttal j\u00e1rul hozz\u00e1 a Szolnoki Zsid\u00f3 Hitk\u00f6zs\u00e9g kezdem\u00e9nyez\u00e9s\u00e9hez.<br \/>\n<br \/>\n<div style=\"width: 640px;\" class=\"wp-video\"><!--[if lt IE 9]><script>document.createElement('video');<\/script><![endif]-->\n<video class=\"wp-video-shortcode\" id=\"video-8327-1\" width=\"640\" height=\"360\" preload=\"metadata\" controls=\"controls\"><source type=\"video\/mp4\" src=\"\/spots\/hir\/hir_180222_08.mp4?_=1\" \/><a href=\"\/spots\/hir\/hir_180222_08.mp4\">\/spots\/hir\/hir_180222_08.mp4<\/a><\/video><\/div><\/p>\n","protected":false},"excerpt":{"rendered":"<p>Amint az v\u00e1rhat\u00f3 volt, napirend el\u0151tt t\u00e9ma volt a k\u00f6zvil\u00e1g\u00edt\u00e1s korszer\u0171s\u00edt\u00e9si programja kapcs\u00e1n az Eur\u00f3pai Uni\u00f3 Csal\u00e1s Elleni Hivatala, azaz az OLAF \u00e1ltal megfogalmazott jelent\u00e9s. &#8211; -Az OLAF arra tett javaslatot az Eur\u00f3pai Uni\u00f3nak, hogy a Szolnok r\u00e9sz\u00e9re kifizetett t\u00e1mogat\u00e1st k\u00f6vetelje vissza, az egy t\u00f6bb mint 800 milli\u00f3 forintos t\u00e9tel. Az lenne a k\u00e9rd\u00e9sem, hogy [&hellip;]<\/p>\n","protected":false},"author":2,"featured_media":0,"comment_status":"closed","ping_status":"closed","sticky":false,"template":"","format":"standard","meta":[],"categories":[9],"tags":[],"_links":{"self":[{"href":"http:\/\/archiv.szolnoktv.hu\/index.php?rest_route=\/wp\/v2\/posts\/8327"}],"collection":[{"href":"http:\/\/archiv.szolnoktv.hu\/index.php?rest_route=\/wp\/v2\/posts"}],"about":[{"href":"http:\/\/archiv.szolnoktv.hu\/index.php?rest_route=\/wp\/v2\/types\/post"}],"author":[{"embeddable":true,"href":"http:\/\/archiv.szolnoktv.hu\/index.php?rest_route=\/wp\/v2\/users\/2"}],"replies":[{"embeddable":true,"href":"http:\/\/archiv.szolnoktv.hu\/index.php?rest_route=%2Fwp%2Fv2%2Fcomments&post=8327"}],"version-history":[{"count":1,"href":"http:\/\/archiv.szolnoktv.hu\/index.php?rest_route=\/wp\/v2\/posts\/8327\/revisions"}],"predecessor-version":[{"id":8386,"href":"http:\/\/archiv.szolnoktv.hu\/index.php?rest_route=\/wp\/v2\/posts\/8327\/revisions\/8386"}],"wp:attachment":[{"href":"http:\/\/archiv.szolnoktv.hu\/index.php?rest_route=%2Fwp%2Fv2%2Fmedia&parent=8327"}],"wp:term":[{"taxonomy":"category","embeddable":true,"href":"http:\/\/archiv.szolnoktv.hu\/index.php?rest_route=%2Fwp%2Fv2%2Fcategories&post=8327"},{"taxonomy":"post_tag","embeddable":true,"href":"http:\/\/archiv.szolnoktv.hu\/index.php?rest_route=%2Fwp%2Fv2%2Ftags&post=8327"}],"curies":[{"name":"wp","href":"https:\/\/api.w.org\/{rel}","templated":true}]}}