{"id":8296,"date":"2018-02-22T17:14:40","date_gmt":"2018-02-22T17:14:40","guid":{"rendered":"http:\/\/archiv.szolnoktv.hu\/?p=8296"},"modified":"2021-08-13T18:56:11","modified_gmt":"2021-08-13T18:56:11","slug":"ujabb-jeloltet-vettek-nyilvantartasba","status":"publish","type":"post","link":"http:\/\/archiv.szolnoktv.hu\/?p=8296","title":{"rendered":"\u00dajabb jel\u00f6ltet vettek nyilv\u00e1ntart\u00e1sba<br>"},"content":{"rendered":"<div class='booster-block booster-read-block'><\/div><p>Febru\u00e1r 19-e \u00f3ta gy\u0171jthetik az orsz\u00e1ggy\u0171l\u00e9si v\u00e1laszt\u00e1sokon indulni k\u00edv\u00e1n\u00f3 jel\u00f6ltek \u00e9s a jel\u00f6l\u0151szervezetek az aj\u00e1nl\u00e1sokat. Ma -J\u00e1sz-Nagykun-Szolnok Megye 1-es sz\u00e1m\u00fa Orsz\u00e1ggy\u0171l\u00e9si Egy\u00e9ni V\u00e1laszt\u00f3ker\u00fclet\u00e9ben m\u00e1sodikk\u00e9nt-, az MSZP-P\u00e1rbesz\u00e9d jel\u00f6ltje Gy\u00f6rfi Mih\u00e1ly adta le a h\u00e9tf\u0151n \u00e1tvett jel\u00f6l\u0151\u00edveit. Az orsz\u00e1ggy\u0171l\u00e9si k\u00e9pvisel\u0151jel\u00f6lt tegnap 114 jel\u00f6l\u0151\u00edvet adott \u00e1t, amelyeken 627 aj\u00e1nl\u00e1s szerepelt, ezek k\u00f6z\u00fcl 563-at tal\u00e1lt elfogadhat\u00f3nak a helyi v\u00e1laszt\u00e1si iroda. A nyilv\u00e1ntart\u00e1sba v\u00e9telhez a jel\u00f6ltnek 500 \u00e9rv\u00e9nyes aj\u00e1nl\u00e1ssal kell rendelkeznie. <\/p>\n<p>-Az ellen\u0151rz\u00e9snek az eredm\u00e9nye alapj\u00e1n Gy\u00f6rfi Mih\u00e1ly rendelkezik az ahhoz sz\u00fcks\u00e9ges al\u00e1\u00edr\u00e1ssal, aj\u00e1nl\u00e1ssal, ami kell ahhoz, hogy a bizotts\u00e1g nyilv\u00e1ntart\u00e1sba vegye. A hat\u00e1rozati javaslat az gyakorlatilag Gy\u00f6rfi Mih\u00e1ly nyilv\u00e1ntart\u00e1sba v\u00e9tel\u00e9r\u0151l sz\u00f3l.&#8221; &#8211; mondta Dr. R\u00e1cz Andrea, aljegyz\u0151<\/p>\n<p>A bizotts\u00e1g a nyilv\u00e1ntart\u00e1sba vett jel\u00f6lt figyelm\u00e9t emellett arra is felh\u00edvta, hogy az \u00e1tvett 250 jel\u00f6l\u0151\u00edvb\u0151l a m\u00e9g le nem adott 136-ot m\u00e1rcius 15-ig kell \u00e1tadnia.  Aj\u00e1nl\u00e1sokat a v\u00e1laszt\u00f3polg\u00e1rok zaklat\u00e1sa n\u00e9lk\u00fcl b\u00e1rhol lehet gy\u0171jteni. A t\u00f6rv\u00e9ny azonban tiltja, hogy munkahelyen, munkav\u00e9gz\u00e9s k\u00f6zben, a fegyveres er\u0151kn\u00e9l \u00e9s a rendv\u00e9delmi szervekn\u00e9l szolg\u00e1lati viszonyban l\u00e9v\u0151t\u0151l a szolg\u00e1lati helyen vagy szolg\u00e1lati feladat teljes\u00edt\u00e9se k\u00f6zben, t\u00f6megk\u00f6zleked\u00e9si eszk\u00f6z\u00f6n, \u00e1llami, helyi \u00e9s nemzetis\u00e9gi \u00f6nkorm\u00e1nyzat hivatali helyis\u00e9geiben, iskol\u00e1kban, valamint k\u00f3rh\u00e1zakban, rendel\u0151kben gy\u0171jts\u00e9k azokat. Az egy\u00e9ni v\u00e1laszt\u00f3ker\u00fcletben indulni sz\u00e1nd\u00e9koz\u00f3 jel\u00f6lteknek m\u00e1rcius 5-ig kell \u00f6sszegy\u0171jteni\u00fck az indul\u00e1shoz sz\u00fcks\u00e9ges \u00f6tsz\u00e1z \u00e9rv\u00e9nyes aj\u00e1nl\u00e1st.<br \/>\n<br \/>\n<div style=\"width: 640px;\" class=\"wp-video\"><!--[if lt IE 9]><script>document.createElement('video');<\/script><![endif]-->\n<video class=\"wp-video-shortcode\" id=\"video-8296-1\" width=\"640\" height=\"360\" preload=\"metadata\" controls=\"controls\"><source type=\"video\/mp4\" src=\"\/spots\/hir\/hir_180222_02.mp4?_=1\" \/><a href=\"\/spots\/hir\/hir_180222_02.mp4\">\/spots\/hir\/hir_180222_02.mp4<\/a><\/video><\/div><\/p>\n","protected":false},"excerpt":{"rendered":"<p>Febru\u00e1r 19-e \u00f3ta gy\u0171jthetik az orsz\u00e1ggy\u0171l\u00e9si v\u00e1laszt\u00e1sokon indulni k\u00edv\u00e1n\u00f3 jel\u00f6ltek \u00e9s a jel\u00f6l\u0151szervezetek az aj\u00e1nl\u00e1sokat. Ma -J\u00e1sz-Nagykun-Szolnok Megye 1-es sz\u00e1m\u00fa Orsz\u00e1ggy\u0171l\u00e9si Egy\u00e9ni V\u00e1laszt\u00f3ker\u00fclet\u00e9ben m\u00e1sodikk\u00e9nt-, az MSZP-P\u00e1rbesz\u00e9d jel\u00f6ltje Gy\u00f6rfi Mih\u00e1ly adta le a h\u00e9tf\u0151n \u00e1tvett jel\u00f6l\u0151\u00edveit. Az orsz\u00e1ggy\u0171l\u00e9si k\u00e9pvisel\u0151jel\u00f6lt tegnap 114 jel\u00f6l\u0151\u00edvet adott \u00e1t, amelyeken 627 aj\u00e1nl\u00e1s szerepelt, ezek k\u00f6z\u00fcl 563-at tal\u00e1lt elfogadhat\u00f3nak a helyi v\u00e1laszt\u00e1si [&hellip;]<\/p>\n","protected":false},"author":2,"featured_media":0,"comment_status":"closed","ping_status":"closed","sticky":false,"template":"","format":"standard","meta":[],"categories":[9],"tags":[],"_links":{"self":[{"href":"http:\/\/archiv.szolnoktv.hu\/index.php?rest_route=\/wp\/v2\/posts\/8296"}],"collection":[{"href":"http:\/\/archiv.szolnoktv.hu\/index.php?rest_route=\/wp\/v2\/posts"}],"about":[{"href":"http:\/\/archiv.szolnoktv.hu\/index.php?rest_route=\/wp\/v2\/types\/post"}],"author":[{"embeddable":true,"href":"http:\/\/archiv.szolnoktv.hu\/index.php?rest_route=\/wp\/v2\/users\/2"}],"replies":[{"embeddable":true,"href":"http:\/\/archiv.szolnoktv.hu\/index.php?rest_route=%2Fwp%2Fv2%2Fcomments&post=8296"}],"version-history":[{"count":1,"href":"http:\/\/archiv.szolnoktv.hu\/index.php?rest_route=\/wp\/v2\/posts\/8296\/revisions"}],"predecessor-version":[{"id":8299,"href":"http:\/\/archiv.szolnoktv.hu\/index.php?rest_route=\/wp\/v2\/posts\/8296\/revisions\/8299"}],"wp:attachment":[{"href":"http:\/\/archiv.szolnoktv.hu\/index.php?rest_route=%2Fwp%2Fv2%2Fmedia&parent=8296"}],"wp:term":[{"taxonomy":"category","embeddable":true,"href":"http:\/\/archiv.szolnoktv.hu\/index.php?rest_route=%2Fwp%2Fv2%2Fcategories&post=8296"},{"taxonomy":"post_tag","embeddable":true,"href":"http:\/\/archiv.szolnoktv.hu\/index.php?rest_route=%2Fwp%2Fv2%2Ftags&post=8296"}],"curies":[{"name":"wp","href":"https:\/\/api.w.org\/{rel}","templated":true}]}}