{"id":8295,"date":"2018-02-22T17:13:13","date_gmt":"2018-02-22T17:13:13","guid":{"rendered":"http:\/\/archiv.szolnoktv.hu\/?p=8295"},"modified":"2021-08-13T18:56:11","modified_gmt":"2021-08-13T18:56:11","slug":"rendhagyo-tortenelem-ora-a-verseghy-ferenc-gimnaziumban","status":"publish","type":"post","link":"http:\/\/archiv.szolnoktv.hu\/?p=8295","title":{"rendered":"Rendhagy\u00f3 t\u00f6rt\u00e9nelem \u00f3ra a Verseghy Ferenc Gimn\u00e1ziumban"},"content":{"rendered":"<div class='booster-block booster-read-block'><\/div><p>Szolnoki Rept\u00e9r, K\u00e1d\u00e1r J\u00e1nos Szolnokra \u00e9rkez\u00e9se \u00e9s mi\u00e9rt nem alakult K\u00e1d\u00e1r-korm\u00e1ny Szolnokon- ezeket a helyt\u00f6rt\u00e9neti esem\u00e9nyeket ismerhett\u00e9k meg rendhagy\u00f3 t\u00f6rt\u00e9nelem \u00f3ra keret\u00e9ben a Verseghys di\u00e1kok. <\/p>\n<p>-Szerintem ez nagyon \u00e9rdekes, mert megismerhetj\u00fck m\u00e1s szemsz\u00f6gb\u0151l is a tant\u00e1rgyat nemcsak a tank\u00f6nyveken kereszt\u00fcl, hanem most olyanokt\u00f3l is akik \u00e1t\u00e9lt\u00e9k ez, \u00edgy m\u00e1s n\u00e9z\u0151pontot is megismerhet\u00fcnk.&#8221;-mondta Kavas Katalin.<\/p>\n<p>-\u00c9n emelt szinten szeretn\u00e9k \u00e9retts\u00e9gizni \u00e9s ez is egy nagyon j\u00f3 t\u00e9mak\u00f6r. \u00c9n nagyon szeretem, ezt a t\u00e9m\u00e1\u00e9t.&#8221;- mes\u00e9lte Kiss Helga.<\/p>\n<p>A t\u00f6rt\u00e9nelem \u00f3ra a Szolnoktud\u00e1s Egyeteme el\u0151ad\u00e1ssorozat keret\u00e9ben \u00e9rkezett a gimn\u00e1ziumba. A di\u00e1kok az esem\u00e9nyeket a Szolnoki Katonai Rept\u00e9r egykori katonatisztjeinek, D\u00e9zsi Istv\u00e1nnak \u00e9s Fodor Gyul\u00e1nak szemsz\u00f6g\u00e9b\u0151l is megismerhett\u00e9k. <\/p>\n<p>-K\u00e1d\u00e1r J\u00e1nos Szolnokra \u00e9rkez\u00e9s\u00e9nek id\u0151pontja kev\u00e9ss\u00e9 foglalkoztatja az orsz\u00e1gos nagy h\u00edr\u0171 t\u00f6rt\u00e9n\u00e9szeket. Epiz\u00f3dnak tartj\u00e1k, valahova megkellett, hogy \u00e9rkezzen. Ez \u00e9ppen Szolnok volt. Tal\u00e1lkoztunk k\u00e9t olyan id\u0151s, nyug\u00e1llom\u00e1ny\u00fa katonatiszttel, akik t\u00f6rt\u00e9nelmi tan\u00fak\u00e9nt annak a napnak a r\u00e9szesei voltak. Az egyik\u00fck a rep\u00fcl\u0151t\u00e9r akkori \u00fcgyeletes tisztje, a m\u00e1sikuk az \u00fagynevezett n\u00f6vend\u00e9ksz\u00e1zad parancsnoka.&#8221;- mondta Egri S\u00e1ndor a Szolnoktud\u00e1s Egyetem\u00e9nek programszervez\u0151je.<\/p>\n<p>A Szolnoktud\u00e1s Egyetem\u00e9nek rendhagy\u00f3 t\u00f6rt\u00e9nelem \u00f3r\u00e1ja a j\u00f6v\u0151ben m\u00e1sik k\u00f6z\u00e9piskol\u00e1ba folytat\u00f3dik.<br \/>\n<br \/>\n<div style=\"width: 640px;\" class=\"wp-video\"><!--[if lt IE 9]><script>document.createElement('video');<\/script><![endif]-->\n<video class=\"wp-video-shortcode\" id=\"video-8295-1\" width=\"640\" height=\"360\" preload=\"metadata\" controls=\"controls\"><source type=\"video\/mp4\" src=\"\/spots\/hir\/hir_180222_06.mp4?_=1\" \/><a href=\"\/spots\/hir\/hir_180222_06.mp4\">\/spots\/hir\/hir_180222_06.mp4<\/a><\/video><\/div><\/p>\n","protected":false},"excerpt":{"rendered":"<p>Szolnoki Rept\u00e9r, K\u00e1d\u00e1r J\u00e1nos Szolnokra \u00e9rkez\u00e9se \u00e9s mi\u00e9rt nem alakult K\u00e1d\u00e1r-korm\u00e1ny Szolnokon- ezeket a helyt\u00f6rt\u00e9neti esem\u00e9nyeket ismerhett\u00e9k meg rendhagy\u00f3 t\u00f6rt\u00e9nelem \u00f3ra keret\u00e9ben a Verseghys di\u00e1kok. -Szerintem ez nagyon \u00e9rdekes, mert megismerhetj\u00fck m\u00e1s szemsz\u00f6gb\u0151l is a tant\u00e1rgyat nemcsak a tank\u00f6nyveken kereszt\u00fcl, hanem most olyanokt\u00f3l is akik \u00e1t\u00e9lt\u00e9k ez, \u00edgy m\u00e1s n\u00e9z\u0151pontot is megismerhet\u00fcnk.&#8221;-mondta Kavas Katalin. -\u00c9n [&hellip;]<\/p>\n","protected":false},"author":2,"featured_media":0,"comment_status":"closed","ping_status":"closed","sticky":false,"template":"","format":"standard","meta":[],"categories":[9],"tags":[],"_links":{"self":[{"href":"http:\/\/archiv.szolnoktv.hu\/index.php?rest_route=\/wp\/v2\/posts\/8295"}],"collection":[{"href":"http:\/\/archiv.szolnoktv.hu\/index.php?rest_route=\/wp\/v2\/posts"}],"about":[{"href":"http:\/\/archiv.szolnoktv.hu\/index.php?rest_route=\/wp\/v2\/types\/post"}],"author":[{"embeddable":true,"href":"http:\/\/archiv.szolnoktv.hu\/index.php?rest_route=\/wp\/v2\/users\/2"}],"replies":[{"embeddable":true,"href":"http:\/\/archiv.szolnoktv.hu\/index.php?rest_route=%2Fwp%2Fv2%2Fcomments&post=8295"}],"version-history":[{"count":1,"href":"http:\/\/archiv.szolnoktv.hu\/index.php?rest_route=\/wp\/v2\/posts\/8295\/revisions"}],"predecessor-version":[{"id":8300,"href":"http:\/\/archiv.szolnoktv.hu\/index.php?rest_route=\/wp\/v2\/posts\/8295\/revisions\/8300"}],"wp:attachment":[{"href":"http:\/\/archiv.szolnoktv.hu\/index.php?rest_route=%2Fwp%2Fv2%2Fmedia&parent=8295"}],"wp:term":[{"taxonomy":"category","embeddable":true,"href":"http:\/\/archiv.szolnoktv.hu\/index.php?rest_route=%2Fwp%2Fv2%2Fcategories&post=8295"},{"taxonomy":"post_tag","embeddable":true,"href":"http:\/\/archiv.szolnoktv.hu\/index.php?rest_route=%2Fwp%2Fv2%2Ftags&post=8295"}],"curies":[{"name":"wp","href":"https:\/\/api.w.org\/{rel}","templated":true}]}}