{"id":8294,"date":"2018-02-22T17:08:45","date_gmt":"2018-02-22T17:08:45","guid":{"rendered":"http:\/\/archiv.szolnoktv.hu\/?p=8294"},"modified":"2021-08-13T18:56:11","modified_gmt":"2021-08-13T18:56:11","slug":"paralimpikonok-szolnokon","status":"publish","type":"post","link":"http:\/\/archiv.szolnoktv.hu\/?p=8294","title":{"rendered":"Paralimpikonok Szolnokon"},"content":{"rendered":"<div class='booster-block booster-read-block'><\/div><p>T\u00f6bb mint 400 k\u00f6znevel\u00e9si int\u00e9zm\u00e9ny csatlakozott orsz\u00e1gszerte a Magyar Paralimpiai Bizotts\u00e1g \u00e9s szervezetei \u00e1ltal koordin\u00e1lt Magyar Parasport Napja rendezv\u00e9nysorozathoz. Szolnok v\u00e1ros \u00f6nkorm\u00e1nyzata a Kassai \u00fati \u00e9s a K\u00f6r\u0151si iskol\u00e1t k\u00e9rte fel az esem\u00e9ny lebonyol\u00edt\u00e1s\u00e1ra. <\/p>\n<p>-A c\u00e9l az, hogy figyelj\u00fcnk a parasportra \u00e9s a parasportol\u00f3kra. \u00c9rz\u00e9kenyebben tekints\u00fcnk erre a vil\u00e1gra, ismerj\u00fck meg egy kicsit jobban az \u0151 vil\u00e1gukat \u00e9s azt gondolom, hogy az \u0151 vil\u00e1gukb\u00f3l er\u0151t mer\u00edthet\u00fcnk mi is a neh\u00e9z napokban.&#8221;-nyilatkozta V\u00e1radi \u00c9va, a Kassai \u00dati Magyar-Angol K\u00e9t Tan\u00edt\u00e1si Nyelv\u0171 \u00c1ltal\u00e1nos Iskola igazgat\u00f3ja.<\/p>\n<p>A parasportokat bemutat\u00f3 testnevel\u00e9s \u00f3r\u00e1t k\u00f6vet\u0151en N\u00e9meth Roland tartott rendhagy\u00f3 oszt\u00e1lyf\u0151n\u00f6ki \u00f3r\u00e1t. A fiatal \u00e9lsportol\u00f3 t\u00f6bbsz\u00f6r is ki\u00e9rdemelte az \u00e9v kerekessz\u00e9kes teniszez\u0151je c\u00edmet, illetve \u00d5 volt a 2016-os ri\u00f3i paralimpia egyetlen kerekessz\u00e9kes magyar teniszez\u0151je. Rolandot f\u0151k\u00e9nt a paralimpiai sz\u00e1mokr\u00f3l k\u00e9rdezt\u00e9k a gyerekek: teniszr\u0151l, \u00fasz\u00e1sr\u00f3l \u00e9s v\u00edv\u00e1sr\u00f3l is.<\/p>\n<p>A K\u0151r\u00f6si iskola di\u00e1kjai Juh\u00e1sz Veronik\u00e1val, a 2012-es londoni paralimpia ez\u00fcst\u00e9rmes v\u00edv\u00f3j\u00e1val besz\u00e9lgethettek sportr\u00f3l, p\u00e9ldak\u00e9pekr\u0151l, kitart\u00e1sr\u00f3l. Arra, hogyan tudja motiv\u00e1lni a gyerekeket, \u00edgy v\u00e1laszolt:<\/p>\n<p>-H\u00e1t, rem\u00e9lem ezzel a j\u00f3kedvvel, mert az\u00e9rt pr\u00f3b\u00e1ltam. \u00c9s az akarater\u0151, ami elvitt id\u00e1ig. Meg ugye, hogy ha valaki szereti a sportot  &#8211;   ahogy mondtam nekik is- hogy az Olimpia a c\u00e9l. Szerintem adtam az\u00e9rt b\u0151ven nekik energi\u00e1t ebb\u0151l.&#8221;<\/p>\n<p>Az orsz\u00e1ggy\u0171l\u00e9s a tavalyi \u00e9v december\u00e9ben elfogadta a kultur\u00e1lis bizotts\u00e1g \u00f6tp\u00e1rti kezdem\u00e9nyez\u00e9s\u00e9t. Ennek \u00e9rtelm\u00e9ben 2018-t\u00f3l minden \u00e9v febru\u00e1r 22-e a Magyar Parasport Napja.<br \/>\n<br \/>\n<div style=\"width: 640px;\" class=\"wp-video\"><!--[if lt IE 9]><script>document.createElement('video');<\/script><![endif]-->\n<video class=\"wp-video-shortcode\" id=\"video-8294-1\" width=\"640\" height=\"360\" preload=\"metadata\" controls=\"controls\"><source type=\"video\/mp4\" src=\"\/spots\/hir\/hir_180222_03.mp4?_=1\" \/><a href=\"\/spots\/hir\/hir_180222_03.mp4\">\/spots\/hir\/hir_180222_03.mp4<\/a><\/video><\/div><\/p>\n","protected":false},"excerpt":{"rendered":"<p>T\u00f6bb mint 400 k\u00f6znevel\u00e9si int\u00e9zm\u00e9ny csatlakozott orsz\u00e1gszerte a Magyar Paralimpiai Bizotts\u00e1g \u00e9s szervezetei \u00e1ltal koordin\u00e1lt Magyar Parasport Napja rendezv\u00e9nysorozathoz. Szolnok v\u00e1ros \u00f6nkorm\u00e1nyzata a Kassai \u00fati \u00e9s a K\u00f6r\u0151si iskol\u00e1t k\u00e9rte fel az esem\u00e9ny lebonyol\u00edt\u00e1s\u00e1ra. -A c\u00e9l az, hogy figyelj\u00fcnk a parasportra \u00e9s a parasportol\u00f3kra. \u00c9rz\u00e9kenyebben tekints\u00fcnk erre a vil\u00e1gra, ismerj\u00fck meg egy kicsit jobban az [&hellip;]<\/p>\n","protected":false},"author":2,"featured_media":0,"comment_status":"closed","ping_status":"closed","sticky":false,"template":"","format":"standard","meta":[],"categories":[9],"tags":[],"_links":{"self":[{"href":"http:\/\/archiv.szolnoktv.hu\/index.php?rest_route=\/wp\/v2\/posts\/8294"}],"collection":[{"href":"http:\/\/archiv.szolnoktv.hu\/index.php?rest_route=\/wp\/v2\/posts"}],"about":[{"href":"http:\/\/archiv.szolnoktv.hu\/index.php?rest_route=\/wp\/v2\/types\/post"}],"author":[{"embeddable":true,"href":"http:\/\/archiv.szolnoktv.hu\/index.php?rest_route=\/wp\/v2\/users\/2"}],"replies":[{"embeddable":true,"href":"http:\/\/archiv.szolnoktv.hu\/index.php?rest_route=%2Fwp%2Fv2%2Fcomments&post=8294"}],"version-history":[{"count":1,"href":"http:\/\/archiv.szolnoktv.hu\/index.php?rest_route=\/wp\/v2\/posts\/8294\/revisions"}],"predecessor-version":[{"id":8301,"href":"http:\/\/archiv.szolnoktv.hu\/index.php?rest_route=\/wp\/v2\/posts\/8294\/revisions\/8301"}],"wp:attachment":[{"href":"http:\/\/archiv.szolnoktv.hu\/index.php?rest_route=%2Fwp%2Fv2%2Fmedia&parent=8294"}],"wp:term":[{"taxonomy":"category","embeddable":true,"href":"http:\/\/archiv.szolnoktv.hu\/index.php?rest_route=%2Fwp%2Fv2%2Fcategories&post=8294"},{"taxonomy":"post_tag","embeddable":true,"href":"http:\/\/archiv.szolnoktv.hu\/index.php?rest_route=%2Fwp%2Fv2%2Ftags&post=8294"}],"curies":[{"name":"wp","href":"https:\/\/api.w.org\/{rel}","templated":true}]}}