{"id":8293,"date":"2018-02-22T17:05:48","date_gmt":"2018-02-22T17:05:48","guid":{"rendered":"http:\/\/archiv.szolnoktv.hu\/?p=8293"},"modified":"2021-08-13T18:56:11","modified_gmt":"2021-08-13T18:56:11","slug":"lepcsofok-a-kozepiskolasoknak","status":"publish","type":"post","link":"http:\/\/archiv.szolnoktv.hu\/?p=8293","title":{"rendered":"L\u00e9pcs\u0151fok a k\u00f6z\u00e9piskol\u00e1soknak"},"content":{"rendered":"<div class='booster-block booster-read-block'><\/div><p>\u00dcnnep\u00e9lyes keretek k\u00f6z\u00f6tt nyitotta meg kapuit a L\u00e9pcs\u0151fok Tanoda a Szolnoki Szolg\u00e1ltat\u00e1si SZC Ruhaipari K\u00f6z\u00e9piskol\u00e1ban. B\u00e1r Szolnokon ez a negyedik m\u0171k\u00f6d\u0151 tanoda, k\u00f6z\u00e9piskol\u00e1sokat megsz\u00f3l\u00edt\u00f3 programjait orsz\u00e1gos szinten is az els\u0151k k\u00f6z\u00f6tt tartj\u00e1k sz\u00e1mon. A projekt 30 h\u00e1tr\u00e1nyos helyzet\u0171 k\u00f6z\u00e9piskol\u00e1s tanul\u00f3nak ny\u00fajt sz\u00ednes programok \u00e9s felz\u00e1rk\u00f3z\u00e1si lehet\u0151s\u00e9get.<\/p>\n<p>-Alapvet\u0151en a tanoda ugye a tanul\u00e1sr\u00f3l sz\u00f3l, de ahhoz hogy sikeresek legyenek a gyerekek a k\u00f6z\u00e9piskol\u00e1ban sz\u00fcks\u00e9ges tanul\u00e1stechnik\u00e1t tan\u00edtani sz\u00e1mukra, sz\u00fcks\u00e9ges p\u00e1lyaszocializ\u00e1ci\u00f3val megismertetni a szakm\u00e1t vel\u00fck, \u00e9s nagyon fontos, hogy mindezt egy olyan csal\u00e1dias k\u00f6rnyezetben tegy\u00e9k, ahol \u00f6r\u00f6mmel tudnak tanulni.&#8221; &#8211; mondta Fodor Andrea, szakmai vezet\u0151.<\/p>\n<p>Szab\u00f3 Istv\u00e1n alpolg\u00e1rmester \u00fcnnepi megnyit\u00f3ja ut\u00e1n, Kalm\u00e1r Andrea, a Szolnoki Szolg\u00e1ltat\u00e1si Szakk\u00e9pz\u00e9si Centrum f\u0151igazgat\u00f3ja besz\u00e9lt -Az iskola \u00e9rdemes tanul\u00f3j\u00e1\u00e9rt&#8221; Alap\u00edtv\u00e1ny megalakul\u00e1s\u00e1r\u00f3l \u00e9s a tanoda projekt fontoss\u00e1g\u00e1r\u00f3l. A \u00fcnneps\u00e9get a tanoda tanul\u00f3inak m\u0171sora sz\u00ednes\u00edtett\u00e9k. <\/p>\n<p>-Fogj k\u00e9zen ha b\u00e1rhol j\u00e1tszom, vagy hozz\u00e1d indulva \u00f6lt\u00f6z\u00f6m, de ahogy tenn\u00e9m ezt p\u00e1rszor m\u00e1shova vinne az \u00f6szt\u00f6n\u00f6m. Legy\u00e9l mindig biztat\u00f3 t\u00e1rsam ha l\u00e1tod, hogy mag\u00e1nyos vagyok, benned az \u00f6lel\u0151 any\u00e1t l\u00e1ssam, ha r\u00f3lam vit\u00e1znak a nagyok. Te mindig \u00e1tl\u00e1tsz rajtam, de \u00e9n m\u00e9gis t\u00fckr\u00f6d vagyok. Nem k\u00e9rtem, amit t\u0151led kaptam, de amit adt\u00e1l, bennem az ragyog.&#8221; &#8211; szavalta Czak\u00f3 Ilona, a Sipos Orb\u00e1n Szakk\u00e9pz\u0151 Iskola tanul\u00f3ja, P\u0151d\u00f6r Gy\u00f6rgy  &#8211;   Apokrif \u00fczenet egy kisfi\u00faszavaival c\u00edm\u0171 vers\u00e9t.<\/p>\n<p>A programok f\u0151helysz\u00edne a megnyit\u00f3nak helyet ad\u00f3 RISZI, valamint kisebb r\u00e9szben a Szolnoki Szolg\u00e1ltat\u00e1si SZC Sipos Orb\u00e1n Szakk\u00e9pz\u0151 Iskol\u00e1ja \u00e9s Koll\u00e9giuma. A projektet k\u00e9t \u00e9vig t\u00e1mogatja a p\u00e1ly\u00e1zat, de rem\u00e9lik, hogy ut\u00e1na normat\u00edv jelleggel tov\u00e1bb folytathatj\u00e1k a tanoda m\u0171k\u00f6d\u00e9s\u00e9t \u00e9s t\u00f6bb csoportot is kialak\u00edthatnak.<br \/>\n<br \/>\n<div style=\"width: 640px;\" class=\"wp-video\"><!--[if lt IE 9]><script>document.createElement('video');<\/script><![endif]-->\n<video class=\"wp-video-shortcode\" id=\"video-8293-1\" width=\"640\" height=\"360\" preload=\"metadata\" controls=\"controls\"><source type=\"video\/mp4\" src=\"\/spots\/hir\/hir_180222_01.mp4?_=1\" \/><a href=\"\/spots\/hir\/hir_180222_01.mp4\">\/spots\/hir\/hir_180222_01.mp4<\/a><\/video><\/div><\/p>\n","protected":false},"excerpt":{"rendered":"<p>\u00dcnnep\u00e9lyes keretek k\u00f6z\u00f6tt nyitotta meg kapuit a L\u00e9pcs\u0151fok Tanoda a Szolnoki Szolg\u00e1ltat\u00e1si SZC Ruhaipari K\u00f6z\u00e9piskol\u00e1ban. B\u00e1r Szolnokon ez a negyedik m\u0171k\u00f6d\u0151 tanoda, k\u00f6z\u00e9piskol\u00e1sokat megsz\u00f3l\u00edt\u00f3 programjait orsz\u00e1gos szinten is az els\u0151k k\u00f6z\u00f6tt tartj\u00e1k sz\u00e1mon. A projekt 30 h\u00e1tr\u00e1nyos helyzet\u0171 k\u00f6z\u00e9piskol\u00e1s tanul\u00f3nak ny\u00fajt sz\u00ednes programok \u00e9s felz\u00e1rk\u00f3z\u00e1si lehet\u0151s\u00e9get. -Alapvet\u0151en a tanoda ugye a tanul\u00e1sr\u00f3l sz\u00f3l, de ahhoz [&hellip;]<\/p>\n","protected":false},"author":2,"featured_media":0,"comment_status":"closed","ping_status":"closed","sticky":false,"template":"","format":"standard","meta":[],"categories":[9],"tags":[],"_links":{"self":[{"href":"http:\/\/archiv.szolnoktv.hu\/index.php?rest_route=\/wp\/v2\/posts\/8293"}],"collection":[{"href":"http:\/\/archiv.szolnoktv.hu\/index.php?rest_route=\/wp\/v2\/posts"}],"about":[{"href":"http:\/\/archiv.szolnoktv.hu\/index.php?rest_route=\/wp\/v2\/types\/post"}],"author":[{"embeddable":true,"href":"http:\/\/archiv.szolnoktv.hu\/index.php?rest_route=\/wp\/v2\/users\/2"}],"replies":[{"embeddable":true,"href":"http:\/\/archiv.szolnoktv.hu\/index.php?rest_route=%2Fwp%2Fv2%2Fcomments&post=8293"}],"version-history":[{"count":1,"href":"http:\/\/archiv.szolnoktv.hu\/index.php?rest_route=\/wp\/v2\/posts\/8293\/revisions"}],"predecessor-version":[{"id":8302,"href":"http:\/\/archiv.szolnoktv.hu\/index.php?rest_route=\/wp\/v2\/posts\/8293\/revisions\/8302"}],"wp:attachment":[{"href":"http:\/\/archiv.szolnoktv.hu\/index.php?rest_route=%2Fwp%2Fv2%2Fmedia&parent=8293"}],"wp:term":[{"taxonomy":"category","embeddable":true,"href":"http:\/\/archiv.szolnoktv.hu\/index.php?rest_route=%2Fwp%2Fv2%2Fcategories&post=8293"},{"taxonomy":"post_tag","embeddable":true,"href":"http:\/\/archiv.szolnoktv.hu\/index.php?rest_route=%2Fwp%2Fv2%2Ftags&post=8293"}],"curies":[{"name":"wp","href":"https:\/\/api.w.org\/{rel}","templated":true}]}}