{"id":8292,"date":"2018-02-22T17:01:53","date_gmt":"2018-02-22T17:01:53","guid":{"rendered":"http:\/\/archiv.szolnoktv.hu\/?p=8292"},"modified":"2021-08-13T18:56:12","modified_gmt":"2021-08-13T18:56:12","slug":"jatekkincstar-bemutato-a-kozgeben","status":"publish","type":"post","link":"http:\/\/archiv.szolnoktv.hu\/?p=8292","title":{"rendered":"J\u00e1t\u00e9kkincst\u00e1r bemutat\u00f3 a K\u00f6zg\u00e9ben"},"content":{"rendered":"<div class='booster-block booster-read-block'><\/div><p>Szolnoki \u00e1llom\u00e1s\u00e1ra \u00e9rkezett a Magyar \u00c1llamkincst\u00e1r roadshowja.  A V\u00e1s\u00e1rhelyi P\u00e1l K\u00f6zgazdas\u00e1gi, Eg\u00e9szs\u00e9g\u00fcgyi \u00e9s Idegenforgalmi K\u00e9t Tan\u00edt\u00e1si Nyelv\u0171 Szakk\u00e9pz\u0151 Iskol\u00e1ban mutatt\u00e1k ma be a J\u00e1t\u00e9kkincst\u00e1r okostelefonos applik\u00e1ci\u00f3t.  <\/p>\n<p>Az applik\u00e1ci\u00f3t a Magyar \u00c1llamkincst\u00e1r  p\u00e9nzforgalmi eln\u00f6khelyettese mutatta be a di\u00e1koknak.  A J\u00e1t\u00e9kkincst\u00e1r a p\u00e9nz\u00fcgyi \u00e9s megtakar\u00edt\u00e1si ismereteket c\u00e9lzott, j\u00e1t\u00e9kos form\u00e1ban b\u0151v\u00edti, \u00edgy hozz\u00e1j\u00e1rul a tudatosabb p\u00e9nz\u00fcgyi \u00e9s befektet\u00e9si kult\u00far\u00e1hoz. <\/p>\n<p>  -A c\u00e9lja azon t\u00fal, hogy a Magyar \u00c1llamkincst\u00e1r szolg\u00e1ltat\u00e1saihoz k\u00f6t\u0151d\u0151 J\u00e1t\u00e9kkincst\u00e1r alkalmaz\u00e1st bemutassuk, az az, hogy enn\u00e9l a fiatal gener\u00e1ci\u00f3n\u00e1l felh\u00edvjuk a figyelmet a p\u00e9nz\u00fcgyi tudatoss\u00e1g fontoss\u00e1g\u00e1ra, a p\u00e9nz\u00fcgyi ismeretek b\u0151v\u00edt\u00e9s\u00e9nek jelent\u0151s\u00e9g\u00e9re.&#8221; &#8211; mondta Balatoni Ildik\u00f3.  <\/p>\n<p>Ritk\u00e1n l\u00e1tni a fiatalokat mobiltelefon n\u00e9lk\u00fcl  &#8211;   mondja Moh\u00e1csi Csilla, tagint\u00e9zm\u00e9ny-vezet\u0151 .Az a c\u00e9l, hogy az eszk\u00f6z\u00f6ket ne csak sz\u00f3rakoz\u00e1sra haszn\u00e1lj\u00e1k. <\/p>\n<p>-Ak\u00e1r akarjuk, ak\u00e1r nem, ak\u00e1r tiltani akarjuk, ak\u00e1r nem, az \u0151 \u00e9let\u00fck r\u00e9sze. Ink\u00e1bb azokat a lehet\u0151s\u00e9geket \u00e9s pedag\u00f3giai m\u00f3dszereket keress\u00fck, hogy hogyan lehet okosan haszn\u00e1lni ezeket a mobil alkalmaz\u00e1sokat.&#8221; <\/p>\n<p> A J\u00e1t\u00e9Kincst\u00e1r felhaszn\u00e1l\u00f3k, a\u00a0-Gyors j\u00e1t\u00e9k&#8221;\u00a0\u00e9s a\u00a0-K\u00fcldet\u00e9s j\u00e1t\u00e9k&#8221;\u00a0j\u00e1t\u00e9km\u00f3dok k\u00f6z\u00fcl v\u00e1laszthatnak. A di\u00e1kok \u00e9rdekl\u0151d\u00e9ssel fogadt\u00e1k a sz\u00e1mukra eddig ismeretlen applik\u00e1ci\u00f3t, b\u00e1r tanul\u00e1sra nem sokan haszn\u00e1lj\u00e1k m\u00e9g telefonukat. <\/p>\n<p>A rendhagy\u00f3 oszt\u00e1lyf\u0151n\u00f6ki \u00f3r\u00e1n csapatversenyt is tartottak, a legjobbak oklevelet \u00e9s aj\u00e1nd\u00e9kot kaptak. A Mobilkincst\u00e1r alkalmaz\u00e1s d\u00edjmentesen let\u00f6lthet\u0151.<br \/>\n<br \/>\n<div style=\"width: 640px;\" class=\"wp-video\"><!--[if lt IE 9]><script>document.createElement('video');<\/script><![endif]-->\n<video class=\"wp-video-shortcode\" id=\"video-8292-1\" width=\"640\" height=\"360\" preload=\"metadata\" controls=\"controls\"><source type=\"video\/mp4\" src=\"\/spots\/hir\/hir_180222_05.mp4?_=1\" \/><a href=\"\/spots\/hir\/hir_180222_05.mp4\">\/spots\/hir\/hir_180222_05.mp4<\/a><\/video><\/div><\/p>\n","protected":false},"excerpt":{"rendered":"<p>Szolnoki \u00e1llom\u00e1s\u00e1ra \u00e9rkezett a Magyar \u00c1llamkincst\u00e1r roadshowja. A V\u00e1s\u00e1rhelyi P\u00e1l K\u00f6zgazdas\u00e1gi, Eg\u00e9szs\u00e9g\u00fcgyi \u00e9s Idegenforgalmi K\u00e9t Tan\u00edt\u00e1si Nyelv\u0171 Szakk\u00e9pz\u0151 Iskol\u00e1ban mutatt\u00e1k ma be a J\u00e1t\u00e9kkincst\u00e1r okostelefonos applik\u00e1ci\u00f3t. Az applik\u00e1ci\u00f3t a Magyar \u00c1llamkincst\u00e1r p\u00e9nzforgalmi eln\u00f6khelyettese mutatta be a di\u00e1koknak. A J\u00e1t\u00e9kkincst\u00e1r a p\u00e9nz\u00fcgyi \u00e9s megtakar\u00edt\u00e1si ismereteket c\u00e9lzott, j\u00e1t\u00e9kos form\u00e1ban b\u0151v\u00edti, \u00edgy hozz\u00e1j\u00e1rul a tudatosabb p\u00e9nz\u00fcgyi \u00e9s befektet\u00e9si [&hellip;]<\/p>\n","protected":false},"author":2,"featured_media":0,"comment_status":"closed","ping_status":"closed","sticky":false,"template":"","format":"standard","meta":[],"categories":[9],"tags":[],"_links":{"self":[{"href":"http:\/\/archiv.szolnoktv.hu\/index.php?rest_route=\/wp\/v2\/posts\/8292"}],"collection":[{"href":"http:\/\/archiv.szolnoktv.hu\/index.php?rest_route=\/wp\/v2\/posts"}],"about":[{"href":"http:\/\/archiv.szolnoktv.hu\/index.php?rest_route=\/wp\/v2\/types\/post"}],"author":[{"embeddable":true,"href":"http:\/\/archiv.szolnoktv.hu\/index.php?rest_route=\/wp\/v2\/users\/2"}],"replies":[{"embeddable":true,"href":"http:\/\/archiv.szolnoktv.hu\/index.php?rest_route=%2Fwp%2Fv2%2Fcomments&post=8292"}],"version-history":[{"count":1,"href":"http:\/\/archiv.szolnoktv.hu\/index.php?rest_route=\/wp\/v2\/posts\/8292\/revisions"}],"predecessor-version":[{"id":8303,"href":"http:\/\/archiv.szolnoktv.hu\/index.php?rest_route=\/wp\/v2\/posts\/8292\/revisions\/8303"}],"wp:attachment":[{"href":"http:\/\/archiv.szolnoktv.hu\/index.php?rest_route=%2Fwp%2Fv2%2Fmedia&parent=8292"}],"wp:term":[{"taxonomy":"category","embeddable":true,"href":"http:\/\/archiv.szolnoktv.hu\/index.php?rest_route=%2Fwp%2Fv2%2Fcategories&post=8292"},{"taxonomy":"post_tag","embeddable":true,"href":"http:\/\/archiv.szolnoktv.hu\/index.php?rest_route=%2Fwp%2Fv2%2Ftags&post=8292"}],"curies":[{"name":"wp","href":"https:\/\/api.w.org\/{rel}","templated":true}]}}