{"id":8291,"date":"2018-02-22T16:55:36","date_gmt":"2018-02-22T16:55:36","guid":{"rendered":"http:\/\/archiv.szolnoktv.hu\/?p=8291"},"modified":"2021-08-13T18:56:12","modified_gmt":"2021-08-13T18:56:12","slug":"lezarult-az-adamok-es-evak","status":"publish","type":"post","link":"http:\/\/archiv.szolnoktv.hu\/?p=8291","title":{"rendered":"Lez\u00e1rult az \u00c1d\u00e1mok \u00e9s \u00c9v\u00e1k"},"content":{"rendered":"<div class='booster-block booster-read-block'><\/div><p>A 9. \u00c1d\u00e1mok \u00e9s \u00c9v\u00e1k \u00fcnnep\u00e9n 15 iskola vett r\u00e9szt, k\u00f6z\u00e9piskol\u00e1sok \u00e9s most el\u0151sz\u00f6r \u00e1ltal\u00e1nos iskol\u00e1sok is egyar\u00e1nt megmutatt\u00e1k tehets\u00e9g\u00fcket, mind sz\u00ednj\u00e1t\u00e9kban, mind pedig a rendez\u00e9s ter\u00e9n. <\/p>\n<p>A di\u00e1kok nem riadtak vissza a neh\u00e9zs\u00e9gekt\u0151l sem. B\u00e1tran ny\u00faltak J\u00f3zsef Attila neh\u00e9z versk\u00e9peihez is. Sokan nem el\u0151sz\u00f6r vettek r\u00e9szt ezen a megm\u00e9rettet\u00e9sen.<\/p>\n<p>-Nek\u00fcnk ez m\u00e1r a m\u00e1sodik alkalom, mind a kett\u0151nknek, hogy itt lehet\u00fcnk, mindig nagyon j\u00f3l \u00e9rezz\u00fck magunkat, nagyon szeretj\u00fck csin\u00e1lni.&#8221; &#8211; mes\u00e9lte Horv\u00e1th Gerda, a Tiszaparti R\u00f3mai Katolikus \u00c1ltal\u00e1nos Iskola \u00e9s Gimn\u00e1zium di\u00e1kja.<\/p>\n<p>M\u00e1r a pr\u00f3b\u00e1kat is nagyon \u00e9lvezt\u00e9k a fiatalok, de a sz\u00ednpad, a sz\u00ednh\u00e1z, a n\u00e9z\u0151k \u00e9s a \u00e9l\u0151 el\u0151ad\u00e1s elvar\u00e1zsolt\u00e1k \u0151ket. <\/p>\n<p>-Nagyon j\u00f3 \u00e9lm\u00e9ny volt, rem\u00e9lem, hogy k\u00f6vetkez\u0151nek is fogunk j\u00f6nni, mert akkor m\u00e1r rem\u00e9lem v\u00e1llalok sz\u00f6veget is, sz\u00f3val nekem nagyon j\u00f3 volt \u00e9s felk\u00e9sz\u00fcl\u00e9s is nagyon j\u00f3 volt, mert olyan tagokat ismertem meg, akiket eddig k\u00f6zelebbr\u0151l nem ismerhettem meg, ez\u00e9rt szerintem j\u00f3l \u00f6sszekov\u00e1csol\u00f3dott a csapat is \u00e9s kev\u00e9s id\u0151n bel\u0151le, de nagyon j\u00f3l fel tudtunk k\u00e9sz\u00fclni.&#8221; P\u00e9terfy Petra, a Hajn\u00f3czy J\u00f3zsef Gimn\u00e1zium \u00e9s Szakk\u00f6z\u00e9piskola tanul\u00f3ja.<\/p>\n<p>-Nekem az egy nagyon nagy \u00e9lm\u00e9ny, hogy fell\u00e9phetek itt a sz\u00ednh\u00e1zban, mert egy kicsit \u00e1t\u00e9lhetem a sz\u00edn\u00e9szeknek az \u00e9let\u00e9t \u00e9s amikor bel\u00e9psz az sz\u00ednpadra az egy felemel\u0151 \u00e9rz\u00e9s \u00e9s \u00e9n nagyon szeretem.&#8221;- eml\u00e9kezett vissza Hellvig Liza is, aki a Tiszaparti R\u00f3mai Katolikus \u00c1ltal\u00e1nos Iskola \u00e9s Gimn\u00e1zium el\u0151ad\u00e1s\u00e1ban szerepelt.<\/p>\n<p>A Magiszter k\u00fcl\u00f6n\u00f6s, elgondolkodtat\u00f3 Ki a macska? c\u00edm\u0171 sz\u00ednj\u00e1t\u00e9k\u00e1val leny\u0171g\u00f6zt\u00e9k a zs\u0171rit. Id\u00e9n \u0151k vihett\u00e9k el a legjobbnak j\u00e1r\u00f3 el\u0151ad\u00e1s d\u00edj\u00e1t. Emellett hat fiatalt egy\u00e9nileg is kiemeltek a tehets\u00e9g\u00fck miatt. A gy\u0151ztesek list\u00e1j\u00e1t megtal\u00e1lhatj\u00e1k a Szolnok Telev\u00edzi\u00f3 honlapj\u00e1n.<\/p>\n<p>K\u00fcl\u00f6nd\u00edjazottak:<\/p>\n<p>A legszebben besz\u00e9l\u0151 l\u00e1ny: Makai Anna (Sz\u00e9ch\u00e9nyi K\u00f6r\u00fati Sportiskolai \u00c1ltal\u00e1nos Iskola \u00e9s AMI)<\/p>\n<p>A legszebben besz\u00e9l\u0151 fi\u00fa: Horv\u00e1th \u00c1bel Oliv\u00e9r (Tiszaparti R\u00f3mai Katolikus \u00c1ltal\u00e1nos Iskola \u00e9s Gimn\u00e1zium)<\/p>\n<p>A legjobb n\u0151i epiz\u00f3dszerepl\u0151: Mester Bogl\u00e1rka (Aranyos Szeglet Waldorf Iskola)<\/p>\n<p>A legjobb f\u00e9rfi epiz\u00f3dszerepl\u0151: Vona B\u00e1lint (Kassai \u00dati Magyar-Angol K\u00e9t Tan. Nyelv\u0171 Iskola 7.b oszt\u00e1lyos Te\u00e1trumos csoportja)<\/p>\n<p>A leg\u00fcgyesebb l\u00e1ny: V\u00e1li L\u00edvia (Szolnoki M\u0171szaki SZC P\u00e1lfy-V\u00edz\u00fcgyi Szakgimn\u00e1zium)<\/p>\n<p>A leg\u00fcgyesebb fi\u00fa: Pog\u00e1ny Domokos (Magiszter Alap\u00edtv\u00e1ny, Szolnoki F\u00e9nyes Adolf Gimn\u00e1zium, Szakgimn\u00e1zium \u00e9s Alapfok\u00fa M\u0171v\u00e9szeti Iskol\u00e1ja)<br \/>\n<br \/>\n<div style=\"width: 640px;\" class=\"wp-video\"><!--[if lt IE 9]><script>document.createElement('video');<\/script><![endif]-->\n<video class=\"wp-video-shortcode\" id=\"video-8291-1\" width=\"640\" height=\"360\" preload=\"metadata\" controls=\"controls\"><source type=\"video\/mp4\" src=\"\/spots\/hir\/hir_180222_04.mp4?_=1\" \/><a href=\"\/spots\/hir\/hir_180222_04.mp4\">\/spots\/hir\/hir_180222_04.mp4<\/a><\/video><\/div><\/p>\n","protected":false},"excerpt":{"rendered":"<p>A 9. \u00c1d\u00e1mok \u00e9s \u00c9v\u00e1k \u00fcnnep\u00e9n 15 iskola vett r\u00e9szt, k\u00f6z\u00e9piskol\u00e1sok \u00e9s most el\u0151sz\u00f6r \u00e1ltal\u00e1nos iskol\u00e1sok is egyar\u00e1nt megmutatt\u00e1k tehets\u00e9g\u00fcket, mind sz\u00ednj\u00e1t\u00e9kban, mind pedig a rendez\u00e9s ter\u00e9n. A di\u00e1kok nem riadtak vissza a neh\u00e9zs\u00e9gekt\u0151l sem. B\u00e1tran ny\u00faltak J\u00f3zsef Attila neh\u00e9z versk\u00e9peihez is. Sokan nem el\u0151sz\u00f6r vettek r\u00e9szt ezen a megm\u00e9rettet\u00e9sen. -Nek\u00fcnk ez m\u00e1r a m\u00e1sodik [&hellip;]<\/p>\n","protected":false},"author":2,"featured_media":0,"comment_status":"closed","ping_status":"closed","sticky":false,"template":"","format":"standard","meta":[],"categories":[9],"tags":[],"_links":{"self":[{"href":"http:\/\/archiv.szolnoktv.hu\/index.php?rest_route=\/wp\/v2\/posts\/8291"}],"collection":[{"href":"http:\/\/archiv.szolnoktv.hu\/index.php?rest_route=\/wp\/v2\/posts"}],"about":[{"href":"http:\/\/archiv.szolnoktv.hu\/index.php?rest_route=\/wp\/v2\/types\/post"}],"author":[{"embeddable":true,"href":"http:\/\/archiv.szolnoktv.hu\/index.php?rest_route=\/wp\/v2\/users\/2"}],"replies":[{"embeddable":true,"href":"http:\/\/archiv.szolnoktv.hu\/index.php?rest_route=%2Fwp%2Fv2%2Fcomments&post=8291"}],"version-history":[{"count":1,"href":"http:\/\/archiv.szolnoktv.hu\/index.php?rest_route=\/wp\/v2\/posts\/8291\/revisions"}],"predecessor-version":[{"id":8304,"href":"http:\/\/archiv.szolnoktv.hu\/index.php?rest_route=\/wp\/v2\/posts\/8291\/revisions\/8304"}],"wp:attachment":[{"href":"http:\/\/archiv.szolnoktv.hu\/index.php?rest_route=%2Fwp%2Fv2%2Fmedia&parent=8291"}],"wp:term":[{"taxonomy":"category","embeddable":true,"href":"http:\/\/archiv.szolnoktv.hu\/index.php?rest_route=%2Fwp%2Fv2%2Fcategories&post=8291"},{"taxonomy":"post_tag","embeddable":true,"href":"http:\/\/archiv.szolnoktv.hu\/index.php?rest_route=%2Fwp%2Fv2%2Ftags&post=8291"}],"curies":[{"name":"wp","href":"https:\/\/api.w.org\/{rel}","templated":true}]}}