{"id":8290,"date":"2018-02-22T16:44:08","date_gmt":"2018-02-22T16:44:08","guid":{"rendered":"http:\/\/archiv.szolnoktv.hu\/?p=8290"},"modified":"2021-08-13T18:56:12","modified_gmt":"2021-08-13T18:56:12","slug":"hasznalati-eszkozoket-kaptak-a-vakok","status":"publish","type":"post","link":"http:\/\/archiv.szolnoktv.hu\/?p=8290","title":{"rendered":"Haszn\u00e1lati eszk\u00f6z\u00f6ket kaptak a vakok"},"content":{"rendered":"<div class='booster-block booster-read-block'><\/div><p>Ez a besz\u00e9l\u0151 v\u00e9rnyom\u00e1sm\u00e9r\u0151 seg\u00edti a vakok \u00e9s gyeng\u00e9nl\u00e1t\u00f3k \u00e9let\u00e9t. A k\u00e9sz\u00fcl\u00e9ket a Szolnok Telev\u00edzi\u00f3 kar\u00e1csonyi j\u00f3t\u00e9konys\u00e1gi m\u0171sora kapcs\u00e1n \u00e9rkezett adom\u00e1nyokb\u00f3l v\u00e1s\u00e1rolt\u00e1k. <\/p>\n<p>Pesti Zolt\u00e1nn\u00e9 eln\u00f6k Vakok \u00e9s Gyeng\u00e9nl\u00e1t\u00f3k JNSZ Megyei Egyes\u00fclete: <\/p>\n<p>-&#8220;Nagyon \u00f6r\u00fclt\u00fcnk neki, hogy ilyen megtiszteltet\u00e9s \u00e9rt benn\u00fcnket. Egy\u00e9bk\u00e9nt nagyon n\u00e9pszer\u0171 a m\u0171sor, mer megosztottuk a k\u00f6z\u00f6ss\u00e9gi oldalunkon , m\u00e1r t\u00f6bben t\u00f6bbsz\u00f6r visszan\u00e9zt\u00e9k , teh\u00e1t m\u00e1r ilyen szempontb\u00f3l is nagyon sikeres volta  dolog. 145 ezer forint gy\u0171lt \u00f6ssze k\u00f6zvetlen\u00fcl  a m\u0171sornak k\u00f6sz\u00f6nhet\u0151en, illetve  volt egy c\u00e9g aki ut\u00f3lag hallott r\u00f3la, \u00e9s m\u00e9g t\u0151l\u00fck 300 ezer forint \u00e9rkezett. &#8211;<\/p>\n<p> Az egyes\u00fcletnek els\u0151sorban besz\u00e9l\u0151 \u00e9s tapinthat\u00f3 eszk\u00f6z\u00f6kre volt sz\u00fcks\u00e9ge. Besz\u00e9l\u0151 v\u00e9rnyom\u00e1s- \u00e9s v\u00e9rcukorszintm\u00e9r\u0151 , konyhai m\u00e9rleg \u00e9s teleszk\u00f3pos feh\u00e9r bot is  seg\u00edti mindennapjaikat. <\/p>\n<p> Pog\u00e1ny Attila vez\u00e9rigazgat\u00f3-f\u0151szerkeszt\u0151  Szolnok Telev\u00edzi\u00f3 Zrt. : <\/p>\n<p>-&#8220;Egy saj\u00e1t kezdem\u00e9nyez\u00e9s volt  \u00e9s ebben partnerre tal\u00e1ltunk egy egyes\u00fclet szem\u00e9ly\u00e9ben, nagy \u00f6r\u00f6m\u00f6mre szolg\u00e1lt, hogy mind a m\u0171sor nagy sikert aratott, \u00e9s az \u00f6sszegy\u0171lt adom\u00e1nyok is csaknem f\u00e9l milli\u00f3 forintot tesznek ki , \u00edgy a m\u0171sor ez\u00e1ltal el\u00e9rte c\u00e9lj\u00e1t. &#8211;<\/p>\n<p>Pesti Zolt\u00e1nn\u00e9 eln\u00f6k Vakok \u00e9s Gyeng\u00e9nl\u00e1t\u00f3k JNSZ Megyei Egyes\u00fclete: <\/p>\n<p>-&#8220;Ezeket az eszk\u00f6z\u00f6ket a Hild Viktor \u00fati elemi rehabilit\u00e1ci\u00f3s k\u00f6zpontban  fogj\u00e1k tudni ig\u00e9nybe venni azok akik ki szeretn\u00e9k k\u00f6lcs\u00f6n\u00f6zni, illetve lehet\u0151s\u00e9get szeretn\u00e9nk biztos\u00edtani a szakmai munkat\u00e1rsakon kereszt\u00fcl, hogy az eszk\u00f6z\u00f6ket megismerhess\u00e9k, kipr\u00f3b\u00e1lhatj\u00e1k. &#8211;<\/p>\n<p>Az \u00fajabb fejleszt\u00e9s tov\u00e1bb k\u00f6nny\u00edti a tagok h\u00e9tk\u00f6znapi tev\u00e9kenys\u00e9geit. Ig\u00e9ny eset\u00e9n pedig  az egyes\u00fclet seg\u00edt az eszk\u00f6z\u00f6k megv\u00e1s\u00e1rl\u00e1s\u00e1ban is. <\/p>\n<div style=\"width: 640px;\" class=\"wp-video\"><!--[if lt IE 9]><script>document.createElement('video');<\/script><![endif]-->\n<video class=\"wp-video-shortcode\" id=\"video-8290-1\" width=\"640\" height=\"360\" preload=\"metadata\" controls=\"controls\"><source type=\"video\/mp4\" src=\"\/spots\/hir\/hir_180220_01.mp4?_=1\" \/><a href=\"\/spots\/hir\/hir_180220_01.mp4\">\/spots\/hir\/hir_180220_01.mp4<\/a><\/video><\/div>\n","protected":false},"excerpt":{"rendered":"<p>Ez a besz\u00e9l\u0151 v\u00e9rnyom\u00e1sm\u00e9r\u0151 seg\u00edti a vakok \u00e9s gyeng\u00e9nl\u00e1t\u00f3k \u00e9let\u00e9t. A k\u00e9sz\u00fcl\u00e9ket a Szolnok Telev\u00edzi\u00f3 kar\u00e1csonyi j\u00f3t\u00e9konys\u00e1gi m\u0171sora kapcs\u00e1n \u00e9rkezett adom\u00e1nyokb\u00f3l v\u00e1s\u00e1rolt\u00e1k. Pesti Zolt\u00e1nn\u00e9 eln\u00f6k Vakok \u00e9s Gyeng\u00e9nl\u00e1t\u00f3k JNSZ Megyei Egyes\u00fclete: -&#8220;Nagyon \u00f6r\u00fclt\u00fcnk neki, hogy ilyen megtiszteltet\u00e9s \u00e9rt benn\u00fcnket. Egy\u00e9bk\u00e9nt nagyon n\u00e9pszer\u0171 a m\u0171sor, mer megosztottuk a k\u00f6z\u00f6ss\u00e9gi oldalunkon , m\u00e1r t\u00f6bben t\u00f6bbsz\u00f6r visszan\u00e9zt\u00e9k , [&hellip;]<\/p>\n","protected":false},"author":2,"featured_media":0,"comment_status":"closed","ping_status":"closed","sticky":false,"template":"","format":"standard","meta":[],"categories":[9],"tags":[],"_links":{"self":[{"href":"http:\/\/archiv.szolnoktv.hu\/index.php?rest_route=\/wp\/v2\/posts\/8290"}],"collection":[{"href":"http:\/\/archiv.szolnoktv.hu\/index.php?rest_route=\/wp\/v2\/posts"}],"about":[{"href":"http:\/\/archiv.szolnoktv.hu\/index.php?rest_route=\/wp\/v2\/types\/post"}],"author":[{"embeddable":true,"href":"http:\/\/archiv.szolnoktv.hu\/index.php?rest_route=\/wp\/v2\/users\/2"}],"replies":[{"embeddable":true,"href":"http:\/\/archiv.szolnoktv.hu\/index.php?rest_route=%2Fwp%2Fv2%2Fcomments&post=8290"}],"version-history":[{"count":1,"href":"http:\/\/archiv.szolnoktv.hu\/index.php?rest_route=\/wp\/v2\/posts\/8290\/revisions"}],"predecessor-version":[{"id":8305,"href":"http:\/\/archiv.szolnoktv.hu\/index.php?rest_route=\/wp\/v2\/posts\/8290\/revisions\/8305"}],"wp:attachment":[{"href":"http:\/\/archiv.szolnoktv.hu\/index.php?rest_route=%2Fwp%2Fv2%2Fmedia&parent=8290"}],"wp:term":[{"taxonomy":"category","embeddable":true,"href":"http:\/\/archiv.szolnoktv.hu\/index.php?rest_route=%2Fwp%2Fv2%2Fcategories&post=8290"},{"taxonomy":"post_tag","embeddable":true,"href":"http:\/\/archiv.szolnoktv.hu\/index.php?rest_route=%2Fwp%2Fv2%2Ftags&post=8290"}],"curies":[{"name":"wp","href":"https:\/\/api.w.org\/{rel}","templated":true}]}}