{"id":8289,"date":"2018-02-21T18:14:05","date_gmt":"2018-02-21T18:14:05","guid":{"rendered":"http:\/\/archiv.szolnoktv.hu\/?p=8289"},"modified":"2021-08-13T18:56:12","modified_gmt":"2021-08-13T18:56:12","slug":"mszp-sajtotajekoztato-6","status":"publish","type":"post","link":"http:\/\/archiv.szolnoktv.hu\/?p=8289","title":{"rendered":"MSZP sajt\u00f3t\u00e1j\u00e9koztat\u00f3"},"content":{"rendered":"<div class='booster-block booster-read-block'><\/div><p>-Szoci\u00e1lis demokr\u00e1cia&#8221; programmal seg\u00edtene az embereken az MSZP-P\u00e1rbesz\u00e9d. Vissza\u00e1ll\u00edtan\u00e1k a minim\u00e1lb\u00e9r ad\u00f3mentess\u00e9g\u00e9t, hogy az ad\u00f3t is a dolgoz\u00f3k kapj\u00e1k. K\u00e9tszeres\u00e9re emeln\u00e9k a minim\u00e1lnyugd\u00edjakat \u00e9s a szoci\u00e1lis t\u00e1mogat\u00e1sok \u00f6sszeg\u00e9t. 400 \u00faj szoci\u00e1lis b\u00e9rlak\u00e1st \u00e9p\u00edten\u00e9nek, \u00edgy seg\u00edtve a fiatal kisgyermekes csal\u00e1dokat. <\/p>\n<p> -Azonnal 30 sz\u00e1zal\u00e9kkal emelj\u00fck a szoci\u00e1lis szf\u00e9ra \u00e9s az eg\u00e9szs\u00e9g\u00fcgyi dolgoz\u00f3k fizet\u00e9s\u00e9t. Valamint k\u00fcl\u00f6n szeretn\u00e9k m\u00e9g sz\u00f3lni a nyugd\u00edjasokhoz, k\u00fcl\u00f6n nyugd\u00edj-felz\u00e1rk\u00f3ztat\u00f3 programot ind\u00edtunk, k\u00fcl\u00f6n\u00f6sen azokra val\u00f3 tekintettel, akik 100 ezer forintn\u00e1l kisebb nyugd\u00edjat kapnak.&#8221; &#8211; mondta Gy\u00f6rfi Mih\u00e1ly. <\/p>\n<p> M\u00e1sik fontos v\u00e1llal\u00e1sa a p\u00e1rtsz\u00f6vets\u00e9gnek a rokkant ell\u00e1t\u00e1s rendszer\u00e9nek reform\u00e1l\u00e1sa, melyb\u0151l sokan indokolatlanul ker\u00fcltek ki, vagy estek nem megfelel\u0151 besorol\u00e1s al\u00e1. Ez a probl\u00e9ma Szolnokon is sokakat \u00e9rint. B\u00e1r a v\u00e1rost nem ez, hanem az Elios botr\u00e1ny tette h\u00edress\u00e9  &#8211; vette \u00e1t a sz\u00f3t Moln\u00e1r Zsolt orsz\u00e1ggy\u0171l\u00e9si k\u00e9pvisel\u0151.<\/p>\n<p> -Elios \u00e1tok&#8221; s\u00fajtotta t\u00e9rs\u00e9gr\u0151l besz\u00e9l\u00fcnk, ahogy J\u00e1szber\u00e9nyben, \u00fagy Szolnokon is az ut\u00f3bbi id\u0151k legbotr\u00e1nyosabb \u00e9s a k\u00f6z\u00e9letet legjobban felkavar\u00f3 \u00fcgy\u00e9r\u0151l besz\u00e9l\u00fcnk.  K\u00f6sz\u00f6n\u00f6m k\u00e9pvisel\u0151jel\u00f6lt t\u00e1rsamnak, \u00e9s a t\u00f6bbi szolnoki szocialist\u00e1nak, hogy mindent megtettek az\u00e9rt, hogy ezt a magyar k\u00f6z\u00e9let megtudhassa \u00e9s ler\u00e1nthassuk a leplet. &#8211; <\/p>\n<p> Aki korrupci\u00f3mentes, tisztess\u00e9ges, eur\u00f3pai norm\u00e1k szerint \u00e9l\u0151, a nemzeti szuvenerit\u00e1st tisztel\u0151 orsz\u00e1gban szeretne \u00e9lni, annak az  MSZP-P\u00e1rbesz\u00e9dre kell szavaznia \u00e1prilis 8-\u00e1n- folytatta a politikus. Gy\u00f6rfi Mih\u00e1ly t\u00e1j\u00e9koztatott arr\u00f3l is, hogy moln\u00e1r Zsolt javaslat\u00e1ra m\u00e1r m\u0171k\u00f6dik az MSZP  szolnoki irod\u00e1j\u00e1n\u00e1l a karitat\u00edv-doboz, ahova minden nap friss \u00e9lelmiszereket pakolnak, melyet a r\u00e1szorul\u00f3k vihetnek el. <\/p>\n<div style=\"width: 640px;\" class=\"wp-video\"><!--[if lt IE 9]><script>document.createElement('video');<\/script><![endif]-->\n<video class=\"wp-video-shortcode\" id=\"video-8289-1\" width=\"640\" height=\"360\" preload=\"metadata\" controls=\"controls\"><source type=\"video\/mp4\" src=\"\/spots\/hir\/hir_180221_06.mp4?_=1\" \/><a href=\"\/spots\/hir\/hir_180221_06.mp4\">\/spots\/hir\/hir_180221_06.mp4<\/a><\/video><\/div>\n","protected":false},"excerpt":{"rendered":"<p>-Szoci\u00e1lis demokr\u00e1cia&#8221; programmal seg\u00edtene az embereken az MSZP-P\u00e1rbesz\u00e9d. Vissza\u00e1ll\u00edtan\u00e1k a minim\u00e1lb\u00e9r ad\u00f3mentess\u00e9g\u00e9t, hogy az ad\u00f3t is a dolgoz\u00f3k kapj\u00e1k. K\u00e9tszeres\u00e9re emeln\u00e9k a minim\u00e1lnyugd\u00edjakat \u00e9s a szoci\u00e1lis t\u00e1mogat\u00e1sok \u00f6sszeg\u00e9t. 400 \u00faj szoci\u00e1lis b\u00e9rlak\u00e1st \u00e9p\u00edten\u00e9nek, \u00edgy seg\u00edtve a fiatal kisgyermekes csal\u00e1dokat. -Azonnal 30 sz\u00e1zal\u00e9kkal emelj\u00fck a szoci\u00e1lis szf\u00e9ra \u00e9s az eg\u00e9szs\u00e9g\u00fcgyi dolgoz\u00f3k fizet\u00e9s\u00e9t. Valamint k\u00fcl\u00f6n szeretn\u00e9k m\u00e9g [&hellip;]<\/p>\n","protected":false},"author":2,"featured_media":0,"comment_status":"closed","ping_status":"closed","sticky":false,"template":"","format":"standard","meta":[],"categories":[9],"tags":[],"_links":{"self":[{"href":"http:\/\/archiv.szolnoktv.hu\/index.php?rest_route=\/wp\/v2\/posts\/8289"}],"collection":[{"href":"http:\/\/archiv.szolnoktv.hu\/index.php?rest_route=\/wp\/v2\/posts"}],"about":[{"href":"http:\/\/archiv.szolnoktv.hu\/index.php?rest_route=\/wp\/v2\/types\/post"}],"author":[{"embeddable":true,"href":"http:\/\/archiv.szolnoktv.hu\/index.php?rest_route=\/wp\/v2\/users\/2"}],"replies":[{"embeddable":true,"href":"http:\/\/archiv.szolnoktv.hu\/index.php?rest_route=%2Fwp%2Fv2%2Fcomments&post=8289"}],"version-history":[{"count":1,"href":"http:\/\/archiv.szolnoktv.hu\/index.php?rest_route=\/wp\/v2\/posts\/8289\/revisions"}],"predecessor-version":[{"id":8306,"href":"http:\/\/archiv.szolnoktv.hu\/index.php?rest_route=\/wp\/v2\/posts\/8289\/revisions\/8306"}],"wp:attachment":[{"href":"http:\/\/archiv.szolnoktv.hu\/index.php?rest_route=%2Fwp%2Fv2%2Fmedia&parent=8289"}],"wp:term":[{"taxonomy":"category","embeddable":true,"href":"http:\/\/archiv.szolnoktv.hu\/index.php?rest_route=%2Fwp%2Fv2%2Fcategories&post=8289"},{"taxonomy":"post_tag","embeddable":true,"href":"http:\/\/archiv.szolnoktv.hu\/index.php?rest_route=%2Fwp%2Fv2%2Ftags&post=8289"}],"curies":[{"name":"wp","href":"https:\/\/api.w.org\/{rel}","templated":true}]}}