{"id":8288,"date":"2018-02-21T18:08:11","date_gmt":"2018-02-21T18:08:11","guid":{"rendered":"http:\/\/archiv.szolnoktv.hu\/?p=8288"},"modified":"2021-08-13T18:56:12","modified_gmt":"2021-08-13T18:56:12","slug":"19-megye-kepviseloje-latogatott-szolnokra","status":"publish","type":"post","link":"http:\/\/archiv.szolnoktv.hu\/?p=8288","title":{"rendered":"19 megye k\u00e9pvisel\u0151je l\u00e1togatott Szolnokra"},"content":{"rendered":"<div class='booster-block booster-read-block'><\/div><p>A k\u00f6lts\u00e9gvet\u00e9s, valamint a hossz\u00fa t\u00e1v\u00fa strat\u00e9gia elfogad\u00e1sa mellett, a Ter\u00fclet- \u00e9s Telep\u00fcl\u00e9sfejleszt\u00e9si Program eddigi tapasztalatait is \u00f6sszegezt\u00e9k a k\u00f6zgy\u0171l\u00e9s tagjai. A test\u00fclet emellett arr\u00f3l is t\u00e1rgyalt, hogy Magyarorsz\u00e1g 19 megy\u00e9je hossz\u00fat\u00e1von milyen feladatokat \u00e9s szerepet v\u00e1llaljon. <\/p>\n<p>-Van egy nagyszab\u00e1s\u00fa elk\u00e9pzel\u00e9s\u00fcnk, amely a j\u00f6v\u0151vel kapcsolatos: szeretn\u00e9nk megtal\u00e1lni azokat a lehet\u0151s\u00e9geket, amelyek a megyei \u00f6nkorm\u00e1nyzatoknak hossz\u00fa t\u00e1von biztos\u00edtan\u00e1k a feladat \u00e9s a m\u0171k\u00f6d\u00e9shez sz\u00fcks\u00e9ges szempontokat.&#8221;  &#8211;   mondta Feh\u00e9rv\u00e1ri Tam\u00e1s a Megyei \u00d6nkorm\u00e1nyzatok Orsz\u00e1gos Sz\u00f6vets\u00e9g\u00e9nek eln\u00f6ke<\/p>\n<p>A Megyei \u00d6nkorm\u00e1nyzatok Orsz\u00e1gos Sz\u00f6vets\u00e9ge egy strat\u00e9giai program el\u0151k\u00e9sz\u00edt\u00e9s\u00e9n is dolgozik, amelynek az a c\u00e9lja, hogy a megyei \u00f6nkorm\u00e1nyzatok a saj\u00e1t szerep\u00fcket er\u0151s\u00edtve mintegy \u00f6sszek\u00f6t\u0151 kapocsk\u00e9nt seg\u00edts\u00e9k a korm\u00e1nyzat, valamint a telep\u00fcl\u00e9si \u00f6nkorm\u00e1nyzatok k\u00f6z\u00f6tti munk\u00e1t, illetve egy\u00fcttm\u0171k\u00f6d\u00e9st. Erre az\u00e9rt van sz\u00fcks\u00e9g, mert a megyei \u00f6nkorm\u00e1nyzatoknak nagyobb r\u00e1l\u00e1t\u00e1sa van a telep\u00fcl\u00e9seken zajl\u00f3 helyi folyamatokra, illetve k\u00f6zvetlenebb\u00fcl \u00e9s hat\u00e9konyabban tudj\u00e1k koordin\u00e1lni a munk\u00e1t. <\/p>\n<p>Kov\u00e1cs S\u00e1ndor a Megyei \u00d6nkorm\u00e1nyzatok Orsz\u00e1gos Sz\u00f6vets\u00e9g\u00e9nek t\u00e1rseln\u00f6k kiemelte: -Egy er\u0151s k\u00f6z\u00e9pszintet szeretn\u00e9nk, ami biztos\u00edtja az \u00e1tj\u00e1r\u00e1st, biztos\u00edtja a munkamegoszt\u00e1st a korm\u00e1nyzat \u00e9s a telep\u00fcl\u00e9si \u00f6nkorm\u00e1nyzatok k\u00f6z\u00f6tt. Ez mindenk\u00e9ppen seg\u00edts\u00e9g a korm\u00e1nyzati munk\u00e1ban, de nagy seg\u00edts\u00e9g az \u00f6nkorm\u00e1nyzatokn\u00e1l is.&#8221;    <\/p>\n<p>A test\u00fclet emellett a Join Tisza programr\u00f3l el\u0151k\u00e9sz\u00edt\u00e9s\u00e9r\u0151l is t\u00e1rgyalt. A program els\u0151sorban a Tisz\u00e1t, valamint annak h\u00e1rom mell\u00e9kfoly\u00f3j\u00e1t, illetve azok v\u00edzgy\u0171jt\u0151 ter\u00fcleteit \u00e9rinti. A tervezet nem csak a foly\u00f3 menti megy\u00e9k munk\u00e1j\u00e1nak \u00f6sszefog\u00e1s\u00e1r\u00f3l, hanem Rom\u00e1nia \u00e9s Ukrajna bevon\u00e1s\u00e1r\u00f3l is sz\u00f3l. A kezdem\u00e9nyez\u00e9s els\u0151sorban v\u00edzgazd\u00e1lkod\u00e1si \u00e9s k\u00f6rnyezetv\u00e9delmi terveket tartalmaz  &#8211;  a t\u00f6bbi k\u00f6z\u00f6tt a felsz\u00edni \u00e9s felsz\u00edn alatti vizek min\u0151s\u00e9g\u00e9nek meg\u00f3v\u00e1s\u00e1r\u00f3l, illetve a hat\u00e1rokon t\u00falr\u00f3l \u00e9rkez\u0151 szennyez\u00e9sek megakad\u00e1lyoz\u00e1s\u00e1nak \u00e9s az azok elleni fell\u00e9p\u00e9s form\u00e1it is. <\/p>\n<div style=\"width: 640px;\" class=\"wp-video\"><!--[if lt IE 9]><script>document.createElement('video');<\/script><![endif]-->\n<video class=\"wp-video-shortcode\" id=\"video-8288-1\" width=\"640\" height=\"360\" preload=\"metadata\" controls=\"controls\"><source type=\"video\/mp4\" src=\"\/spots\/hir\/hir_180221_03.mp4?_=1\" \/><a href=\"\/spots\/hir\/hir_180221_03.mp4\">\/spots\/hir\/hir_180221_03.mp4<\/a><\/video><\/div>\n","protected":false},"excerpt":{"rendered":"<p>A k\u00f6lts\u00e9gvet\u00e9s, valamint a hossz\u00fa t\u00e1v\u00fa strat\u00e9gia elfogad\u00e1sa mellett, a Ter\u00fclet- \u00e9s Telep\u00fcl\u00e9sfejleszt\u00e9si Program eddigi tapasztalatait is \u00f6sszegezt\u00e9k a k\u00f6zgy\u0171l\u00e9s tagjai. A test\u00fclet emellett arr\u00f3l is t\u00e1rgyalt, hogy Magyarorsz\u00e1g 19 megy\u00e9je hossz\u00fat\u00e1von milyen feladatokat \u00e9s szerepet v\u00e1llaljon. -Van egy nagyszab\u00e1s\u00fa elk\u00e9pzel\u00e9s\u00fcnk, amely a j\u00f6v\u0151vel kapcsolatos: szeretn\u00e9nk megtal\u00e1lni azokat a lehet\u0151s\u00e9geket, amelyek a megyei \u00f6nkorm\u00e1nyzatoknak hossz\u00fa [&hellip;]<\/p>\n","protected":false},"author":2,"featured_media":0,"comment_status":"closed","ping_status":"closed","sticky":false,"template":"","format":"standard","meta":[],"categories":[9],"tags":[],"_links":{"self":[{"href":"http:\/\/archiv.szolnoktv.hu\/index.php?rest_route=\/wp\/v2\/posts\/8288"}],"collection":[{"href":"http:\/\/archiv.szolnoktv.hu\/index.php?rest_route=\/wp\/v2\/posts"}],"about":[{"href":"http:\/\/archiv.szolnoktv.hu\/index.php?rest_route=\/wp\/v2\/types\/post"}],"author":[{"embeddable":true,"href":"http:\/\/archiv.szolnoktv.hu\/index.php?rest_route=\/wp\/v2\/users\/2"}],"replies":[{"embeddable":true,"href":"http:\/\/archiv.szolnoktv.hu\/index.php?rest_route=%2Fwp%2Fv2%2Fcomments&post=8288"}],"version-history":[{"count":1,"href":"http:\/\/archiv.szolnoktv.hu\/index.php?rest_route=\/wp\/v2\/posts\/8288\/revisions"}],"predecessor-version":[{"id":8307,"href":"http:\/\/archiv.szolnoktv.hu\/index.php?rest_route=\/wp\/v2\/posts\/8288\/revisions\/8307"}],"wp:attachment":[{"href":"http:\/\/archiv.szolnoktv.hu\/index.php?rest_route=%2Fwp%2Fv2%2Fmedia&parent=8288"}],"wp:term":[{"taxonomy":"category","embeddable":true,"href":"http:\/\/archiv.szolnoktv.hu\/index.php?rest_route=%2Fwp%2Fv2%2Fcategories&post=8288"},{"taxonomy":"post_tag","embeddable":true,"href":"http:\/\/archiv.szolnoktv.hu\/index.php?rest_route=%2Fwp%2Fv2%2Ftags&post=8288"}],"curies":[{"name":"wp","href":"https:\/\/api.w.org\/{rel}","templated":true}]}}