{"id":8287,"date":"2018-02-21T18:05:29","date_gmt":"2018-02-21T18:05:29","guid":{"rendered":"http:\/\/archiv.szolnoktv.hu\/?p=8287"},"modified":"2021-08-13T18:56:12","modified_gmt":"2021-08-13T18:56:12","slug":"rendszerbe-kerultek-a-koztisztviselok","status":"publish","type":"post","link":"http:\/\/archiv.szolnoktv.hu\/?p=8287","title":{"rendered":"Rendszerbe ker\u00fcltek a k\u00f6ztisztvisel\u0151k<br>"},"content":{"rendered":"<div class='booster-block booster-read-block'><\/div><p>&#8216;<\/p>\n<p>A mintegy 2600 k\u00f6zigazgat\u00e1si tiszts\u00e9gvisel\u0151 nev\u00e9t tartalmaz\u00f3 adatb\u00e1zis haszn\u00e1lat\u00e1t mutatta be a lev\u00e9lt\u00e1r igazgat\u00f3ja. A m\u00e1t\u00f3l el\u00e9rhet\u0151 internetes adatb\u00e1zisban a Kiegyez\u00e9s \u00e9v\u00e9t\u0151l kezdve eg\u00e9szen 1990-ig az \u00f6sszes JNSZ megyei tisztvisel\u0151 neve szerepel. <\/p>\n<p>-Itt f\u0151isp\u00e1nok, alisp\u00e1nok, polg\u00e1rmesterek, j\u00e1r\u00e1si f\u0151jegyz\u0151k, tan\u00e1cseln\u00f6k\u00f6k, vb titk\u00e1rok \u00e9letrajza, illetve a tan\u00e1csi id\u0151szakb\u00f3l k\u00f6zs\u00e9gi tan\u00e1cseln\u00f6k\u00f6k \u00e9s vb titk\u00e1rokra vonatkoz\u00f3 adatok vannak \u00e9s egy\u00e9b vezet\u0151 tiszts\u00e9gek, akik adott t\u00f6rt\u00e9nelmi korszakban l\u00e9teztek.&#8221;  &#8211;   mondta Cs\u00f6nge Attila a megyei lev\u00e9lt\u00e1r igazgat\u00f3ja<\/p>\n<p>Az adatb\u00e1zis els\u0151 v\u00e1ltozata 2013-ban k\u00e9sz\u00fclt el, akkor m\u00e9g csak a k\u00f6ztisztvisel\u0151k neveit, a bet\u00f6lt\u00f6tt tiszts\u00e9geket, valamint hivatal-visel\u00e9s idej\u00e9t tartalmazta. Az elm\u00falt \u00e9vek sor\u00e1n folyamatosan b\u0151v\u00fclt az archont\u00f3l\u00f3giai t\u00e1r, most m\u00e1r a grafikai meg\u00fajul\u00e1s mellett, fellelhet\u0151k a tiszts\u00e9gvisel\u0151k f\u00e9nyk\u00e9pei, illetve mintegy 500 esetben az \u00e9letrajzuk is olvashat\u00f3. A honlapon emellett t\u00f6bb sz\u00e1z f\u00e9nyk\u00e9p is helyet kapott, a t\u00f6bbi k\u00f6z\u00f6tt oklevelek, megb\u00edz\u00f3levelek, halotti bizony\u00edtv\u00e1nyok \u00e9s \u00e9p\u00fcletek is l\u00e1that\u00f3ak a k\u00f6zel m\u00e1sf\u00e9l \u00e9vsz\u00e1zadb\u00f3l. A kutat\u00f3munk\u00e1t a megyei lev\u00e9lt\u00e1r munkat\u00e1rsai v\u00e9gezt\u00e9k, akik mintegy 8 kilom\u00e9ter hossz\u00fa iratanyagot dolgoztak fel.<\/p>\n<p>Dr. F\u00fcl\u00f6p Tam\u00e1s a JNSZ Megyei Lev\u00e9lt\u00e1r egykori igazgat\u00f3ja kiemelte: -Nagyon gyakran hi\u00e1nyos inform\u00e1ci\u00f3kkal is k\u00fczdenek, hiszen a t\u00f6rt\u00e9nelem nagy sorsford\u00edt\u00f3 esem\u00e9nyei, legyen az az &#038;#8217<br \/><\/p>\n","protected":false},"excerpt":{"rendered":"<p>&#8216; A mintegy 2600 k\u00f6zigazgat\u00e1si tiszts\u00e9gvisel\u0151 nev\u00e9t tartalmaz\u00f3 adatb\u00e1zis haszn\u00e1lat\u00e1t mutatta be a lev\u00e9lt\u00e1r igazgat\u00f3ja. A m\u00e1t\u00f3l el\u00e9rhet\u0151 internetes adatb\u00e1zisban a Kiegyez\u00e9s \u00e9v\u00e9t\u0151l kezdve eg\u00e9szen 1990-ig az \u00f6sszes JNSZ megyei tisztvisel\u0151 neve szerepel. -Itt f\u0151isp\u00e1nok, alisp\u00e1nok, polg\u00e1rmesterek, j\u00e1r\u00e1si f\u0151jegyz\u0151k, tan\u00e1cseln\u00f6k\u00f6k, vb titk\u00e1rok \u00e9letrajza, illetve a tan\u00e1csi id\u0151szakb\u00f3l k\u00f6zs\u00e9gi tan\u00e1cseln\u00f6k\u00f6k \u00e9s vb titk\u00e1rokra vonatkoz\u00f3 adatok vannak [&hellip;]<\/p>\n","protected":false},"author":2,"featured_media":0,"comment_status":"closed","ping_status":"closed","sticky":false,"template":"","format":"standard","meta":[],"categories":[9],"tags":[],"_links":{"self":[{"href":"http:\/\/archiv.szolnoktv.hu\/index.php?rest_route=\/wp\/v2\/posts\/8287"}],"collection":[{"href":"http:\/\/archiv.szolnoktv.hu\/index.php?rest_route=\/wp\/v2\/posts"}],"about":[{"href":"http:\/\/archiv.szolnoktv.hu\/index.php?rest_route=\/wp\/v2\/types\/post"}],"author":[{"embeddable":true,"href":"http:\/\/archiv.szolnoktv.hu\/index.php?rest_route=\/wp\/v2\/users\/2"}],"replies":[{"embeddable":true,"href":"http:\/\/archiv.szolnoktv.hu\/index.php?rest_route=%2Fwp%2Fv2%2Fcomments&post=8287"}],"version-history":[{"count":1,"href":"http:\/\/archiv.szolnoktv.hu\/index.php?rest_route=\/wp\/v2\/posts\/8287\/revisions"}],"predecessor-version":[{"id":8308,"href":"http:\/\/archiv.szolnoktv.hu\/index.php?rest_route=\/wp\/v2\/posts\/8287\/revisions\/8308"}],"wp:attachment":[{"href":"http:\/\/archiv.szolnoktv.hu\/index.php?rest_route=%2Fwp%2Fv2%2Fmedia&parent=8287"}],"wp:term":[{"taxonomy":"category","embeddable":true,"href":"http:\/\/archiv.szolnoktv.hu\/index.php?rest_route=%2Fwp%2Fv2%2Fcategories&post=8287"},{"taxonomy":"post_tag","embeddable":true,"href":"http:\/\/archiv.szolnoktv.hu\/index.php?rest_route=%2Fwp%2Fv2%2Ftags&post=8287"}],"curies":[{"name":"wp","href":"https:\/\/api.w.org\/{rel}","templated":true}]}}