{"id":8286,"date":"2018-02-21T18:04:11","date_gmt":"2018-02-21T18:04:11","guid":{"rendered":"http:\/\/archiv.szolnoktv.hu\/?p=8286"},"modified":"2021-08-13T18:56:13","modified_gmt":"2021-08-13T18:56:13","slug":"ulesezett-a-szocialis-bizottsag","status":"publish","type":"post","link":"http:\/\/archiv.szolnoktv.hu\/?p=8286","title":{"rendered":"\u00dcl\u00e9sezett a Szoci\u00e1lis Bizotts\u00e1g"},"content":{"rendered":"<div class='booster-block booster-read-block'><\/div><p>A mai \u00fcl\u00e9sen az eg\u00e9szs\u00e9g\u00fcgyi v\u00e1llalkoz\u00e1sok, illetve szervezetek t\u00e1mogat\u00e1s\u00e1r\u00f3l sz\u00f3l\u00f3 \u00f6nkorm\u00e1nyzati rendelet m\u00f3dos\u00edt\u00e1s\u00e1r\u00f3l szavaztak. A 2017 j\u00fanius\u00e1ban \u00e9letbe l\u00e9pett rendelet c\u00e9lja, a civil szervezetek \u00e9s h\u00e1zi orvosi praxisok t\u00e1mogat\u00e1sa. Pontosan 23 civil szervezet \u00e9s 32 orvosi praxis jutott ebb\u0151l a forr\u00e1sb\u00f3l p\u00e9nzbeli t\u00e1mogat\u00e1shoz.<\/p>\n<p>-2018-ban szint\u00e9n erre a feladatra eg\u00e9szs\u00e9g\u00fcgyi munk\u00e1t v\u00e9gz\u0151 civil szervezetek t\u00e1mogat\u00e1s\u00e1ra, valamivel t\u00f6bb mint 2 milli\u00f3 700 ezer forint van elk\u00fcl\u00f6n\u00edtve. Mag\u00e1ra a civil, illetve a praxisok t\u00e1mogat\u00e1s\u00e1ra pedig- h\u00e1zi orvosi praxisok t\u00e1mogat\u00e1s\u00e1ra- valamivel t\u00f6bb mint 4 milli\u00f3 700 ezer forintot k\u00fcl\u00f6n\u00edtett el a v\u00e1ros.&#8221; -nyilatkozta Tasn\u00e1di Zolt\u00e1n, az Eg\u00e9szs\u00e9g\u00fcgyi, Sport, Turisztikai \u00e9s Szoci\u00e1lis Bizotts\u00e1g eln\u00f6ke.<\/p>\n<p> A rendelet m\u00f3dos\u00edt\u00e1sa arr\u00f3l sz\u00f3l, hogy ebbe a p\u00e1ly\u00e1zati rendszerbe beemelik a nyugd\u00edjas szervezeteket, klubokat is. R\u00e9sz\u00fckre 2 milli\u00f3 forint \u00e1ll rendelkez\u00e9sre az idei \u00e9vben.<\/p>\n<p>-Ami \u00faj elem, az egyed\u00fcl az autista ell\u00e1t\u00e1sra t\u00f6rt\u00e9n\u0151 reag\u00e1l\u00e1s. Ennek az az oka, hogy a k\u00f6znevel\u00e9si int\u00e9zm\u00e9nyek jelz\u00e9se alapj\u00e1n, illet\u0151leg a mostani tendenci\u00e1k alapj\u00e1n megn\u0151tt az autista gyerekek sz\u00e1ma, akik bizonyos id\u0151 ut\u00e1n meg fognak jelenni a szoci\u00e1lis ell\u00e1t\u00e1sban \u00e9s miut\u00e1n nekik speci\u00e1lisabb az ig\u00e9ny\u00fck az ell\u00e1t\u00e1s\u00e1ban, ez\u00e9rt erre kellene reag\u00e1lni.&#8221; -nyilatkozta De\u00e1k S\u00e1ndor, a Szoci\u00e1lis \u00e9s Integr\u00e1ci\u00f3s Oszt\u00e1ly vezet\u0151je.<\/p>\n<p> 2022-24-ig folyamatos az id\u0151sekre ir\u00e1nyul\u00f3 alap-\u00e9s szakell\u00e1t\u00e1s fejleszt\u00e9se- hangzott el a szakbizotts\u00e1g \u00fcl\u00e9s\u00e9n.<\/p>\n<div style=\"width: 640px;\" class=\"wp-video\"><!--[if lt IE 9]><script>document.createElement('video');<\/script><![endif]-->\n<video class=\"wp-video-shortcode\" id=\"video-8286-1\" width=\"640\" height=\"360\" preload=\"metadata\" controls=\"controls\"><source type=\"video\/mp4\" src=\"\/spots\/hir\/hir_180221_02.mp4?_=1\" \/><a href=\"\/spots\/hir\/hir_180221_02.mp4\">\/spots\/hir\/hir_180221_02.mp4<\/a><\/video><\/div>\n","protected":false},"excerpt":{"rendered":"<p>A mai \u00fcl\u00e9sen az eg\u00e9szs\u00e9g\u00fcgyi v\u00e1llalkoz\u00e1sok, illetve szervezetek t\u00e1mogat\u00e1s\u00e1r\u00f3l sz\u00f3l\u00f3 \u00f6nkorm\u00e1nyzati rendelet m\u00f3dos\u00edt\u00e1s\u00e1r\u00f3l szavaztak. A 2017 j\u00fanius\u00e1ban \u00e9letbe l\u00e9pett rendelet c\u00e9lja, a civil szervezetek \u00e9s h\u00e1zi orvosi praxisok t\u00e1mogat\u00e1sa. Pontosan 23 civil szervezet \u00e9s 32 orvosi praxis jutott ebb\u0151l a forr\u00e1sb\u00f3l p\u00e9nzbeli t\u00e1mogat\u00e1shoz. -2018-ban szint\u00e9n erre a feladatra eg\u00e9szs\u00e9g\u00fcgyi munk\u00e1t v\u00e9gz\u0151 civil szervezetek t\u00e1mogat\u00e1s\u00e1ra, valamivel [&hellip;]<\/p>\n","protected":false},"author":2,"featured_media":0,"comment_status":"closed","ping_status":"closed","sticky":false,"template":"","format":"standard","meta":[],"categories":[9],"tags":[],"_links":{"self":[{"href":"http:\/\/archiv.szolnoktv.hu\/index.php?rest_route=\/wp\/v2\/posts\/8286"}],"collection":[{"href":"http:\/\/archiv.szolnoktv.hu\/index.php?rest_route=\/wp\/v2\/posts"}],"about":[{"href":"http:\/\/archiv.szolnoktv.hu\/index.php?rest_route=\/wp\/v2\/types\/post"}],"author":[{"embeddable":true,"href":"http:\/\/archiv.szolnoktv.hu\/index.php?rest_route=\/wp\/v2\/users\/2"}],"replies":[{"embeddable":true,"href":"http:\/\/archiv.szolnoktv.hu\/index.php?rest_route=%2Fwp%2Fv2%2Fcomments&post=8286"}],"version-history":[{"count":1,"href":"http:\/\/archiv.szolnoktv.hu\/index.php?rest_route=\/wp\/v2\/posts\/8286\/revisions"}],"predecessor-version":[{"id":8309,"href":"http:\/\/archiv.szolnoktv.hu\/index.php?rest_route=\/wp\/v2\/posts\/8286\/revisions\/8309"}],"wp:attachment":[{"href":"http:\/\/archiv.szolnoktv.hu\/index.php?rest_route=%2Fwp%2Fv2%2Fmedia&parent=8286"}],"wp:term":[{"taxonomy":"category","embeddable":true,"href":"http:\/\/archiv.szolnoktv.hu\/index.php?rest_route=%2Fwp%2Fv2%2Fcategories&post=8286"},{"taxonomy":"post_tag","embeddable":true,"href":"http:\/\/archiv.szolnoktv.hu\/index.php?rest_route=%2Fwp%2Fv2%2Ftags&post=8286"}],"curies":[{"name":"wp","href":"https:\/\/api.w.org\/{rel}","templated":true}]}}