{"id":8285,"date":"2018-02-21T18:02:00","date_gmt":"2018-02-21T18:02:00","guid":{"rendered":"http:\/\/archiv.szolnoktv.hu\/?p=8285"},"modified":"2021-08-13T18:56:13","modified_gmt":"2021-08-13T18:56:13","slug":"ellenorzo-bizottsag-2","status":"publish","type":"post","link":"http:\/\/archiv.szolnoktv.hu\/?p=8285","title":{"rendered":"Ellen\u0151rz\u0151 bizotts\u00e1g"},"content":{"rendered":"<div class='booster-block booster-read-block'><\/div><p>A V\u00e1rosh\u00e1za egykor dohos, vizes pinc\u00e9j\u00e9ben alak\u00edtott\u00e1k ki a S\u00f6r\u00e1riumot, ami 520 milli\u00f3 forintb\u00f3l val\u00f3sult meg. Az egyedi s\u00f6r\u00f6ket, \u00e9teleket \u00e9s interakt\u00edv \u00e9lm\u00e9nyeket k\u00edn\u00e1l\u00f3 int\u00e9zm\u00e9ny m\u0171k\u00f6dtet\u00e9s\u00e9t  -k\u00fcls\u0151 \u00fczemeltet\u0151 hi\u00e1nya miatt- 2016 j\u00falius\u00e1ban a V\u00e1rosfejleszt\u0151 Zrt. vette \u00e1t, amit Szolnok K\u00f6zgy\u0171l\u00e9se hagyott j\u00f3v\u00e1. Az ellen\u0151rz\u0151 bizotts\u00e1g a S\u00f6r\u00e1rium m\u0171k\u00f6d\u00e9s\u00e9nek szab\u00e1lyoss\u00e1g\u00e1t a 2017 janu\u00e1r 1-t\u0151l szeptember 1-ig tart\u00f3 id\u0151szakra n\u00e9zve vizsg\u00e1lta, emelete ki a bizotts\u00e1g eln\u00f6ke. <\/p>\n<p>-A legfontosabb, hogy a V\u00e1rosfejleszt\u0151 Zrt. bevont egy k\u00fcls\u0151 partnert az \u00e9tterem \u00e9s a m\u00fazeum \u00fczemeltet\u00e9s\u00e9hez. A partner meg\u00e1llapod\u00e1s sok h\u00e1tr\u00e1nyt okozott a Zrt-nek. Szerintem ennek a szerz\u0151d\u00e9snek nem volt szerencs\u00e9s a megk\u00f6t\u00e9se, azt is meg kell vizsg\u00e1lni, hogy volt-e jogosults\u00e1g ennek megk\u00f6t\u00e9s\u00e9re.&#8221;- mondta az ellen\u0151rz\u0151 bizotts\u00e1g eln\u00f6ke Rad\u00f3cz Zolt\u00e1n. <\/p>\n<p>Az ellen\u0151rz\u00e9s sor\u00e1n az elsz\u00e1molt k\u00f6lts\u00e9geket \u00e9s bev\u00e9teleket vizsg\u00e1lt\u00e1k. Rad\u00f3cz Zolt\u00e1n elmondta, hogy az \u00e9tterem alapanyagait a Zrt. sz\u00e1ml\u00e1j\u00e1ra szerezt\u00e9k be azonban megfelel\u0151 k\u00e9szletnyilv\u00e1ntart\u00e1st a dolgoz\u00f3k nem vezettek. A bizotts\u00e1g eln\u00f6ke a tavaly janu\u00e1rban t\u00f6rt\u00e9nt k\u00e9t v\u00edzbet\u00f6r\u00e9s k\u00f6vetkezm\u00e9nyeir\u0151l is besz\u00e1molt.<\/p>\n<p> -K\u00fcls\u0151 szigetel\u00e9se van a S\u00f6r\u00e1riumnak, a S\u00f6r\u00e1rium eg\u00e9sz\u00e9nek \u00e9s a V\u00e1rosh\u00e1za pinc\u00e9j\u00e9nek, de ezen kereszt\u00fcl bet\u00f6rt a v\u00edz \u00e9s mintegy 6 \u00e9s f\u00e9lmilli\u00f3 forintot kellett a v\u00e1rosnak kifizetnie arra, hogy helyre \u00e1ll\u00edttassa ezt. Sajnos ez nem lett garanci\u00e1lis ez\u00e9rt a bizotts\u00e1g azt fogja javasolni, hogy n\u00e9zz\u00fck meg mindenk\u00e9ppen, hogy a projekt keret\u00e9ben elk\u00e9sz\u00fclt szigetel\u00e9s megfelel-e, hiszen ha k\u00e9s\u0151bb is lesznek ilyen bet\u00f6r\u00e9sek, azok s\u00falyos milli\u00f3kba ker\u00fclhetnek a v\u00e1rosban.&#8221;- tette hozz\u00e1 az ellen\u0151rz\u0151 bizotts\u00e1g eln\u00f6ke. <\/p>\n<p>Rad\u00f3cz Zolt\u00e1n azt is, hozz\u00e1 tette, hogy rem\u00e9lik biztos\u00edt\u00e1s keret\u00e9ben a 6 \u00e9s f\u00e9l milli\u00f3 forintot a v\u00e1ros vissza kapja.<br \/>\n<br \/>\n<div style=\"width: 640px;\" class=\"wp-video\"><!--[if lt IE 9]><script>document.createElement('video');<\/script><![endif]-->\n<video class=\"wp-video-shortcode\" id=\"video-8285-1\" width=\"640\" height=\"360\" preload=\"metadata\" controls=\"controls\"><source type=\"video\/mp4\" src=\"\/spots\/hir\/hir_180221_07.mp4?_=1\" \/><a href=\"\/spots\/hir\/hir_180221_07.mp4\">\/spots\/hir\/hir_180221_07.mp4<\/a><\/video><\/div><\/p>\n","protected":false},"excerpt":{"rendered":"<p>A V\u00e1rosh\u00e1za egykor dohos, vizes pinc\u00e9j\u00e9ben alak\u00edtott\u00e1k ki a S\u00f6r\u00e1riumot, ami 520 milli\u00f3 forintb\u00f3l val\u00f3sult meg. Az egyedi s\u00f6r\u00f6ket, \u00e9teleket \u00e9s interakt\u00edv \u00e9lm\u00e9nyeket k\u00edn\u00e1l\u00f3 int\u00e9zm\u00e9ny m\u0171k\u00f6dtet\u00e9s\u00e9t -k\u00fcls\u0151 \u00fczemeltet\u0151 hi\u00e1nya miatt- 2016 j\u00falius\u00e1ban a V\u00e1rosfejleszt\u0151 Zrt. vette \u00e1t, amit Szolnok K\u00f6zgy\u0171l\u00e9se hagyott j\u00f3v\u00e1. Az ellen\u0151rz\u0151 bizotts\u00e1g a S\u00f6r\u00e1rium m\u0171k\u00f6d\u00e9s\u00e9nek szab\u00e1lyoss\u00e1g\u00e1t a 2017 janu\u00e1r 1-t\u0151l szeptember 1-ig [&hellip;]<\/p>\n","protected":false},"author":2,"featured_media":0,"comment_status":"closed","ping_status":"closed","sticky":false,"template":"","format":"standard","meta":[],"categories":[9],"tags":[],"_links":{"self":[{"href":"http:\/\/archiv.szolnoktv.hu\/index.php?rest_route=\/wp\/v2\/posts\/8285"}],"collection":[{"href":"http:\/\/archiv.szolnoktv.hu\/index.php?rest_route=\/wp\/v2\/posts"}],"about":[{"href":"http:\/\/archiv.szolnoktv.hu\/index.php?rest_route=\/wp\/v2\/types\/post"}],"author":[{"embeddable":true,"href":"http:\/\/archiv.szolnoktv.hu\/index.php?rest_route=\/wp\/v2\/users\/2"}],"replies":[{"embeddable":true,"href":"http:\/\/archiv.szolnoktv.hu\/index.php?rest_route=%2Fwp%2Fv2%2Fcomments&post=8285"}],"version-history":[{"count":1,"href":"http:\/\/archiv.szolnoktv.hu\/index.php?rest_route=\/wp\/v2\/posts\/8285\/revisions"}],"predecessor-version":[{"id":8310,"href":"http:\/\/archiv.szolnoktv.hu\/index.php?rest_route=\/wp\/v2\/posts\/8285\/revisions\/8310"}],"wp:attachment":[{"href":"http:\/\/archiv.szolnoktv.hu\/index.php?rest_route=%2Fwp%2Fv2%2Fmedia&parent=8285"}],"wp:term":[{"taxonomy":"category","embeddable":true,"href":"http:\/\/archiv.szolnoktv.hu\/index.php?rest_route=%2Fwp%2Fv2%2Fcategories&post=8285"},{"taxonomy":"post_tag","embeddable":true,"href":"http:\/\/archiv.szolnoktv.hu\/index.php?rest_route=%2Fwp%2Fv2%2Ftags&post=8285"}],"curies":[{"name":"wp","href":"https:\/\/api.w.org\/{rel}","templated":true}]}}